{"id":21722,"date":"2016-03-06T14:54:41","date_gmt":"2016-03-06T20:54:41","guid":{"rendered":"http:\/\/www.lospoliticosveracruz.com.mx\/?p=21722"},"modified":"2016-03-06T14:54:41","modified_gmt":"2016-03-06T20:54:41","slug":"8-de-marzo-los-pendientes","status":"publish","type":"post","link":"https:\/\/lospoliticosveracruz.com.mx\/?p=21722","title":{"rendered":"8 de marzo&#8230; los pendientes"},"content":{"rendered":"<p><a href=\"http:\/\/www.lospoliticosveracruz.com.mx\/wp-content\/uploads\/2016\/03\/Elena-C\u00f3rdova-Molina.jpg\"><img loading=\"lazy\" decoding=\"async\" class=\"alignnone size-medium wp-image-21723\" src=\"http:\/\/www.lospoliticosveracruz.com.mx\/wp-content\/uploads\/2016\/03\/Elena-C\u00f3rdova-Molina-300x209.jpg\" alt=\"Elena C\u00f3rdova Molina\" width=\"300\" height=\"209\" \/><\/a><\/p>\n<p><strong>Elena C\u00f3rdova<\/strong><br \/>\n<em>Luna Nueva<\/em><br \/>\nComo cada a\u00f1o, desde que se instaur\u00f3 esta fecha para conmemorar a las mujeres de gran parte del mundo y especialmente en M\u00e9xico, no sobran los reconocimientos, festejos y dem\u00e1s, hacia nuestro g\u00e9nero femenino.<br \/>\nA mis a\u00f1os, reconozco que, en la zona rural, indudablemente se ha escrito gran parte de la historia de M\u00e9xico. Mis ra\u00edces est\u00e1n fincadas en este sector, lo cual me hace sentir muy afortunada en este momento y siempre. Mi familia, mis padres, mis abuelos, me ense\u00f1aron el valor y el significado de todo lo que representa el campo: la agricultura, la ganader\u00eda, la pesca, etc\u00e9tera; y lo que es vivir de ello, en un sentido de autosuficiencia alimentaria, inclusive patrimonial.<br \/>\nRecuerdo mucho de mi madre el valor de ser productiva, de ser emprendedora, de ser generadora. Buscando alternativas para mejorar sus condiciones de vida y la de su familia&#8230; como lo m\u00e1s prioritario&#8230; Lo que m\u00e1s le importaba a ella. Suced\u00eda igual, porque las o\u00eda platicar entre ellas, con las dem\u00e1s mujeres de mi ejido \u2013casi todas jefas de familia\u2013 de c\u00f3mo se organizaban, por decirlo as\u00ed, qu\u00e9 estrategias utilizaban para que les rindiera m\u00e1s su comida, su despensa; lo que hab\u00edan de tener como provisiones para un buen tiempo y que no les faltara nada a sus hijos, a su familia. Dijeran los economistas, la buena administraci\u00f3n de los recursos es importante, puesto que \u00e9stos son escasos y muy limitados, m\u00e1xime, como siempre ha pasado, con la gente que vive en y del campo.<br \/>\nDesde hace cinco meses, tengo la fortuna de desempe\u00f1ar el cargo de secretaria de Acci\u00f3n Femenil de la Confederaci\u00f3n Nacional Campesina (CNC) en el estado de Veracruz, espacio desde donde sigo enriqueciendo mi acervo cultural con el \u00e1rea rural. Durante este corto tiempo he logrado platicar con mucha gente del campo, como son los empresarios ganaderos \u2013perd\u00f3n por la cita, pero no puedo evitar nombrar al dirigente de la CNC, Juan Carlos Molina y a su esposa, Rosy Gu\u00edzar, quienes recientemente participaron en el Houston Livestock Show and Rodeo, siendo los primeros mexicanos en llegar a este importante concurso represent\u00e1ndonos a trav\u00e9s de la Ganader\u00eda Rosa del Alba\u2013, agroindustriales como tambi\u00e9n proveedores de insumos agr\u00edcolas y m\u00e1s a\u00fan, con los peque\u00f1os productores. Los campesinos son, a mi juicio, la columna vertebral del campo mexicano y veracruzano.<br \/>\nDe los temas que hemos tocado, hay una gran coincidencia en que las mujeres rurales no han sido reconocidas con justicia en la gran labor que desempe\u00f1an al lado de su compa\u00f1ero o esposo, pues ellas tambi\u00e9n se han incorporado como una fuerza laboral, dejando atr\u00e1s su papel secundario de ser las encargadas de la preparaci\u00f3n de los alimentos y el cuidado de la econom\u00eda familiar. Ahora son trabajadoras rurales, que lo mismo agarran el azad\u00f3n, el machete, hasta manejar un tractor o un cami\u00f3n de gran capacidad de carga, lo que destaca su importancia en el presente en la econom\u00eda primaria del pa\u00eds. Coincidimos tambi\u00e9n en que no han bastado los programas asistenciales para disminuir la migraci\u00f3n, pues s\u00e9pase que hay muchos municipios con una gran carencia de hombres y son ellas quienes se han convertido en verdaderas y en toda la extensi\u00f3n de la palabra, jefas de familia.<br \/>\nMuchos no lo saben, pero la mujer campesina representa m\u00e1s de la mitad de la poblaci\u00f3n rural en este pa\u00eds, y con ellas existen muchos pendientes en materia de derechos humanos, equidad de g\u00e9nero, distribuci\u00f3n de la riqueza, salud, educaci\u00f3n y m\u00e1s\u2026 lo s\u00e9 bien, porque de all\u00e1 vengo.<\/p>\n","protected":false},"excerpt":{"rendered":"<p>Elena C\u00f3rdova Luna Nueva Como cada a\u00f1o, desde que se instaur\u00f3 esta fecha para conmemorar a las mujeres de gran parte del mundo y especialmente en M\u00e9xico, no sobran los reconocimientos, festejos y dem\u00e1s, hacia nuestro g\u00e9nero femenino. A mis a\u00f1os, reconozco que, en la zona rural, indudablemente se ha escrito gran parte de la [&hellip;]<\/p>\n","protected":false},"author":2,"featured_media":0,"comment_status":"open","ping_status":"open","sticky":false,"template":"","format":"standard","meta":{"_jetpack_newsletter_access":"","_jetpack_dont_email_post_to_subs":false,"_jetpack_newsletter_tier_id":0,"_jetpack_memberships_contains_paywalled_content":false,"_jetpack_memberships_contains_paid_content":false,"footnotes":""},"categories":[70],"tags":[4994,4452,4993],"class_list":["post-21722","post","type-post","status-publish","format-standard","hentry","category-de-opinion","tag-dia-de-las-mujeres","tag-elena-cordova","tag-luna-nueva"],"jetpack_featured_media_url":"","jetpack_sharing_enabled":true,"jetpack_shortlink":"https:\/\/wp.me\/p4Qcd3-5Em","_links":{"self":[{"href":"https:\/\/lospoliticosveracruz.com.mx\/index.php?rest_route=\/wp\/v2\/posts\/21722","targetHints":{"allow":["GET"]}}],"collection":[{"href":"https:\/\/lospoliticosveracruz.com.mx\/index.php?rest_route=\/wp\/v2\/posts"}],"about":[{"href":"https:\/\/lospoliticosveracruz.com.mx\/index.php?rest_route=\/wp\/v2\/types\/post"}],"author":[{"embeddable":true,"href":"https:\/\/lospoliticosveracruz.com.mx\/index.php?rest_route=\/wp\/v2\/users\/2"}],"replies":[{"embeddable":true,"href":"https:\/\/lospoliticosveracruz.com.mx\/index.php?rest_route=%2Fwp%2Fv2%2Fcomments&post=21722"}],"version-history":[{"count":1,"href":"https:\/\/lospoliticosveracruz.com.mx\/index.php?rest_route=\/wp\/v2\/posts\/21722\/revisions"}],"predecessor-version":[{"id":21724,"href":"https:\/\/lospoliticosveracruz.com.mx\/index.php?rest_route=\/wp\/v2\/posts\/21722\/revisions\/21724"}],"wp:attachment":[{"href":"https:\/\/lospoliticosveracruz.com.mx\/index.php?rest_route=%2Fwp%2Fv2%2Fmedia&parent=21722"}],"wp:term":[{"taxonomy":"category","embeddable":true,"href":"https:\/\/lospoliticosveracruz.com.mx\/index.php?rest_route=%2Fwp%2Fv2%2Fcategories&post=21722"},{"taxonomy":"post_tag","embeddable":true,"href":"https:\/\/lospoliticosveracruz.com.mx\/index.php?rest_route=%2Fwp%2Fv2%2Ftags&post=21722"}],"curies":[{"name":"wp","href":"https:\/\/api.w.org\/{rel}","templated":true}]}}