{"id":21943,"date":"2016-03-13T20:21:42","date_gmt":"2016-03-14T02:21:42","guid":{"rendered":"http:\/\/www.lospoliticosveracruz.com.mx\/?p=21943"},"modified":"2016-03-13T20:21:42","modified_gmt":"2016-03-14T02:21:42","slug":"duarte-roba-camara-en-evento-priista","status":"publish","type":"post","link":"https:\/\/lospoliticosveracruz.com.mx\/?p=21943","title":{"rendered":"Duarte roba c\u00e1mara en evento priista"},"content":{"rendered":"<p><a href=\"http:\/\/www.lospoliticosveracruz.com.mx\/wp-content\/uploads\/2016\/03\/Javier-Duarte-H\u00e9ctor-Yunes.jpg\"><img loading=\"lazy\" decoding=\"async\" class=\"alignnone size-medium wp-image-21947\" src=\"http:\/\/www.lospoliticosveracruz.com.mx\/wp-content\/uploads\/2016\/03\/Javier-Duarte-H\u00e9ctor-Yunes-300x200.jpg\" alt=\"Javier Duarte H\u00e9ctor Yunes\" width=\"300\" height=\"200\" \/><\/a><br \/>\n<strong>Luis Alberto Romero<\/strong><\/p>\n<p><em>Hora Cero<\/em><\/p>\n<p>Este domingo fue el \u00faltimo d\u00eda de las precampa\u00f1as pol\u00edticas, en el marco de la sucesi\u00f3n veracruzana; en un multitudinario evento, ante un World Trade Center abarrotado, H\u00e9ctor Yunes Landa rindi\u00f3 protesta como candidato del Revolucionario Institucional (y por tanto, de la alianza con los partidos Verde, Panal, Ave y Cardenista).<br \/>\nA Yunes Landa le arrop\u00f3 la clase priista: en Veracruz estuvo el dirigente nacional, Manlio Fabio Beltrones; el coordinador de la bancada en el Senado de la Rep\u00fablica, Emilio Gamboa Patr\u00f3n; el ex gobernador Miguel Alem\u00e1n; el mandatario chiapaneco, Manuel Velasco Coello; y hasta el actual ejecutivo veracruzano, Javier Duarte de Ochoa, quien se hab\u00eda convertido en blanco de los recientes petardos del candidato del PRI, en un evidente intento de deslinde.<br \/>\nTal vez debido al morbo que despertaba, la presencia del gobernador del estado fue la que m\u00e1s miradas acapar\u00f3 en el evento priista, sobre todo porque un par de semanas antes, el hoy abanderado del partido hab\u00eda hecho sonar los tambores de guerra contra el ejecutivo, al que calific\u00f3 como un lastre para su campa\u00f1a.<br \/>\nEse \u201clastre\u201d termin\u00f3 por asistir al evento de toma de protesta del candidato; analistas de la pol\u00edtica estiman que la presencia, y el irremediable v\u00ednculo, representa un golpe para la campa\u00f1a de Yunes Landa.<br \/>\nAun as\u00ed, Duarte de Ochoa no tuvo que tragar sapos, ni soportar muestras de desprecio o abucheos; al contrario, recibi\u00f3 un trato cordial de quienes saben que el gobernador ya tiene preparadas las maletas, porque dentro de poco m\u00e1s de siete meses tendr\u00e1 que entregar la estafeta y abandonar la Casa Veracruz.<br \/>\nJavier Duarte ha recibido fuertes golpes medi\u00e1ticos; en t\u00e9rminos de opini\u00f3n p\u00fablica es un personaje lastimado; sin embargo, los priistas, acostumbrados como est\u00e1n a la disciplina y a la institucionalidad, saben que sigue siendo el gobernador del estado.<br \/>\nEn el evento, por supuesto, no faltaron los dirigentes de los sectores y las organizaciones del partido. Miles vitorearon a su candidato, a quien, contrario a lo que uno podr\u00eda esperar, no se le observ\u00f3 euf\u00f3rico; de hecho, la sonrisa parec\u00eda forzada y el rostro, desencajado; hay quien interpret\u00f3 los gestos del candidato como producto de la incomodidad por la presencia del ejecutivo; sin embargo, tambi\u00e9n hubo especulaciones, durante el d\u00eda, en el sentido de que al PRI y su candidato no le estar\u00edan saliendo bien las cosas, a dos meses y medio de la jornada electoral.<\/p>\n<p><strong>La encuesta de Yunes y la ventaja panista<\/strong><br \/>\nPor otro lado, justo mientras Manlio Fabio Beltrones levantaba el brazo al candidato priista a gobernador del estado, Miguel \u00c1ngel Yunes Linares, aspirante de Acci\u00f3n Nacional, se reun\u00eda con la prensa estatal para presentar los resultados de la encuesta que levant\u00f3 la empresa Votia, una de las casas que m\u00e1s ha ganado prestigio nacional por sus trabajos y su aproximaci\u00f3n a los resultados finales de las contiendas.<br \/>\nEn s\u00edntesis, la encuesta presentada por Miguel \u00c1ngel Yunes ofrece los siguientes resultados en cuanto a preferencia bruta: alianza PAN-PRD, 33 puntos porcentuales; PRI-PVEM-Panal-Ave-PC, 25; Morena, 15; candidatos independientes, 4; y Movimiento Ciudadano, 2 por ciento; en tanto que el 19 por ciento de los encuestados no respondi\u00f3.<br \/>\nEn preferencia efectiva, PAN-PRD aparece muy arriba, con 41 por ciento; PRI y sus aliados, 31; Morena, 19; los candidatos independientes, 5; y Movimiento Ciudadano, 2 por ciento.<br \/>\nDe ese trabajo se desprende una muy amplia delantera de Acci\u00f3n Nacional sobre el PRI, diez puntos porcentuales que podr\u00edan parecer determinantes e irreversibles; sin embargo, a casi 80 d\u00edas de la jornada electoral del 5 de junio, nada se puede dar por descontado (recordamos la impresionante ventaja que pr\u00e1cticamente todas las casas encuestadoras atribu\u00edan al entonces candidato perredista, Andr\u00e9s Manuel L\u00f3pez Obrador, en la elecci\u00f3n de 2006, sobre el panista Felipe Calder\u00f3n).<br \/>\nLo importante, por otro lado, es que la estrategia del panista en el sentido de enfocar sus bater\u00edas, sus ataques y cr\u00edticas al actual gobernador veracruzano, parece rendir frutos y puntos a favor en las preferencias ciudadanas.<br \/>\nSin duda, el Partido Revolucionario Institucional, el candidato H\u00e9ctor Yunes Landa, el equipo priista de la campa\u00f1a, los aliados y el propio gobierno del estado, deber\u00e1n trabajar a marchas forzadas; unos, para modificar la estrategia y revertir la tendencia \u2013de ser cierta\u2013; y los otros, para evitar el impacto del desgaste gubernamental en la imagen del abanderado priista.<\/p>\n<p><strong>Xalapa, capacidad de negociaci\u00f3n<\/strong><br \/>\nDemostrando que con disposici\u00f3n al di\u00e1logo se logran buenos acuerdos, el alcalde Am\u00e9rico Z\u00fa\u00f1iga Mart\u00ednez puso nuevamente su capacidad de negociaci\u00f3n para convenir con el sindicato de la Confederaci\u00f3n Revolucionaria de Obreros y Campesinos (CROC) un aumento directo de 4.5 por ciento al salario y 8 por ciento a prestaciones de trabajadores del Ayuntamiento.<br \/>\nAl firmarse las Condiciones de Trabajo que garantizan el cumplimiento de los acuerdos, el alcalde xalape\u00f1o se pronunci\u00f3 por una administraci\u00f3n exenta de conflictos laborales. Con esto, todos ganan, los trabajadores, el gobierno y la ciudadan\u00eda, teniendo todos certidumbre y mejoramiento en sus prestaciones y en la calidad del servicio. Por cierto que este acuerdo es el mayor incremento salarial ofrecido este a\u00f1o por una instituci\u00f3n de la entidad a sus sindicatos. Nada menor este acuerdo. @luisromero85<\/p>\n","protected":false},"excerpt":{"rendered":"<p>Luis Alberto Romero Hora Cero Este domingo fue el \u00faltimo d\u00eda de las precampa\u00f1as pol\u00edticas, en el marco de la sucesi\u00f3n veracruzana; en un multitudinario evento, ante un World Trade Center abarrotado, H\u00e9ctor Yunes Landa rindi\u00f3 protesta como candidato del Revolucionario Institucional (y por tanto, de la alianza con los partidos Verde, Panal, Ave y [&hellip;]<\/p>\n","protected":false},"author":2,"featured_media":0,"comment_status":"open","ping_status":"open","sticky":false,"template":"","format":"standard","meta":{"_jetpack_newsletter_access":"","_jetpack_dont_email_post_to_subs":false,"_jetpack_newsletter_tier_id":0,"_jetpack_memberships_contains_paywalled_content":false,"_jetpack_memberships_contains_paid_content":false,"footnotes":""},"categories":[70],"tags":[539,348,260,2669],"class_list":["post-21943","post","type-post","status-publish","format-standard","hentry","category-de-opinion","tag-americo-zuniga-martinez","tag-hector-yunes-landa","tag-javier-duarte-de-ochoa","tag-luis-alberto-romero"],"jetpack_featured_media_url":"","jetpack_sharing_enabled":true,"jetpack_shortlink":"https:\/\/wp.me\/p4Qcd3-5HV","_links":{"self":[{"href":"https:\/\/lospoliticosveracruz.com.mx\/index.php?rest_route=\/wp\/v2\/posts\/21943","targetHints":{"allow":["GET"]}}],"collection":[{"href":"https:\/\/lospoliticosveracruz.com.mx\/index.php?rest_route=\/wp\/v2\/posts"}],"about":[{"href":"https:\/\/lospoliticosveracruz.com.mx\/index.php?rest_route=\/wp\/v2\/types\/post"}],"author":[{"embeddable":true,"href":"https:\/\/lospoliticosveracruz.com.mx\/index.php?rest_route=\/wp\/v2\/users\/2"}],"replies":[{"embeddable":true,"href":"https:\/\/lospoliticosveracruz.com.mx\/index.php?rest_route=%2Fwp%2Fv2%2Fcomments&post=21943"}],"version-history":[{"count":1,"href":"https:\/\/lospoliticosveracruz.com.mx\/index.php?rest_route=\/wp\/v2\/posts\/21943\/revisions"}],"predecessor-version":[{"id":21948,"href":"https:\/\/lospoliticosveracruz.com.mx\/index.php?rest_route=\/wp\/v2\/posts\/21943\/revisions\/21948"}],"wp:attachment":[{"href":"https:\/\/lospoliticosveracruz.com.mx\/index.php?rest_route=%2Fwp%2Fv2%2Fmedia&parent=21943"}],"wp:term":[{"taxonomy":"category","embeddable":true,"href":"https:\/\/lospoliticosveracruz.com.mx\/index.php?rest_route=%2Fwp%2Fv2%2Fcategories&post=21943"},{"taxonomy":"post_tag","embeddable":true,"href":"https:\/\/lospoliticosveracruz.com.mx\/index.php?rest_route=%2Fwp%2Fv2%2Ftags&post=21943"}],"curies":[{"name":"wp","href":"https:\/\/api.w.org\/{rel}","templated":true}]}}