{"id":21954,"date":"2016-03-13T21:01:29","date_gmt":"2016-03-14T03:01:29","guid":{"rendered":"http:\/\/www.lospoliticosveracruz.com.mx\/?p=21954"},"modified":"2016-03-13T21:01:29","modified_gmt":"2016-03-14T03:01:29","slug":"los-yunes-candidatos","status":"publish","type":"post","link":"https:\/\/lospoliticosveracruz.com.mx\/?p=21954","title":{"rendered":"Los Yunes, candidatos"},"content":{"rendered":"<p><a href=\"http:\/\/www.lospoliticosveracruz.com.mx\/wp-content\/uploads\/2016\/03\/H\u00e9ctor-Yunes-Landa2.jpg\"><img loading=\"lazy\" decoding=\"async\" class=\"alignnone size-medium wp-image-21956\" src=\"http:\/\/www.lospoliticosveracruz.com.mx\/wp-content\/uploads\/2016\/03\/H\u00e9ctor-Yunes-Landa2-300x202.jpg\" alt=\"H\u00e9ctor Yunes Landa\" width=\"300\" height=\"202\" \/><\/a><br \/>\n<strong>Salvador Mu\u00f1oz<\/strong><\/p>\n<p><em>Los Pol\u00edticos<\/em><\/p>\n<p>Tanto la candidatura de H\u00e9ctor Yunes como la de Miguel \u00c1ngel Yunes son parte de una cr\u00f3nica anunciada\u2026 nada nuevo\u2026 bueno, casi nada.<br \/>\nPrimero, porque H\u00e9ctor lo vivi\u00f3 desde el s\u00e1bado, en Xalapa, cuando el AVE lo design\u00f3 candidato en acto multitudinario celebrado en el Museo Interactivo de Xalapa, y este domingo, en Boca del R\u00edo, lo designan con la plana mayor del PRI, tanto nacional como local; mientras que Miguel \u00c1ngel igual celebr\u00f3 su cierre de precampa\u00f1a ayer, pero m\u00e1s discret\u00f3n.<br \/>\nAunque la diferencia entre estos dos candidatos no s\u00f3lo estriba en los partidos que los postulan y el m\u00fasculo que muestra cada uno, sino tambi\u00e9n en las condiciones en que llegan\u2026 para ello, quiz\u00e1s hay que recordar un poco el pasado para tratar de entenderlos, comprender sus aspiraciones y a veces hasta su comportamiento.<br \/>\nII<br \/>\nEn el acto priista en el World Trade Center, dicen los que estuvieron, la experiencia y capacidad de H\u00e9ctor Yunes Landa fue reconocida y valorada por los principales dirigentes del PRI, que ven en \u00e9l, capacidad para ganar la contienda electoral de este 5 de junio. Presentes, sus ex jefes: Miguel Alem\u00e1n Velazco, ex gobernador de Veracruz; Manlio Fabio Beltrones, dirigente nacional del PRI, y Emilio Gamboa Patr\u00f3n, senador. Los tres saben, y han comprobado, que H\u00e9ctor es un hombre de lealtades, por lo que le refrendan su confianza y apoyo.<br \/>\nPor cierto, es Miguel Alem\u00e1n Velazco uno de los factores que de cierto modo, orbita entre los primos-hermanos en la contienda:<br \/>\nMientras H\u00e9ctor Yunes Landa llega con el gobierno de Miguel Alem\u00e1n para posicionarse como secretario de Gobierno, por otro lado, Miguel \u00c1ngel denunciaba, al final de la administraci\u00f3n estatal, actos de corrupci\u00f3n por favorecer con contratos a la familia de Miguel Alem\u00e1n\u2026 \u00a1y renunciaba al PRI! all\u00e1 por julio del 2004.<br \/>\nLa renuncia de Yunes Linares fue m\u00e1s r\u00e1pida, porque por esas fechas, se dec\u00eda que ya hab\u00eda un \u201cjuicio\u201d para solicitar la expulsi\u00f3n del partido del entonces diputado federal, por parte de la Comisi\u00f3n Nacional de Justicia Partidaria.<br \/>\nDenuncias y pruebas presentadas por militantes del PRI se\u00f1alaban a Yunes Linares de \u201cviolar los estatutos y principios b\u00e1sicos que rigen al PRI y por haber adoptado una conducta desleal\u201d\u2026 pero antes de la expulsi\u00f3n, lleg\u00f3 la renuncia.<br \/>\nIII<br \/>\nClaro que para aderezar el p\u00e1rrafo anterior, bastar\u00eda comentar que por la fecha en que renuncia Miguel \u00c1ngel Yunes Linares, ya se perfilaba la figura del Gobernador electo a relevar a Miguel Alem\u00e1n Velasco: Fidel Herrera Beltr\u00e1n.<br \/>\nFidel Herrera Beltr\u00e1n es otro factor relevante que orbita en la historia pasada y presente de estos dos candidatos a la mini-gubernatura.<br \/>\nPor un lado, Yunes Linares se\u00f1alaba que el gobernador Alem\u00e1n Velasco y Fidel Herrera ordenaron a otras personas solicitar su expulsi\u00f3n y acusaba, como ahora, que Fidel Herrera tuvo \u201cdinero sucio en su campa\u00f1a\u201d, aunque no se investig\u00f3 tal asunto.<br \/>\nPor otro lado, creo que es de todos conocido que Yunes Landa fue bloqueado en su aspiraci\u00f3n a contender por la Gubernatura con miras al 2010 por T\u00edo Fide\u2026 bueno, siendo sinceros, igual Pepe Yunes Zorrilla, aunque seg\u00fan se dice, el perote\u00f1o \u201cse disciplin\u00f3\u201d, pero el chole\u00f1o simplemente result\u00f3 ser \u201cinc\u00f3modo\u201d, y sigui\u00f3 hasta las \u00faltimas consecuencias compitiendo en desigualdad de condiciones, tanto pol\u00edticas, partidistas y econ\u00f3micas&#8230; y se tuvo que aguantar otros seis a\u00f1os.<br \/>\nIV<br \/>\nA diferencia de H\u00e9ctor, Miguel \u00c1ngel Yunes no se aguant\u00f3 seis a\u00f1os\u2026 \u00e9l s\u00ed compiti\u00f3 por la Gubernatura del Estado contra Javier Duarte de Ochoa. El resultado todos lo sabemos.<br \/>\nNuevamente, Miguel \u00c1ngel vuelve a contender por la Gubernatura\u2026 bueno, pero ahora no ser\u00e1 de seis a\u00f1os, sino de dos. Y se enfrenta a su primo-hermano, H\u00e9ctor, quien por fin cumple su sue\u00f1o de ser candidato a la Gubernatura, pero\u2026 las condiciones (al menos en la percepci\u00f3n de un sector de la poblaci\u00f3n) no son las \u00f3ptimas para H\u00e9ctor y para el PRI, y a diferencia de Miguel \u00c1ngel, hoy, nuevamente, Yunes Landa vuelve a ir contra corriente.<br \/>\n\u00a1Ya es candidato! \u00a1Ya tiene al PRI de su lado! \u00a1a la militancia! ahora, viene la segunda parte de su sue\u00f1o, que tambi\u00e9n es el sue\u00f1o de Miguel \u00c1ngel: ser gobernador.<br \/>\nYunes Linares ya tuvo una oportunidad y estuvo en las mismas condiciones que H\u00e9ctor: \u00a1todo en contra! va por la segunda chance pero curiosamente, la percepci\u00f3n social es que con m\u00e1s oportunidades que hace casi seis a\u00f1os.<br \/>\nYunes Landa tiene hoy su oportunidad, pero sigue a contracorriente\u2026 salvo algunos detalles: Como punto a su favor, fue el \u00fanico precandidato en hacer p\u00fablica su declaraci\u00f3n patrimonial, fiscal y de intereses. Ah, y sus propuestas son propuestas, como el mejoramiento de las carreteras, m\u00e1s apoyo al campo, construcci\u00f3n de redes hidr\u00e1ulicas de calidad y fomento a la industrializaci\u00f3n y el turismo; menos v\u00edsceras, m\u00e1s proyectos. En pocas palabras: ahora se ver\u00e1 qu\u00e9 tanto trabajo hizo a ras de suelo durante m\u00e1s de seis a\u00f1os y qu\u00e9 tanto se puede mantener al frente en las preferencias electorales como presumen sus allegados que est\u00e1.<br \/>\nEn s\u00ed, pareciera que no hay nada nuevo con el ungimiento de estos dos candidatos que puntean esta contienda por ser los que m\u00e1s ruido hacen\u2026 salvo a lo que ocurra de aqu\u00ed al cinco de junio.<\/p>\n<p>smcainito@gmail.com<\/p>\n","protected":false},"excerpt":{"rendered":"<p>Salvador Mu\u00f1oz Los Pol\u00edticos Tanto la candidatura de H\u00e9ctor Yunes como la de Miguel \u00c1ngel Yunes son parte de una cr\u00f3nica anunciada\u2026 nada nuevo\u2026 bueno, casi nada. Primero, porque H\u00e9ctor lo vivi\u00f3 desde el s\u00e1bado, en Xalapa, cuando el AVE lo design\u00f3 candidato en acto multitudinario celebrado en el Museo Interactivo de Xalapa, y este [&hellip;]<\/p>\n","protected":false},"author":2,"featured_media":0,"comment_status":"open","ping_status":"open","sticky":false,"template":"","format":"standard","meta":{"_jetpack_newsletter_access":"","_jetpack_dont_email_post_to_subs":false,"_jetpack_newsletter_tier_id":0,"_jetpack_memberships_contains_paywalled_content":false,"_jetpack_memberships_contains_paid_content":false,"footnotes":""},"categories":[70],"tags":[450,348,5088],"class_list":["post-21954","post","type-post","status-publish","format-standard","hentry","category-de-opinion","tag-candidato","tag-hector-yunes-landa","tag-miguel-angel-yunes-landa"],"jetpack_featured_media_url":"","jetpack_sharing_enabled":true,"jetpack_shortlink":"https:\/\/wp.me\/p4Qcd3-5I6","_links":{"self":[{"href":"https:\/\/lospoliticosveracruz.com.mx\/index.php?rest_route=\/wp\/v2\/posts\/21954","targetHints":{"allow":["GET"]}}],"collection":[{"href":"https:\/\/lospoliticosveracruz.com.mx\/index.php?rest_route=\/wp\/v2\/posts"}],"about":[{"href":"https:\/\/lospoliticosveracruz.com.mx\/index.php?rest_route=\/wp\/v2\/types\/post"}],"author":[{"embeddable":true,"href":"https:\/\/lospoliticosveracruz.com.mx\/index.php?rest_route=\/wp\/v2\/users\/2"}],"replies":[{"embeddable":true,"href":"https:\/\/lospoliticosveracruz.com.mx\/index.php?rest_route=%2Fwp%2Fv2%2Fcomments&post=21954"}],"version-history":[{"count":1,"href":"https:\/\/lospoliticosveracruz.com.mx\/index.php?rest_route=\/wp\/v2\/posts\/21954\/revisions"}],"predecessor-version":[{"id":21957,"href":"https:\/\/lospoliticosveracruz.com.mx\/index.php?rest_route=\/wp\/v2\/posts\/21954\/revisions\/21957"}],"wp:attachment":[{"href":"https:\/\/lospoliticosveracruz.com.mx\/index.php?rest_route=%2Fwp%2Fv2%2Fmedia&parent=21954"}],"wp:term":[{"taxonomy":"category","embeddable":true,"href":"https:\/\/lospoliticosveracruz.com.mx\/index.php?rest_route=%2Fwp%2Fv2%2Fcategories&post=21954"},{"taxonomy":"post_tag","embeddable":true,"href":"https:\/\/lospoliticosveracruz.com.mx\/index.php?rest_route=%2Fwp%2Fv2%2Ftags&post=21954"}],"curies":[{"name":"wp","href":"https:\/\/api.w.org\/{rel}","templated":true}]}}