{"id":21962,"date":"2016-03-14T18:02:43","date_gmt":"2016-03-15T00:02:43","guid":{"rendered":"http:\/\/www.lospoliticosveracruz.com.mx\/?p=21962"},"modified":"2016-03-14T18:04:14","modified_gmt":"2016-03-15T00:04:14","slug":"molina-palacios-se-le-va-encima-a-jackson","status":"publish","type":"post","link":"https:\/\/lospoliticosveracruz.com.mx\/?p=21962","title":{"rendered":"Molina Palacios se le va encima a \u00absecuestradores del PRI\u00bb"},"content":{"rendered":"<blockquote><p><a href=\"http:\/\/www.lospoliticosveracruz.com.mx\/wp-content\/uploads\/2016\/03\/Juan-Carlos-Molina2.jpg\"><img loading=\"lazy\" decoding=\"async\" class=\"alignnone size-medium wp-image-21967\" src=\"http:\/\/www.lospoliticosveracruz.com.mx\/wp-content\/uploads\/2016\/03\/Juan-Carlos-Molina2-300x205.jpg\" alt=\"Juan Carlos Molina\" width=\"300\" height=\"205\" \/><\/a><\/p>\n<p>No s\u00f3lo bloquean a la CNC para entrar al ungimiento de H\u00e9ctor<\/p>\n<p>Igual les cierran espacios para \u00abpluris\u00bb\u00a0y diputaciones, reclama<\/p><\/blockquote>\n<p>El presidente de la Liga de Comunidades Agrarias y Sindicatos Campesinos de la CNC en Veracruz, Juan Carlos Molina Palacios, hizo un en\u00e9rgico llamado al Comit\u00e9 Estatal del Partido Revolucionario Institucional (PRI) para que considere a los j\u00f3venes, hombres y mujeres cenecistas, en la designaci\u00f3n de candidatos para las pr\u00f3ximas contiendas electorales.<\/p>\n<p>\u201cEn nombre de los hombres, j\u00f3venes y mujeres del campo, como sector exigimos se nos tome en cuenta, ya que los cenecistas tienen el derecho y trabajan duro para poder participar en los comicios; en Veracruz, el campo es la columna vertebral de nuestra econom\u00eda, por lo que este sector debe tener su representaci\u00f3n plurinominal\u201d, extern\u00f3 en rueda de prensa acompa\u00f1ado de la Secretaria General de la CNC, Marcela Aguilera Landeta; del secretario de Organizaci\u00f3n, Roque Spinoso, y dem\u00e1s integrantes del comit\u00e9 estatal de la Liga.<\/p>\n<p>Al reclamar estos espacios para los campesinos veracruzanos, Molina Palacios asegur\u00f3 que existen grupos que mantienen secuestrado al partido tricolor adue\u00f1\u00e1ndose de las posiciones, aunque no conocen el sufrir de los ciudadanos, especialmente de la gente del campo.<\/p>\n<p>\u201cNo es posible que las posiciones se las repartan los de siempre, quit\u00e1ndole la oportunidad a quienes s\u00ed son leales al partido y al pueblo, quienes no usan el chantaje para lograr sus prop\u00f3sitos, sino que trabajamos d\u00eda y noche para lograr el triunfo y de este modo, reitero todo nuestro apoyo para H\u00e9ctor Yunes Landa\u201d, indic\u00f3 el dirigente.<\/p>\n<p>En este sentido, el l\u00edder de la CNC asegur\u00f3 que el PRI \u201cdebe ser devuelto a sus verdaderos militantes, sectores y organizaciones, al pueblo, a quienes trabajan de manera decidida y leal por llevar al triunfo a nuestros candidatos, que sea el pueblo quien ponga a sus representantes y no unos cuantos que no tienen ni idea de los problemas reales que enfrenta nuestra gente cada d\u00eda\u201d.<\/p>\n<p>Record\u00f3 que en s\u00f3lo cuatro meses esta administraci\u00f3n cenecista ha retomado la fuerza que le caracterizaba y con este \u00edmpetu de la gente del campo defender\u00e1n en\u00e9rgicamente a todos sus representados, \u201cnunca estar\u00e9 de acuerdo con los grupos que a bases de chantajes se han quedado siempre con los espacios\u201d.<\/p>\n<p>Detall\u00f3 que durante la ratificaci\u00f3n de H\u00e9ctor Yunes Landa como candidato del PRI a la gubernatura de Veracruz, los cenecistas fueron obstaculizados para participar en dicho evento y se\u00f1al\u00f3 a Harry Jackson y su equipo como uno de los que impidieron el acceso a m\u00e1s de 10 mil miembros de la CNC.<\/p>\n","protected":false},"excerpt":{"rendered":"<p>No s\u00f3lo bloquean a la CNC para entrar al ungimiento de H\u00e9ctor Igual les cierran espacios para \u00abpluris\u00bb\u00a0y diputaciones, reclama El presidente de la Liga de Comunidades Agrarias y Sindicatos Campesinos de la CNC en Veracruz, Juan Carlos Molina Palacios, hizo un en\u00e9rgico llamado al Comit\u00e9 Estatal del Partido Revolucionario Institucional (PRI) para que considere [&hellip;]<\/p>\n","protected":false},"author":2,"featured_media":0,"comment_status":"open","ping_status":"open","sticky":false,"template":"","format":"standard","meta":{"_jetpack_newsletter_access":"","_jetpack_dont_email_post_to_subs":false,"_jetpack_newsletter_tier_id":0,"_jetpack_memberships_contains_paywalled_content":false,"_jetpack_memberships_contains_paid_content":false,"footnotes":""},"categories":[73],"tags":[3118,348,3256],"class_list":["post-21962","post","type-post","status-publish","format-standard","hentry","category-de-boleto","tag-cnc","tag-hector-yunes-landa","tag-juan-carlos-molina-palacios"],"jetpack_featured_media_url":"","jetpack_sharing_enabled":true,"jetpack_shortlink":"https:\/\/wp.me\/p4Qcd3-5Ie","_links":{"self":[{"href":"https:\/\/lospoliticosveracruz.com.mx\/index.php?rest_route=\/wp\/v2\/posts\/21962","targetHints":{"allow":["GET"]}}],"collection":[{"href":"https:\/\/lospoliticosveracruz.com.mx\/index.php?rest_route=\/wp\/v2\/posts"}],"about":[{"href":"https:\/\/lospoliticosveracruz.com.mx\/index.php?rest_route=\/wp\/v2\/types\/post"}],"author":[{"embeddable":true,"href":"https:\/\/lospoliticosveracruz.com.mx\/index.php?rest_route=\/wp\/v2\/users\/2"}],"replies":[{"embeddable":true,"href":"https:\/\/lospoliticosveracruz.com.mx\/index.php?rest_route=%2Fwp%2Fv2%2Fcomments&post=21962"}],"version-history":[{"count":3,"href":"https:\/\/lospoliticosveracruz.com.mx\/index.php?rest_route=\/wp\/v2\/posts\/21962\/revisions"}],"predecessor-version":[{"id":21970,"href":"https:\/\/lospoliticosveracruz.com.mx\/index.php?rest_route=\/wp\/v2\/posts\/21962\/revisions\/21970"}],"wp:attachment":[{"href":"https:\/\/lospoliticosveracruz.com.mx\/index.php?rest_route=%2Fwp%2Fv2%2Fmedia&parent=21962"}],"wp:term":[{"taxonomy":"category","embeddable":true,"href":"https:\/\/lospoliticosveracruz.com.mx\/index.php?rest_route=%2Fwp%2Fv2%2Fcategories&post=21962"},{"taxonomy":"post_tag","embeddable":true,"href":"https:\/\/lospoliticosveracruz.com.mx\/index.php?rest_route=%2Fwp%2Fv2%2Ftags&post=21962"}],"curies":[{"name":"wp","href":"https:\/\/api.w.org\/{rel}","templated":true}]}}