{"id":21991,"date":"2016-03-14T20:30:32","date_gmt":"2016-03-15T02:30:32","guid":{"rendered":"http:\/\/www.lospoliticosveracruz.com.mx\/?p=21991"},"modified":"2016-03-14T20:30:32","modified_gmt":"2016-03-15T02:30:32","slug":"grupos-antagonicos-secuestran-al-pri","status":"publish","type":"post","link":"https:\/\/lospoliticosveracruz.com.mx\/?p=21991","title":{"rendered":"Grupos antag\u00f3nicos secuestran al PRI"},"content":{"rendered":"<p><a href=\"http:\/\/www.lospoliticosveracruz.com.mx\/wp-content\/uploads\/2016\/03\/Juan-Carlos-Molina3.jpg\"><img loading=\"lazy\" decoding=\"async\" class=\"alignnone size-medium wp-image-21995\" src=\"http:\/\/www.lospoliticosveracruz.com.mx\/wp-content\/uploads\/2016\/03\/Juan-Carlos-Molina3-300x214.jpg\" alt=\"Juan Carlos Molina\" width=\"300\" height=\"214\" \/><\/a><\/p>\n<p><strong>Claudia Guerrero Mart\u00ednez<\/strong><br \/>\n<em>Entre lo ut\u00f3pico y lo verdadero<\/em><\/p>\n<p>Vaya problema interno tiene el Partido Revolucionario Institucional en Veracruz&#8230; Y claro, gracias al gris dirigente Amadeo Flores Espinosa, por su falta de palabra y su car\u00e1cter tibio y manipulable&#8230; Resulta que en la elecci\u00f3n para esca\u00f1os a las diputaciones locales plurinominales, pretenden imponer a algunos que recientemente eran panistas y ahora, los tratan hasta con \u201cp\u00e9talos\u201d, como si fueran los mejores \u201cfieles-duartistas\u201d y pri\u00edstas&#8230;<\/p>\n<p>La lista se conforma con varios nombres:<br \/>\n1. Juan Nicol\u00e1s Callejas Rold\u00e1n<\/p>\n<p>2. Regina V\u00e1zquez Saut (Quien inexplicablemente, hace unos meses era panista y de un d\u00eda para el otro, fue nombrada Secretaria General del PRI, violentando las normas internas del partido pol\u00edtico en el poder)<\/p>\n<p>3. Jorge Moreno Salinas<\/p>\n<p>4. Un conocido l\u00edder petrolero en el sur.<\/p>\n<p>5. El chofer del diputado federal y pillo Adolfo Mota Hern\u00e1ndez, de quien se desconoce su nombre y s\u00f3lo es ampliamente conocido como el guarura-chofer&#8230;<\/p>\n<p>Lo interesante, es ver la inconformidad del dirigente de la CNC en Veracruz, Juan Carlos Molina Palacios&#8230; Y no es para menos&#8230; Este lunes, mand\u00f3 una amenaza directa al PRI Estatal, acusando a grupos antag\u00f3nicos de secuestrar al PRI en el Estado&#8230; Y dijo: \u201cNo es posible que las posiciones se las repartan los de siempre, quit\u00e1ndole la oportunidad a quienes s\u00ed son leales al partido y al pueblo, quienes no usan el chantaje para lograr sus prop\u00f3sitos, sino que trabajamos d\u00eda y noche para lograr el triunfo&#8230; De este modo, reitero todo nuestro apoyo para H\u00e9ctor Yunes Landa\u201d, indic\u00f3 el dirigente cenecista.<\/p>\n<p>Y adem\u00e1s: \u201cQue sea el pueblo quien ponga a sus representantes y no unos cuantos que no tienen ni idea de los problemas reales que enfrenta nuestra gente cada d\u00eda&#8230; Nunca estar\u00e9 de acuerdo con los grupos que a bases de chantajes se han quedado siempre con los espacios\u201d&#8230;. Declarando Molina Palacios la guerra a aquellos quienes pretenden imponer a cuates, compadres o buscachambas y lo peor, para inestables mujeres en la pol\u00edtica, como Regina V\u00e1zquez Saut, a quien quieren incrustar en una \u201cpluri\u201d con el cuento: \u201cPara que no se regrese a Acci\u00f3n Nacional\u201d&#8230; Y contin\u00faa el fen\u00f3meno que informamos en la pasada columna sobre \u201cLa Rebeli\u00f3n de los Colgados\u201d&#8230;<\/p>\n<p>Desde su candidatura a la dirigencia estatal, Juan Carlos Molina ha buscado el regreso de espacios pol\u00edticos para los campesinos y dar brillo a las siglas de la CNC en Veracruz&#8230; La fuerza de este Estado son los campesinos y por eso, al igual que el Magisterio y otras agrupaciones, la Confederaci\u00f3n Nacional Campesina (CNC) se merece un esca\u00f1o en el Congreso Local, como fuerza pol\u00edtica del PRI en Veracruz&#8230;<\/p>\n<p>Incre\u00edble, que los pillos de Palacio de Gobierno han otorgado esca\u00f1os en el Palacio Legislativo a delincuentes como el hijo de C\u00e9sar del \u00c1ngel Fuentes, el actual improductivo diputado local, Marco Antonio del \u00c1ngel Arroyo&#8230; O a los invasores de tierras y grandes millonarios de Antorcha Campesina, con la actual diputada Minerva Salcedo Baca, esposa de Samuel Aguirre, l\u00edder de \u00e9sta agrupaci\u00f3n en Veracruz&#8230;<\/p>\n<p>Como vemos, justa raz\u00f3n le damos a la CNC en pedir ser considerado para tener representatividad en el Congreso Local&#8230; Y si la CTM, el Magisterio, CNOP y otras fuerzas pol\u00edticas tienen representantes, por qu\u00e9 no es posible una agrupaci\u00f3n campesina&#8230;Y esto es simple: Conocen la fuerza de los trabajadores del campo y por eso, algunos piensan en limitar a \u00e9sta agrupaci\u00f3n pol\u00edtica&#8230;<\/p>\n<p>Y eso no es bueno para la imagen del PRI Estatal&#8230; Recordemos, que en pocos d\u00edas arrancan las campa\u00f1as a la Gubernatura y diputaciones locales&#8230; La CNC es parte medular de apoyo a este partido pol\u00edtico&#8230; Y si la dejan fuera, su deslinde ser\u00e1 inminente en distritos claves y esto, puede definir una elecci\u00f3n en Veracruz&#8230;<\/p>\n","protected":false},"excerpt":{"rendered":"<p>Claudia Guerrero Mart\u00ednez Entre lo ut\u00f3pico y lo verdadero Vaya problema interno tiene el Partido Revolucionario Institucional en Veracruz&#8230; Y claro, gracias al gris dirigente Amadeo Flores Espinosa, por su falta de palabra y su car\u00e1cter tibio y manipulable&#8230; Resulta que en la elecci\u00f3n para esca\u00f1os a las diputaciones locales plurinominales, pretenden imponer a algunos [&hellip;]<\/p>\n","protected":false},"author":2,"featured_media":0,"comment_status":"open","ping_status":"open","sticky":false,"template":"","format":"standard","meta":{"_jetpack_newsletter_access":"","_jetpack_dont_email_post_to_subs":false,"_jetpack_newsletter_tier_id":0,"_jetpack_memberships_contains_paywalled_content":false,"_jetpack_memberships_contains_paid_content":false,"footnotes":""},"categories":[70],"tags":[3685,4619,3256,3895,251,3686],"class_list":["post-21991","post","type-post","status-publish","format-standard","hentry","category-de-opinion","tag-amadeo-flores-espinosa","tag-jorge-moreno-salinas","tag-juan-carlos-molina-palacios","tag-juan-nicolas-callejas-roldan","tag-pri","tag-regina-vazquez-saut"],"jetpack_featured_media_url":"","jetpack_sharing_enabled":true,"jetpack_shortlink":"https:\/\/wp.me\/p4Qcd3-5IH","_links":{"self":[{"href":"https:\/\/lospoliticosveracruz.com.mx\/index.php?rest_route=\/wp\/v2\/posts\/21991","targetHints":{"allow":["GET"]}}],"collection":[{"href":"https:\/\/lospoliticosveracruz.com.mx\/index.php?rest_route=\/wp\/v2\/posts"}],"about":[{"href":"https:\/\/lospoliticosveracruz.com.mx\/index.php?rest_route=\/wp\/v2\/types\/post"}],"author":[{"embeddable":true,"href":"https:\/\/lospoliticosveracruz.com.mx\/index.php?rest_route=\/wp\/v2\/users\/2"}],"replies":[{"embeddable":true,"href":"https:\/\/lospoliticosveracruz.com.mx\/index.php?rest_route=%2Fwp%2Fv2%2Fcomments&post=21991"}],"version-history":[{"count":1,"href":"https:\/\/lospoliticosveracruz.com.mx\/index.php?rest_route=\/wp\/v2\/posts\/21991\/revisions"}],"predecessor-version":[{"id":21996,"href":"https:\/\/lospoliticosveracruz.com.mx\/index.php?rest_route=\/wp\/v2\/posts\/21991\/revisions\/21996"}],"wp:attachment":[{"href":"https:\/\/lospoliticosveracruz.com.mx\/index.php?rest_route=%2Fwp%2Fv2%2Fmedia&parent=21991"}],"wp:term":[{"taxonomy":"category","embeddable":true,"href":"https:\/\/lospoliticosveracruz.com.mx\/index.php?rest_route=%2Fwp%2Fv2%2Fcategories&post=21991"},{"taxonomy":"post_tag","embeddable":true,"href":"https:\/\/lospoliticosveracruz.com.mx\/index.php?rest_route=%2Fwp%2Fv2%2Ftags&post=21991"}],"curies":[{"name":"wp","href":"https:\/\/api.w.org\/{rel}","templated":true}]}}