{"id":22154,"date":"2016-03-20T18:27:49","date_gmt":"2016-03-21T00:27:49","guid":{"rendered":"http:\/\/www.lospoliticosveracruz.com.mx\/?p=22154"},"modified":"2016-03-20T18:27:49","modified_gmt":"2016-03-21T00:27:49","slug":"aprendiendo-de-politica","status":"publish","type":"post","link":"https:\/\/lospoliticosveracruz.com.mx\/?p=22154","title":{"rendered":"Aprendiendo de pol\u00edtica"},"content":{"rendered":"<p><a href=\"http:\/\/www.lospoliticosveracruz.com.mx\/wp-content\/uploads\/2016\/03\/Elena-C\u00f3rdova3.jpg\"><img loading=\"lazy\" decoding=\"async\" class=\"alignnone size-medium wp-image-22165\" src=\"http:\/\/www.lospoliticosveracruz.com.mx\/wp-content\/uploads\/2016\/03\/Elena-C\u00f3rdova3-300x198.jpg\" alt=\"Elena C\u00f3rdova\" width=\"300\" height=\"198\" \/><\/a><\/p>\n<p><strong>Elena C\u00f3rdova<\/strong><br \/>\n<em>Luna Nueva\u00a0<\/em><\/p>\n<p>En mi muro de Facebook, un amigo me escribe y me dice: \u201c\u00a1pens\u00e9 que ir\u00edas t\u00fa!\u201d; otro m\u00e1s redacta: \u201c\u00a1Eres joven, con valores y preparaci\u00f3n! No se vale, tu partido no te toma en cuenta\u201d. Una amiga entra\u00f1able me dice: \u201c\u00a1No es justo, t\u00fa has trabajado mucho!\u201d Y as\u00ed, muchos mensajes, muchos m\u00e1s\u2026 \u00a1Gracias, muchas gracias! Les respondo de todo coraz\u00f3n. No tengo m\u00e1s palabras.<br \/>\nLes cuento. Todo esto es resultado de una aspiraci\u00f3n leg\u00edtima de ser candidata a diputada local en mi distrito de Misantla por el PRI. No sirve de consuelo, pero no fui la \u00fanica que aspir\u00f3 y se qued\u00f3 con las ganas. En realidad, hubo hombres y mujeres excepcionales que no fuimos. No logramos ser candidatos. Estoy aprendiendo que as\u00ed es esto\u2026<br \/>\nEn estos d\u00edas, de la p\u00e1gina de un destacado veracruzano que se encuentra en el PRI nacional, Luis Guillermo Franco, retomo un texto que se titula \u201cCarta de un dirigente sin candidatura\u201d, la cual me parece muy adecuada y de la cual reproduzco lo siguiente: \u201c\u00a1Les agradezco mucho a quienes me han mandado mensajes, me han llamado, se han acercado a m\u00ed para preguntarme c\u00f3mo estoy y c\u00f3mo me siento; a quienes me quieren hacer sentir bien, se los agradezco, pero no me siento mal ni nada, esto es normal, era aspirante y no se me dio\u2026 no pasa nada! Tengo muchas ganas de trabajar y dar lo mejor de m\u00ed, pero desde que levant\u00e9 la mano sab\u00eda que esto pod\u00eda pasar, \u00e9ramos muchos los aspirantes y era obvio que s\u00f3lo uno iba a entrar, pero de verdad, no pasa nada; no me gusta que me vean como si me sintiera mal o estuviera enojado. Yo me he hecho muchas preguntas y lo que deduzco es que\u2026 \u00a1No era mi tiempo y punto! Mi lealtad a mi Partido; mi amistad y reconocimiento a quienes toman las decisiones\u201d.<br \/>\nDe igual forma, leo a mi amigo Yarid Christfield Lugo, un joven pol\u00edtico luchador de mil batallas, quien con voz firme escribe: \u201cel d\u00eda de hoy llegu\u00e9 a una importante conclusi\u00f3n, que en nuestro partido (PRI) y en el resto de los partidos pol\u00edticos, los intereses corporativos y de grupos siguen teniendo m\u00e1s peso en los momentos en los que se selecciona a los candidatos, dejando de lado sin ning\u00fan recato o preocupaci\u00f3n, la calidad de cuadro o militante, sobre todo permitir que intereses externos desplacen el leg\u00edtimo derecho de aspirar a quienes de manera permanente y convencida han trabajado por representar un proyecto ciudadano con trabajo social y partidista pocas veces visto ambas cualidades\u2026\u201d<br \/>\nAs\u00ed que decid\u00ed no hablar de alg\u00fan tema en particular, sino hacer mi auto-reflexi\u00f3n de lo que viv\u00ed, pas\u00e9 y sent\u00ed en estos meses que, de manera abierta, sincera y sin malicia, anduve haciendo campa\u00f1a \u2013o algo parecido a una comparsa, hasta ahora me doy cuenta\u2013 para lograr ser candidata del PRI por el distrito de Misantla, repito.<br \/>\nLo primero que tengo que decir, es que las campa\u00f1as cuestan, y no s\u00f3lo es un desgaste f\u00edsico, emocional, sino que tambi\u00e9n hay que tener dinero, suficiente para no da\u00f1ar el patrimonio personal o familiar. Ahora se entiende porqu\u00e9 los pudientes econ\u00f3micamente casi siempre son candidatos. Como bien cita Carlos Hank Gonz\u00e1lez: \u00a1Pol\u00edtico pobre, pobre pol\u00edtico!<br \/>\nDe igual forma, las famosas alianzas de facto o de hecho, traducidas a legales para conformar un bloque de partidos son algo muy da\u00f1ino para la democracia partidista \u2013y en general\u2013 pues no importa el perfil sino qui\u00e9n de los designados ser\u00e1 el m\u00e1s fiel, leal y que cuide los intereses del grupo al cual pertenece en un futuro cercano.<br \/>\nDe la gente, mi profundo agradecimiento, pues vi miles de rostros cargados de emoci\u00f3n y sinceridad. Gente adulta, se\u00f1oras y se\u00f1ores, madres j\u00f3venes, ni\u00f1os, cientos de j\u00f3venes trabajadores del campo y estudiantes, que me escucharon atenta y respetuosamente, aun cuando sent\u00eda que me miraban de una forma que s\u00f3lo les dan los a\u00f1os de aspirar a que las cosas, su situaci\u00f3n cambie. Lo recuerdo bien, pues lo llevo en el coraz\u00f3n. Eran miradas sinceras, transparentes. Ellos, que me escuchaban atentos, serios y lo principal, plenos de esperanza de que su igual, los pudiera representar y ayudar realmente. A ellos les agradezco de todo coraz\u00f3n su confianza y valioso tiempo. Sus palabras de aliento. Como cuando me extend\u00edan sus manos y me abr\u00edan las puertas de su hogar. Cuando me abrazaban. Me sonre\u00edan. Es por ellos, y s\u00f3lo por eso, que seguir\u00e9 trabajando y luchando por las causas sociales, en un contexto tan\u2026 dif\u00edcil, como es la pol\u00edtica.<\/p>\n","protected":false},"excerpt":{"rendered":"<p>Elena C\u00f3rdova Luna Nueva\u00a0 En mi muro de Facebook, un amigo me escribe y me dice: \u201c\u00a1pens\u00e9 que ir\u00edas t\u00fa!\u201d; otro m\u00e1s redacta: \u201c\u00a1Eres joven, con valores y preparaci\u00f3n! No se vale, tu partido no te toma en cuenta\u201d. Una amiga entra\u00f1able me dice: \u201c\u00a1No es justo, t\u00fa has trabajado mucho!\u201d Y as\u00ed, muchos mensajes, [&hellip;]<\/p>\n","protected":false},"author":2,"featured_media":0,"comment_status":"open","ping_status":"open","sticky":false,"template":"","format":"standard","meta":{"_jetpack_newsletter_access":"","_jetpack_dont_email_post_to_subs":false,"_jetpack_newsletter_tier_id":0,"_jetpack_memberships_contains_paywalled_content":false,"_jetpack_memberships_contains_paid_content":false,"footnotes":""},"categories":[70],"tags":[720,4452,5128,201,251],"class_list":["post-22154","post","type-post","status-publish","format-standard","hentry","category-de-opinion","tag-carlos-hank-gonzalez","tag-elena-cordova","tag-luis-guillermo-franco","tag-misantla","tag-pri"],"jetpack_featured_media_url":"","jetpack_sharing_enabled":true,"jetpack_shortlink":"https:\/\/wp.me\/p4Qcd3-5Lk","_links":{"self":[{"href":"https:\/\/lospoliticosveracruz.com.mx\/index.php?rest_route=\/wp\/v2\/posts\/22154","targetHints":{"allow":["GET"]}}],"collection":[{"href":"https:\/\/lospoliticosveracruz.com.mx\/index.php?rest_route=\/wp\/v2\/posts"}],"about":[{"href":"https:\/\/lospoliticosveracruz.com.mx\/index.php?rest_route=\/wp\/v2\/types\/post"}],"author":[{"embeddable":true,"href":"https:\/\/lospoliticosveracruz.com.mx\/index.php?rest_route=\/wp\/v2\/users\/2"}],"replies":[{"embeddable":true,"href":"https:\/\/lospoliticosveracruz.com.mx\/index.php?rest_route=%2Fwp%2Fv2%2Fcomments&post=22154"}],"version-history":[{"count":1,"href":"https:\/\/lospoliticosveracruz.com.mx\/index.php?rest_route=\/wp\/v2\/posts\/22154\/revisions"}],"predecessor-version":[{"id":22166,"href":"https:\/\/lospoliticosveracruz.com.mx\/index.php?rest_route=\/wp\/v2\/posts\/22154\/revisions\/22166"}],"wp:attachment":[{"href":"https:\/\/lospoliticosveracruz.com.mx\/index.php?rest_route=%2Fwp%2Fv2%2Fmedia&parent=22154"}],"wp:term":[{"taxonomy":"category","embeddable":true,"href":"https:\/\/lospoliticosveracruz.com.mx\/index.php?rest_route=%2Fwp%2Fv2%2Fcategories&post=22154"},{"taxonomy":"post_tag","embeddable":true,"href":"https:\/\/lospoliticosveracruz.com.mx\/index.php?rest_route=%2Fwp%2Fv2%2Ftags&post=22154"}],"curies":[{"name":"wp","href":"https:\/\/api.w.org\/{rel}","templated":true}]}}