{"id":22212,"date":"2016-03-23T08:48:12","date_gmt":"2016-03-23T14:48:12","guid":{"rendered":"http:\/\/www.lospoliticosveracruz.com.mx\/?p=22212"},"modified":"2016-03-23T08:48:12","modified_gmt":"2016-03-23T14:48:12","slug":"las-diferencias-entre-amadeo-y-mancha","status":"publish","type":"post","link":"https:\/\/lospoliticosveracruz.com.mx\/?p=22212","title":{"rendered":"Las diferencias entre Amadeo y Mancha"},"content":{"rendered":"<p><img loading=\"lazy\" decoding=\"async\" class=\" size-medium wp-image-22214 alignleft\" src=\"http:\/\/www.lospoliticosveracruz.com.mx\/wp-content\/uploads\/2016\/03\/amadeo-Flores2-300x150.jpg\" alt=\"amadeo-Flores2\" width=\"300\" height=\"150\" \/><\/p>\n<p>&nbsp;<\/p>\n<p>&nbsp;<\/p>\n<p>&nbsp;<\/p>\n<p>&nbsp;<\/p>\n<p><strong>Luis Alberto Romero<\/strong><\/p>\n<p><em>Hora Cero<\/em><\/p>\n<p>&nbsp;<\/p>\n<p>Mientras la dirigencia estatal del Partido Acci\u00f3n Nacional ha desempe\u00f1ado un papel protag\u00f3nico durante las etapas previas a las campa\u00f1as formales de los candidatos a gobernador de Veracruz, el Comit\u00e9 Directivo Estatal del Revolucionario Institucional ha optado por una conducci\u00f3n m\u00e1s bien discreta.<\/p>\n<p>Hasta hoy, Felipe Amadeo Flores Espinosa, la cabeza visible del priismo en la entidad, ha tenido apariciones p\u00fablicas con muy poca frecuencia; s\u00f3lo asiste a los eventos donde su presencia resulta imprescindible, como la toma de protesta del candidato, la visita del dirigente nacional, el registro ante el \u00f3rgano electoral y el proceso de inscripci\u00f3n de los aspirantes a las candidaturas a las diputaciones locales; su trabajo se ha centrado, nos dicen, en temas relacionados con la organizaci\u00f3n del partido y con la suma de las expresiones y corrientes internas para fortalecer la candidatura de H\u00e9ctor Yunes Landa.<\/p>\n<p>En ese sentido, el trabajo de Flores Espinosa en el PRI ha sido, en efecto, discreto, poco visible y hasta de bajo perfil, pero tambi\u00e9n eficiente.<\/p>\n<p>Una muestra de esa eficiencia en su desempe\u00f1o se observa en el proceso para seleccionar a los candidatos a diputados locales, porque el PRI no registr\u00f3 una sola impugnaci\u00f3n en su proceso interno, que podr\u00eda considerarse tranquilo y hasta terso.<\/p>\n<p>Por otra parte, resulta evidente que para el tricolor, en la etapa de precampa\u00f1a y en la actual intercampa\u00f1a, la prioridad es la organizaci\u00f3n interna y la suma de los grupos para sacar candidaturas de unidad. Una vez resuelto ese punto, nos explican desde el comit\u00e9 estatal de dicho partido, comenzar\u00e1 una etapa de mayor protagonismo medi\u00e1tico y activismo pol\u00edtico de Felipe Amadeo Flores, quien comenzar\u00e1 a realizar recorridos regionales y distritales por el territorio veracruzano.<\/p>\n<p>En cambio, la dirigencia estatal panista, a cuyo frente se encuentra Jos\u00e9 de Jes\u00fas Mancha Alarc\u00f3n, aparece con m\u00e1s frecuencia ante los medios informativos; este 22 del presente, a prop\u00f3sito, el l\u00edder del albiazul en Veracruz se refiri\u00f3 a la forma en que operan sus opositores, b\u00e1sicamente el PRI, que busca convencer a militantes para que abandonen al PAN y se postulen por otras fuerzas pol\u00edticas.<\/p>\n<p>Cit\u00f3 el caso de la abanderada del Partido del Trabajo, Alba Leonila M\u00e9ndez Herrera, quien \u2013dijo\u2013 ya no milita en Acci\u00f3n Nacional desde que acept\u00f3 su postulaci\u00f3n por otra opci\u00f3n pol\u00edtica. Pepe Mancha se\u00f1al\u00f3 que en ese caso (al igual que en el de Pipo V\u00e1zquez), la estrategia del PRI es restar votos a la coalici\u00f3n \u201cUnidos para Rescatar Veracruz\u201d, que encabeza Miguel \u00c1ngel Yunes Linares.<\/p>\n<p>Asimismo, Mancha Alarc\u00f3n se lanz\u00f3 contra los consejeros del Organismo P\u00fablico Local Electoral, debido a que \u00e9stos habr\u00edan ajustado las cifras de las adhesiones a Juan Bueno Torio, aspirante independiente al gobierno del estado, para que el registro pasara sin mayores problemas.<\/p>\n<p>Sin embargo, al margen de esas quejas y se\u00f1alamientos que surgen de Acci\u00f3n Nacional, es evidente que los dirigentes estatales del blanquiazul y\/o los responsables de los procesos internos para la selecci\u00f3n de candidatos a diputados han actuado con suma torpeza.<\/p>\n<p>Este martes, por ejemplo, cuatro aspirantes del PAN a candidaturas a las diputaciones locales, Yamil Guti\u00e9rrez Rojas y Roberto Trinidad Gonz\u00e1lez Ruiz, del distrito XX de Orizaba; el consejero estatal Agust\u00edn Jaime Andrade Murga, quien busca una posici\u00f3n plurinominal; y Rafael Amador Mart\u00ednez, quien tambi\u00e9n pretender ser incorporado en la lista por representaci\u00f3n proporcional, interpusieron juicios de inconformidad contra la Comisi\u00f3n Permanente Estatal del blanquiazul, por la determinaci\u00f3n de excluirlos, de forma injustificada, del proceso interno.<\/p>\n<p>As\u00ed las cosas, Jos\u00e9 de Jes\u00fas Mancha asume un papel protag\u00f3nico frente a los medios, pero su trabajo en la operaci\u00f3n pol\u00edtica ha sido cuestionado y d\u00e9bil; por fortuna para Acci\u00f3n Nacional, el candidato a la gubernatura opera lo mismo como dirigente estatal que como coordinador de su propia campa\u00f1a.<\/p>\n<p><strong>M\u00e1s despidos en Pemex<\/strong><\/p>\n<p>La Uni\u00f3n Nacional de T\u00e9cnicos y Profesionistas Petroleros revel\u00f3 cifras preocupantes en dicho sector, sobre todo para entidades como Veracruz: s\u00f3lo en lo que va de 2016, Petr\u00f3leos Mexicanos ha despedido a mil 500 empleados en \u00e1reas de mantenimiento y operativas en las plantas de Coatzacoalcos y Minatitl\u00e1n, as\u00ed como en las refiner\u00edas ubicadas en Tula, Hidalgo, y Salina Cruz, Oaxaca.<\/p>\n<p>El recorte de personal en Pemex tambi\u00e9n incluir\u00e1 a trabajadores del \u00e1rea de exploraci\u00f3n, cuya plantilla pasar\u00e1 de 20 mil a 17 mil 500.<\/p>\n<p>Se trata de otro adelgazamiento de la n\u00f3mina de la empresa, que se suma al programa existente de retiro; lo relevante es que las plazas liberadas ya no se reasignar\u00e1n en el futuro. Son muy malas noticias para las regiones petroleras, como las del sur del estado, Coatzacoalcos y Minatitl\u00e1n, y la zona norte, particularmente Poza Rica, cuya econom\u00eda pr\u00e1cticamente depende de la industria petrolera.<\/p>\n<p>&nbsp;<\/p>\n<p>@luisromero85<\/p>\n","protected":false},"excerpt":{"rendered":"<p>&nbsp; &nbsp; &nbsp; &nbsp; Luis Alberto Romero Hora Cero &nbsp; Mientras la dirigencia estatal del Partido Acci\u00f3n Nacional ha desempe\u00f1ado un papel protag\u00f3nico durante las etapas previas a las campa\u00f1as formales de los candidatos a gobernador de Veracruz, el Comit\u00e9 Directivo Estatal del Revolucionario Institucional ha optado por una conducci\u00f3n m\u00e1s bien discreta. Hasta hoy, [&hellip;]<\/p>\n","protected":false},"author":2,"featured_media":0,"comment_status":"open","ping_status":"open","sticky":false,"template":"","format":"standard","meta":{"_jetpack_newsletter_access":"","_jetpack_dont_email_post_to_subs":false,"_jetpack_newsletter_tier_id":0,"_jetpack_memberships_contains_paywalled_content":false,"_jetpack_memberships_contains_paid_content":false,"footnotes":""},"categories":[70],"tags":[5154,5153,2980,266,372,251,5155],"class_list":["post-22212","post","type-post","status-publish","format-standard","hentry","category-de-opinion","tag-coalicion-unidos-para-rescatar-veracruz","tag-felipe-amadeo-flores","tag-jose-de-jesus-mancha-alarcon","tag-pan","tag-pemex","tag-pri","tag-union-nacional-de-tecnicos-y-profesionistas-petroleros"],"jetpack_featured_media_url":"","jetpack_sharing_enabled":true,"jetpack_shortlink":"https:\/\/wp.me\/p4Qcd3-5Mg","_links":{"self":[{"href":"https:\/\/lospoliticosveracruz.com.mx\/index.php?rest_route=\/wp\/v2\/posts\/22212","targetHints":{"allow":["GET"]}}],"collection":[{"href":"https:\/\/lospoliticosveracruz.com.mx\/index.php?rest_route=\/wp\/v2\/posts"}],"about":[{"href":"https:\/\/lospoliticosveracruz.com.mx\/index.php?rest_route=\/wp\/v2\/types\/post"}],"author":[{"embeddable":true,"href":"https:\/\/lospoliticosveracruz.com.mx\/index.php?rest_route=\/wp\/v2\/users\/2"}],"replies":[{"embeddable":true,"href":"https:\/\/lospoliticosveracruz.com.mx\/index.php?rest_route=%2Fwp%2Fv2%2Fcomments&post=22212"}],"version-history":[{"count":1,"href":"https:\/\/lospoliticosveracruz.com.mx\/index.php?rest_route=\/wp\/v2\/posts\/22212\/revisions"}],"predecessor-version":[{"id":22216,"href":"https:\/\/lospoliticosveracruz.com.mx\/index.php?rest_route=\/wp\/v2\/posts\/22212\/revisions\/22216"}],"wp:attachment":[{"href":"https:\/\/lospoliticosveracruz.com.mx\/index.php?rest_route=%2Fwp%2Fv2%2Fmedia&parent=22212"}],"wp:term":[{"taxonomy":"category","embeddable":true,"href":"https:\/\/lospoliticosveracruz.com.mx\/index.php?rest_route=%2Fwp%2Fv2%2Fcategories&post=22212"},{"taxonomy":"post_tag","embeddable":true,"href":"https:\/\/lospoliticosveracruz.com.mx\/index.php?rest_route=%2Fwp%2Fv2%2Ftags&post=22212"}],"curies":[{"name":"wp","href":"https:\/\/api.w.org\/{rel}","templated":true}]}}