{"id":22217,"date":"2016-03-23T20:05:09","date_gmt":"2016-03-24T02:05:09","guid":{"rendered":"http:\/\/www.lospoliticosveracruz.com.mx\/?p=22217"},"modified":"2016-03-23T20:05:09","modified_gmt":"2016-03-24T02:05:09","slug":"propuestas-de-campana","status":"publish","type":"post","link":"https:\/\/lospoliticosveracruz.com.mx\/?p=22217","title":{"rendered":"Propuestas de campa\u00f1a"},"content":{"rendered":"<p><a href=\"http:\/\/www.lospoliticosveracruz.com.mx\/wp-content\/uploads\/2014\/12\/theo-elecciones04-1_rickamacho.jpg\"><img loading=\"lazy\" decoding=\"async\" class=\"alignnone size-medium wp-image-14277\" src=\"http:\/\/www.lospoliticosveracruz.com.mx\/wp-content\/uploads\/2014\/12\/theo-elecciones04-1_rickamacho-300x164.jpg\" alt=\"theo-elecciones04-1_rickamacho\" width=\"300\" height=\"164\" \/><\/a><\/p>\n<p><strong>Sheyla Fuertes Lara<\/strong><\/p>\n<p><em>Mujeres que Saben Lat\u00edn<\/em><\/p>\n<p>El 5 de junio ser\u00e1n las votaciones en el estado de Veracruz, en las que el electorado elegiremos gobernador y 50 diputaciones, 30 electos por mayor\u00eda relativa y 20 por el principio de representaci\u00f3n proporcional.<\/p>\n<p>La lista nominal de electores es de aproximadamente 5.6 millones de personas, es decir, es la de mayor volumen dentro de las entidades que llevar\u00e1n a cabo elecciones en 2016. Los periodos electorales en Veracruz se ajustar\u00e1n despu\u00e9s de esta elecci\u00f3n para estar a la par con las elecciones federales de 2018, por lo que los puestos emanados de esta elecci\u00f3n tendr\u00e1n una duraci\u00f3n de dos a\u00f1os.<\/p>\n<p>Con el registro de las y los candidatos de los 11 partidos pol\u00edticos, 6 de ellos ir\u00e1n en alianzas, y dos candidatos independientes, buscar\u00e1n convencer al electorado cada vez m\u00e1s harto de que no cumplan sus promesas de campa\u00f1a.<\/p>\n<p>Las cifras del Instituto Nacional de Geograf\u00eda y Estad\u00edstica muestran que en Veracruz hay 7.110.214 millones de habitantes, el 48.15 por ciento de la poblaci\u00f3n son hombres y el 51.85 mujeres.<\/p>\n<p>Para hacerlas m\u00e1s atractivas y \u2013hasta originales-, las propuestas de quienes contienden podr\u00edan centrarse en la creaci\u00f3n de pol\u00edticas p\u00fablicas que beneficien a las mujeres, porque de igual forma estar\u00edan apoyando a toda la sociedad. De las propuestas que salen siempre est\u00e1n las que son en materia de obra p\u00fablica, pero jam\u00e1s escuchamos de propuestas de pol\u00edticas p\u00fablicas desde la perspectiva de g\u00e9nero o desde los derechos humanos.<\/p>\n<p>Los y las candidatas deben saber que la gente ya est\u00e1 harta de lo mismo: s\u00f3lo ver sus fotos abrazando o saludando a personas adultas mayores, o a ni\u00f1as y ni\u00f1os; que la etapa en que ganaban con la compra de votos est\u00e1 pasando, que la sociedad cambia y que el electorado requiere propuestas que beneficien a todas y todos, sobre todo en las zonas urbanas.<\/p>\n<p>Propuestas viables hay muchas, y los grupos organizados de mujeres traen una agenda p\u00fablica que las contempla desde hace mucho tiempo: Por ejemplo, verdaderas reformas a la constituci\u00f3n local y no improvisaciones como la reforma al art\u00edculo 4\u00ba Constitucional, \u00bfpor qu\u00e9 no garantizar la educaci\u00f3n sexual laica y el correcto abastecimiento e informaci\u00f3n sobre anticoncepci\u00f3n para evitar los embarazos no planeados?<\/p>\n<p>Sin embargo hay sectores de la poblaci\u00f3n que requieren de propuestas espec\u00edficas y pocas veces se les recuerda, ejemplo de ello son las personas adultas mayores, quienes no cuentan con espacios dignos d\u00f3nde ubicarlos en su vejez. \u00bfY qu\u00e9 me dicen de la salud mental? No hay programa o acci\u00f3n que alcance para darle respuesta a la poblaci\u00f3n que presenta esa problem\u00e1tica o a sus familiares.<\/p>\n<p>En el tema de salud, hay que mejorar los servicios, para evitar que las personas tengan que esperar horas antes de recibir atenci\u00f3n y de muy mala calidad. As\u00ed tambi\u00e9n est\u00e1 el tema de la denuncia, las mujeres, pues tienen que pasar por largos procesos para que se aplique la ley y se haga justicia, ante cualquier tipo y modalidad violencia. Adem\u00e1s, se debe legislar para cambiar la tramitolog\u00eda y que las personas que deseen adoptar lo hagan sin pasar por largos procesos para que al final no lo consigan, \u00bfuna propuesta m\u00e1s?, \u00bfpor qu\u00e9 no respetar los derechos de todas las personas y legislar por el matrimonio igualitario?.. ah s\u00ed, temen perder popularidad ante el sector conservador.<\/p>\n<p>Cada d\u00eda las personas nos informamos m\u00e1s, reflexionamos a la hora de votar, y estoy segura que aquellas personas que hoy entregan su voto por una despensa, una l\u00e1mina o un apoyo econ\u00f3mico, terminar\u00e1n por convencerse que estas cosas les ayudan por un momento y un mal gobernante lo tenemos por 6 a\u00f1os.<\/p>\n<p>S\u00ed, s\u00ed es posible cambiar la mentalidad de las personas, creo que tiene que llegar el momento en que todas y todos reflexionemos sobre a quienes le otorgamos el voto, y espero que no pase mucho tiempo en que la ciudadan\u00eda deje de vender su voto al mejor postor. El mundo est\u00e1 cambiando, tambi\u00e9n podemos hacerlo, por nuestro bien y el de las personas que nos rodean.<\/p>\n","protected":false},"excerpt":{"rendered":"<p>Sheyla Fuertes Lara Mujeres que Saben Lat\u00edn El 5 de junio ser\u00e1n las votaciones en el estado de Veracruz, en las que el electorado elegiremos gobernador y 50 diputaciones, 30 electos por mayor\u00eda relativa y 20 por el principio de representaci\u00f3n proporcional. La lista nominal de electores es de aproximadamente 5.6 millones de personas, es [&hellip;]<\/p>\n","protected":false},"author":2,"featured_media":0,"comment_status":"open","ping_status":"open","sticky":false,"template":"","format":"standard","meta":{"_jetpack_newsletter_access":"","_jetpack_dont_email_post_to_subs":false,"_jetpack_newsletter_tier_id":0,"_jetpack_memberships_contains_paywalled_content":false,"_jetpack_memberships_contains_paid_content":false,"footnotes":""},"categories":[70],"tags":[824,178,195],"class_list":["post-22217","post","type-post","status-publish","format-standard","hentry","category-de-opinion","tag-campana","tag-inegi","tag-veracruz"],"jetpack_featured_media_url":"","jetpack_sharing_enabled":true,"jetpack_shortlink":"https:\/\/wp.me\/p4Qcd3-5Ml","_links":{"self":[{"href":"https:\/\/lospoliticosveracruz.com.mx\/index.php?rest_route=\/wp\/v2\/posts\/22217","targetHints":{"allow":["GET"]}}],"collection":[{"href":"https:\/\/lospoliticosveracruz.com.mx\/index.php?rest_route=\/wp\/v2\/posts"}],"about":[{"href":"https:\/\/lospoliticosveracruz.com.mx\/index.php?rest_route=\/wp\/v2\/types\/post"}],"author":[{"embeddable":true,"href":"https:\/\/lospoliticosveracruz.com.mx\/index.php?rest_route=\/wp\/v2\/users\/2"}],"replies":[{"embeddable":true,"href":"https:\/\/lospoliticosveracruz.com.mx\/index.php?rest_route=%2Fwp%2Fv2%2Fcomments&post=22217"}],"version-history":[{"count":1,"href":"https:\/\/lospoliticosveracruz.com.mx\/index.php?rest_route=\/wp\/v2\/posts\/22217\/revisions"}],"predecessor-version":[{"id":22218,"href":"https:\/\/lospoliticosveracruz.com.mx\/index.php?rest_route=\/wp\/v2\/posts\/22217\/revisions\/22218"}],"wp:attachment":[{"href":"https:\/\/lospoliticosveracruz.com.mx\/index.php?rest_route=%2Fwp%2Fv2%2Fmedia&parent=22217"}],"wp:term":[{"taxonomy":"category","embeddable":true,"href":"https:\/\/lospoliticosveracruz.com.mx\/index.php?rest_route=%2Fwp%2Fv2%2Fcategories&post=22217"},{"taxonomy":"post_tag","embeddable":true,"href":"https:\/\/lospoliticosveracruz.com.mx\/index.php?rest_route=%2Fwp%2Fv2%2Ftags&post=22217"}],"curies":[{"name":"wp","href":"https:\/\/api.w.org\/{rel}","templated":true}]}}