{"id":22220,"date":"2016-03-25T11:47:37","date_gmt":"2016-03-25T17:47:37","guid":{"rendered":"http:\/\/www.lospoliticosveracruz.com.mx\/?p=22220"},"modified":"2016-03-25T11:47:37","modified_gmt":"2016-03-25T17:47:37","slug":"la-burla-de-emiliano-zapata","status":"publish","type":"post","link":"https:\/\/lospoliticosveracruz.com.mx\/?p=22220","title":{"rendered":"La burla de Emiliano Zapata"},"content":{"rendered":"<p><a href=\"http:\/\/www.lospoliticosveracruz.com.mx\/wp-content\/uploads\/2016\/03\/Daniel-Olmos-Barradas.jpg\"><img loading=\"lazy\" decoding=\"async\" class=\"alignnone size-medium wp-image-22222\" src=\"http:\/\/www.lospoliticosveracruz.com.mx\/wp-content\/uploads\/2016\/03\/Daniel-Olmos-Barradas-300x157.jpg\" alt=\"Daniel Olmos Barradas\" width=\"300\" height=\"157\" \/><\/a><\/p>\n<p><strong>Jorge Viveros Pasquel<\/strong><\/p>\n<p><em>Como escribir sin andar escribiendo<\/em><\/p>\n<p>Y junto a Xalapa (la Capital de nuestro Estado), en un ejemplo claro del nepotismo m\u00e1s vulgar, resulta que en el hist\u00f3rico Municipio de Emiliano Zapata uno de los candidatos a Diputado se llama Daniel Olmos Barradas y es ni m\u00e1s ni menos que hijo del actual Presidente Municipal Daniel Olmos Garc\u00eda&#8230; \u00bfde verdad no hab\u00eda entre todos los habitantes ninguno con m\u00e1s m\u00e9ritos? Que poca verg\u00fcenza del Pap\u00e1, que poca verg\u00fcenza del hijo, y tambi\u00e9n del PAN y del PRD que hacen como si no existiera aqu\u00ed un claro conflicto de intereses.<\/p>\n<p>A mis amigos que militan en esos Partidos (PAN y PRD) les pregunto: \u00bfdonde est\u00e1n? Los quiero o\u00edr denunciando este tr\u00e1fico de influencias tan descarado y barato.<\/p>\n<p>A mis amigos de los medios de comunicaci\u00f3n les pido que me ayuden a se\u00f1alar que aqu\u00ed se corrompen y trafican las designaciones a diputados (justo como le hicieron los hijos de Fidel Herrera, Miguel \u00c1ngel Yunes, Manlio Fabio Beltrones, Emilio Gamboa Patr\u00f3n, etc.)<\/p>\n<p>A los que me leen y les molestan estas cosas les pido que lo compartan.<\/p>\n<p>Y a los que aqu\u00ed militan activamente en la oposici\u00f3n (PRI, Morena, PANAL, AVE, PVEM, etc.) les reclamo no tener ni dos cent\u00edmetros de frente, ni vocaci\u00f3n pol\u00edtica para haber se\u00f1alado y evidenciado este cochinero hace un mes, les reclamo por no haber convocando ruedas de prensa o estar repartiendo flyers de esta situaci\u00f3n puerta por puerta.<\/p>\n<p>Del actual Alcalde les puedo decir que casualmente el mismo d\u00eda que tom\u00f3 posesi\u00f3n llegaron los invasores, que jam\u00e1s se preocup\u00f3 por los habitantes que \u00e9stos afectaron, que les permiti\u00f3 destruir impunemente obra p\u00fablica, que no le interesa el medio ambiente pues las fuentes de contaminaci\u00f3n siguen como nunca afectando a grandes n\u00facleos de poblaci\u00f3n en donde hay ni\u00f1os que todos los d\u00edas respiran aire igual o peor al que tuvieron hace poco en la Ciudad de M\u00e9xico y que por lo mismo no tiene calidad moral para querer perpetrarse pol\u00edticamente a trav\u00e9s de su hijo.<\/p>\n","protected":false},"excerpt":{"rendered":"<p>Jorge Viveros Pasquel Como escribir sin andar escribiendo Y junto a Xalapa (la Capital de nuestro Estado), en un ejemplo claro del nepotismo m\u00e1s vulgar, resulta que en el hist\u00f3rico Municipio de Emiliano Zapata uno de los candidatos a Diputado se llama Daniel Olmos Barradas y es ni m\u00e1s ni menos que hijo del actual [&hellip;]<\/p>\n","protected":false},"author":2,"featured_media":0,"comment_status":"open","ping_status":"open","sticky":false,"template":"","format":"standard","meta":{"_jetpack_newsletter_access":"","_jetpack_dont_email_post_to_subs":false,"_jetpack_newsletter_tier_id":0,"_jetpack_memberships_contains_paywalled_content":false,"_jetpack_memberships_contains_paid_content":false,"footnotes":""},"categories":[70],"tags":[5158,4198,469,1598,79,617,1510,266,107],"class_list":["post-22220","post","type-post","status-publish","format-standard","hentry","category-de-opinion","tag-daniel-olmos-barradas","tag-daniel-olmos-garcia","tag-emiliano-zapata","tag-emilio-gamboa-patron","tag-fidel-herrera","tag-manlio-fabio-beltrones","tag-miguel-angel-yunes","tag-pan","tag-prd"],"jetpack_featured_media_url":"","jetpack_sharing_enabled":true,"jetpack_shortlink":"https:\/\/wp.me\/p4Qcd3-5Mo","_links":{"self":[{"href":"https:\/\/lospoliticosveracruz.com.mx\/index.php?rest_route=\/wp\/v2\/posts\/22220","targetHints":{"allow":["GET"]}}],"collection":[{"href":"https:\/\/lospoliticosveracruz.com.mx\/index.php?rest_route=\/wp\/v2\/posts"}],"about":[{"href":"https:\/\/lospoliticosveracruz.com.mx\/index.php?rest_route=\/wp\/v2\/types\/post"}],"author":[{"embeddable":true,"href":"https:\/\/lospoliticosveracruz.com.mx\/index.php?rest_route=\/wp\/v2\/users\/2"}],"replies":[{"embeddable":true,"href":"https:\/\/lospoliticosveracruz.com.mx\/index.php?rest_route=%2Fwp%2Fv2%2Fcomments&post=22220"}],"version-history":[{"count":1,"href":"https:\/\/lospoliticosveracruz.com.mx\/index.php?rest_route=\/wp\/v2\/posts\/22220\/revisions"}],"predecessor-version":[{"id":22223,"href":"https:\/\/lospoliticosveracruz.com.mx\/index.php?rest_route=\/wp\/v2\/posts\/22220\/revisions\/22223"}],"wp:attachment":[{"href":"https:\/\/lospoliticosveracruz.com.mx\/index.php?rest_route=%2Fwp%2Fv2%2Fmedia&parent=22220"}],"wp:term":[{"taxonomy":"category","embeddable":true,"href":"https:\/\/lospoliticosveracruz.com.mx\/index.php?rest_route=%2Fwp%2Fv2%2Fcategories&post=22220"},{"taxonomy":"post_tag","embeddable":true,"href":"https:\/\/lospoliticosveracruz.com.mx\/index.php?rest_route=%2Fwp%2Fv2%2Ftags&post=22220"}],"curies":[{"name":"wp","href":"https:\/\/api.w.org\/{rel}","templated":true}]}}