{"id":22593,"date":"2016-04-10T21:31:41","date_gmt":"2016-04-11T02:31:41","guid":{"rendered":"http:\/\/www.lospoliticosveracruz.com.mx\/?p=22593"},"modified":"2016-04-10T21:31:41","modified_gmt":"2016-04-11T02:31:41","slug":"orgullosamente-jarocha","status":"publish","type":"post","link":"https:\/\/lospoliticosveracruz.com.mx\/?p=22593","title":{"rendered":"Orgullosamente jarocha"},"content":{"rendered":"<p><a href=\"http:\/\/www.lospoliticosveracruz.com.mx\/wp-content\/uploads\/2016\/04\/jarocha.png\"><img loading=\"lazy\" decoding=\"async\" class=\"alignnone size-medium wp-image-22594\" src=\"http:\/\/www.lospoliticosveracruz.com.mx\/wp-content\/uploads\/2016\/04\/jarocha-300x243.png\" alt=\"jarocha\" width=\"300\" height=\"243\" \/><\/a><\/p>\n<p><strong>Elena C\u00f3rdova<\/strong><br \/>\n<em>Luna Nueva\u00a0<\/em><\/p>\n<p>Cuando escucho a la gente mayor hablar con nostalgia, con voz emotiva y si se quiere hasta con cierta tristeza, de c\u00f3mo era Xalapa, Veracruz puerto, C\u00f3rdoba, Coatzacoalcos, Tuxpan\u2026 en general, de un Estado de Veracruz que ya no es, no dejo de pensar sobre qu\u00e9 pas\u00f3.<br \/>\nEn el presente, cuando leo un art\u00edculo, un reportaje escrito por gente profesional que se dedica a los medios internacionales y nacionales, tambi\u00e9n busco el apartado en donde la gente, el ciudadano com\u00fan opina sobre el particular, sobre el tema; como veracruzana, siento un enorme dolor, una serie de sentimientos en el que sobresale la impotencia. El motivo principal es que tienen cierta raz\u00f3n, les asiste parte de verdad en sus opiniones que vierten de manera espont\u00e1nea lectores de otros estados, incluso de otros pa\u00edses, tienen la percepci\u00f3n de que realmente estamos muy mal. Para efectos del tema cito algunas alusiones: \u201cpobres veracruzanos, tan bonito que es su estado y tan corrupto\u201d, \u201cno puedo creer que los veracruzanos tan alegres que son, ahora vivan en la tristeza, en la inseguridad\u201d, \u201cbien dicen que los pueblos tienen el gobierno que se merecen. Qu\u00e9 estar\u00e1n pagando los veracruzanos\u201d\u2026 aqu\u00ed radica mi impotencia, pues como dice el refr\u00e1n: estamos pagando justos por pecadores.<br \/>\nEn Veracruz tambi\u00e9n existimos mucha gente que d\u00eda a d\u00eda tratamos de mejorar desde nuestra trinchera, nuestro entorno y no s\u00f3lo a nosotros mismos; tambi\u00e9n quisiera decirles a ellos que por unos cuantos que no respondieron a la confianza que como autoridades les otorg\u00f3 el pueblo, no se puede generalizar que todos los funcionarios y pol\u00edticos son iguales. Tenemos muchos ejemplos vivos de pol\u00edticos, de la vieja guardia como les llaman, que son personas con trabajo, experiencia, vocaci\u00f3n de servicio y sensibilidad pol\u00edtica.<br \/>\nAl igual que muchos veracruzanos, tambi\u00e9n anhelo que regrese ese Veracruz del que tanto hablan y que en su momento fue referente nacional e internacional, en materia de econom\u00eda, agricultura, turismo, cultura, educaci\u00f3n, liderazgos y por qu\u00e9 no decirlo, de los pol\u00edticos que tuvieron importantes cargos en el gabinete presidencial y que en su momento hicieron su aportaci\u00f3n hist\u00f3rica en la pol\u00edtica nacional como don Miguel Alem\u00e1n Vald\u00e9s, don Adolfo Ruiz Cortines, don Fernando Guti\u00e9rrez Barrios y muchos m\u00e1s, que por razones, no de merecimientos, sino de espacio, no me es posible citarlos.<br \/>\nSomos millones de veracruzanos los que debemos salir al frente, los que debemos, a trav\u00e9s de los amigos, familiares, conocidos que tenemos dentro y fuera de la entidad, hablar bien, sin dejar de reconocer lo poco malo que existe y as\u00ed revertir esa idea generalizada de que Veracruz no est\u00e1 bien.<br \/>\nEstamos frente a la posibilidad de lograr un cambio radical en Veracruz en todos los aspectos, no tengo la menor duda.<br \/>\n\u201cVeracruz mostrar\u00e1 sus riquezas, su gente, su cultura, su gastronom\u00eda, daremos todo el apoyo para dar nueva vida a todo aquello que nos hace ser veracruzanos, y que el pa\u00eds y el mundo nos vuelva a ver como lo que somos: el estado de la gente buena, honesta, alegre y trabajadora\u201d. \u00a1S\u00ed! As\u00ed debemos pensar y luchar por revivir el verdadero Veracruz, igual que lo cree y hace, H\u00e9ctor Yunes, autor de estas palabras.<\/p>\n","protected":false},"excerpt":{"rendered":"<p>Elena C\u00f3rdova Luna Nueva\u00a0 Cuando escucho a la gente mayor hablar con nostalgia, con voz emotiva y si se quiere hasta con cierta tristeza, de c\u00f3mo era Xalapa, Veracruz puerto, C\u00f3rdoba, Coatzacoalcos, Tuxpan\u2026 en general, de un Estado de Veracruz que ya no es, no dejo de pensar sobre qu\u00e9 pas\u00f3. En el presente, cuando [&hellip;]<\/p>\n","protected":false},"author":2,"featured_media":0,"comment_status":"open","ping_status":"open","sticky":false,"template":"","format":"standard","meta":{"_jetpack_newsletter_access":"","_jetpack_dont_email_post_to_subs":false,"_jetpack_newsletter_tier_id":0,"_jetpack_memberships_contains_paywalled_content":false,"_jetpack_memberships_contains_paid_content":false,"footnotes":""},"categories":[70],"tags":[4452,348,195],"class_list":["post-22593","post","type-post","status-publish","format-standard","hentry","category-de-opinion","tag-elena-cordova","tag-hector-yunes-landa","tag-veracruz"],"jetpack_featured_media_url":"","jetpack_sharing_enabled":true,"jetpack_shortlink":"https:\/\/wp.me\/p4Qcd3-5Sp","_links":{"self":[{"href":"https:\/\/lospoliticosveracruz.com.mx\/index.php?rest_route=\/wp\/v2\/posts\/22593","targetHints":{"allow":["GET"]}}],"collection":[{"href":"https:\/\/lospoliticosveracruz.com.mx\/index.php?rest_route=\/wp\/v2\/posts"}],"about":[{"href":"https:\/\/lospoliticosveracruz.com.mx\/index.php?rest_route=\/wp\/v2\/types\/post"}],"author":[{"embeddable":true,"href":"https:\/\/lospoliticosveracruz.com.mx\/index.php?rest_route=\/wp\/v2\/users\/2"}],"replies":[{"embeddable":true,"href":"https:\/\/lospoliticosveracruz.com.mx\/index.php?rest_route=%2Fwp%2Fv2%2Fcomments&post=22593"}],"version-history":[{"count":1,"href":"https:\/\/lospoliticosveracruz.com.mx\/index.php?rest_route=\/wp\/v2\/posts\/22593\/revisions"}],"predecessor-version":[{"id":22595,"href":"https:\/\/lospoliticosveracruz.com.mx\/index.php?rest_route=\/wp\/v2\/posts\/22593\/revisions\/22595"}],"wp:attachment":[{"href":"https:\/\/lospoliticosveracruz.com.mx\/index.php?rest_route=%2Fwp%2Fv2%2Fmedia&parent=22593"}],"wp:term":[{"taxonomy":"category","embeddable":true,"href":"https:\/\/lospoliticosveracruz.com.mx\/index.php?rest_route=%2Fwp%2Fv2%2Fcategories&post=22593"},{"taxonomy":"post_tag","embeddable":true,"href":"https:\/\/lospoliticosveracruz.com.mx\/index.php?rest_route=%2Fwp%2Fv2%2Ftags&post=22593"}],"curies":[{"name":"wp","href":"https:\/\/api.w.org\/{rel}","templated":true}]}}