{"id":22753,"date":"2016-04-17T14:55:13","date_gmt":"2016-04-17T19:55:13","guid":{"rendered":"http:\/\/www.lospoliticosveracruz.com.mx\/?p=22753"},"modified":"2016-04-17T14:55:13","modified_gmt":"2016-04-17T19:55:13","slug":"pobreza-mata-mas-que-inseguridad-mendez-de-la-luz","status":"publish","type":"post","link":"https:\/\/lospoliticosveracruz.com.mx\/?p=22753","title":{"rendered":"Pobreza mata m\u00e1s que inseguridad: M\u00e9ndez de la Luz"},"content":{"rendered":"<p><a href=\"http:\/\/www.lospoliticosveracruz.com.mx\/wp-content\/uploads\/2016\/04\/Armando-M\u00e9ndez-de-la-Luz1.jpg\"><img loading=\"lazy\" decoding=\"async\" class=\"alignnone size-medium wp-image-22759\" src=\"http:\/\/www.lospoliticosveracruz.com.mx\/wp-content\/uploads\/2016\/04\/Armando-M\u00e9ndez-de-la-Luz1-300x200.jpg\" alt=\"Armando M\u00e9ndez de la Luz\" width=\"300\" height=\"200\" \/><\/a><\/p>\n<p>Durante un recorrido por el mercado Benito Ju\u00e1rez de Huatusco, el candidato de Movimiento Ciudadano al gobierno de Veracruz, Armando M\u00e9ndez de la Luz, salud\u00f3 y dialog\u00f3 con los locatarios quienes le mostraron muestras de afecto y simpat\u00eda hacia su persona, quienes le solicitaron mejorar las condiciones f\u00edsicas del inmueble, por ser su principal fuente de ingreso para el sustento de sus familias.<\/p>\n<p>M\u00e1s tarde se traslad\u00f3 al municipio de Ixhuatl\u00e1n del Caf\u00e9, en donde la gente se quej\u00f3 de la inseguridad, la falta de empleo y de la mala atenci\u00f3n que reciben en los centros de salud; por ello, le solicitaron el mejoramiento de las cl\u00ednicas y hospitales de la regi\u00f3n. El se\u00f1or Inocencio Trujillo Cervantes le pidi\u00f3 apoyo para para dializarse; la se\u00f1ora Ana Laura Ramos Cogco se quej\u00f3 de la falta de medicamentos y servicios, lo cual obliga a la gente a trasladar a los enfermos a C\u00f3rdoba y Veracruz para su atenci\u00f3n, pero muchas veces por la gravedad del paciente mueren en el camino. Por su parte el se\u00f1or Vicente Morales pidi\u00f3 apoyo para la terapia que necesita para recuperarse de un derrame cerebral, ya que el sector salud no cuenta con ese servicio.<\/p>\n<p>Ante el planteamiento de la gente, M\u00e9ndez de la Luz dijo: \u201cen el presupuesto de gobierno hay dinero suficiente para equipar y dotar de medicamentos y reactivos a las cl\u00ednicas y hospitales, pero se lo roban. Es necesario combatir la corrupci\u00f3n e instrumentar un programa de austeridad con el fin de acabar con los privilegios y los altos sueldos de funcionarios, para lograr ahorros que se puedan aplicar al mejoramiento de las condiciones de vida de los veracruzanos\u201d.<\/p>\n<p>Coment\u00f3 que es inaceptable que en el Distrito de Huatusco m\u00e1s de 198 mil personas, equivalente al 81.6% de la poblaci\u00f3n est\u00e9n en pobreza y de \u00e9stas 93 mil vivan en pobreza extrema. Adem\u00e1s hay un rezago educativo en la regi\u00f3n superior al 38% y 91 de cada 100 personas no tienen acceso a la seguridad social.<\/p>\n<p>\u201cLa inseguridad es un flagelo contra el que debemos de luchar, por ello debemos garantizarles seguridad y devolverles la tranquilidad a los veracruzanos. Pero adem\u00e1s, me comprometo a realizar un programa de combate frontal a la pobreza, porque la pobreza mata a\u00fan m\u00e1s personas que la inseguridad. Impulsaremos mejores cl\u00ednicas y hospitales, mejoraremos la atenci\u00f3n m\u00e9dica y dignificaremos las escuelas. No m\u00e1s escuelas con pisos de tierra, sin ba\u00f1os y techo de l\u00e1mina Eso es parte de mi propuesta y con la fuerza organizada de los ciudadanos lo vamos a lograr\u201d.<\/p>\n<p>Posteriormente se traslad\u00f3 a los municipios de Coscomatepec y Chocam\u00e1n, en donde sostuvo reuniones con los habitantes de esos municipios.<\/p>\n","protected":false},"excerpt":{"rendered":"<p>Durante un recorrido por el mercado Benito Ju\u00e1rez de Huatusco, el candidato de Movimiento Ciudadano al gobierno de Veracruz, Armando M\u00e9ndez de la Luz, salud\u00f3 y dialog\u00f3 con los locatarios quienes le mostraron muestras de afecto y simpat\u00eda hacia su persona, quienes le solicitaron mejorar las condiciones f\u00edsicas del inmueble, por ser su principal fuente [&hellip;]<\/p>\n","protected":false},"author":2,"featured_media":0,"comment_status":"open","ping_status":"open","sticky":false,"template":"","format":"standard","meta":{"_jetpack_newsletter_access":"","_jetpack_dont_email_post_to_subs":false,"_jetpack_newsletter_tier_id":0,"_jetpack_memberships_contains_paywalled_content":false,"_jetpack_memberships_contains_paid_content":false,"footnotes":""},"categories":[73],"tags":[3672,196,97],"class_list":["post-22753","post","type-post","status-publish","format-standard","hentry","category-de-boleto","tag-armando-mendez-de-la-luz","tag-inseguridad","tag-pobreza"],"jetpack_featured_media_url":"","jetpack_sharing_enabled":true,"jetpack_shortlink":"https:\/\/wp.me\/p4Qcd3-5UZ","_links":{"self":[{"href":"https:\/\/lospoliticosveracruz.com.mx\/index.php?rest_route=\/wp\/v2\/posts\/22753","targetHints":{"allow":["GET"]}}],"collection":[{"href":"https:\/\/lospoliticosveracruz.com.mx\/index.php?rest_route=\/wp\/v2\/posts"}],"about":[{"href":"https:\/\/lospoliticosveracruz.com.mx\/index.php?rest_route=\/wp\/v2\/types\/post"}],"author":[{"embeddable":true,"href":"https:\/\/lospoliticosveracruz.com.mx\/index.php?rest_route=\/wp\/v2\/users\/2"}],"replies":[{"embeddable":true,"href":"https:\/\/lospoliticosveracruz.com.mx\/index.php?rest_route=%2Fwp%2Fv2%2Fcomments&post=22753"}],"version-history":[{"count":1,"href":"https:\/\/lospoliticosveracruz.com.mx\/index.php?rest_route=\/wp\/v2\/posts\/22753\/revisions"}],"predecessor-version":[{"id":22760,"href":"https:\/\/lospoliticosveracruz.com.mx\/index.php?rest_route=\/wp\/v2\/posts\/22753\/revisions\/22760"}],"wp:attachment":[{"href":"https:\/\/lospoliticosveracruz.com.mx\/index.php?rest_route=%2Fwp%2Fv2%2Fmedia&parent=22753"}],"wp:term":[{"taxonomy":"category","embeddable":true,"href":"https:\/\/lospoliticosveracruz.com.mx\/index.php?rest_route=%2Fwp%2Fv2%2Fcategories&post=22753"},{"taxonomy":"post_tag","embeddable":true,"href":"https:\/\/lospoliticosveracruz.com.mx\/index.php?rest_route=%2Fwp%2Fv2%2Ftags&post=22753"}],"curies":[{"name":"wp","href":"https:\/\/api.w.org\/{rel}","templated":true}]}}