{"id":22926,"date":"2016-04-24T23:34:35","date_gmt":"2016-04-25T04:34:35","guid":{"rendered":"http:\/\/www.lospoliticosveracruz.com.mx\/?p=22926"},"modified":"2016-04-24T23:34:35","modified_gmt":"2016-04-25T04:34:35","slug":"epitafio-y-juramento","status":"publish","type":"post","link":"https:\/\/lospoliticosveracruz.com.mx\/?p=22926","title":{"rendered":"Epitafio y juramento"},"content":{"rendered":"<p><a href=\"http:\/\/www.lospoliticosveracruz.com.mx\/wp-content\/uploads\/2016\/04\/Armando-M\u00e9ndez-de-la-Luz2.jpg\"><img loading=\"lazy\" decoding=\"async\" class=\"alignnone size-medium wp-image-22927\" src=\"http:\/\/www.lospoliticosveracruz.com.mx\/wp-content\/uploads\/2016\/04\/Armando-M\u00e9ndez-de-la-Luz2-300x170.jpg\" alt=\"Armando M\u00e9ndez de la Luz\" width=\"300\" height=\"170\" \/><\/a><br \/>\n<strong>Salvador Mu\u00f1oz<\/strong><\/p>\n<p><em>Los Pol\u00edticos<\/em><\/p>\n<p>No s\u00e9 qui\u00e9n sea, pero sus palabras est\u00e1n plasmadas en piedra, aunque yo las le\u00ed en papel. A\u00fan no llegaba Armando M\u00e9ndez de la Luz, el candidato de Movimiento Ciudadano por la Gubernatura, as\u00ed que tom\u00e9 la Revista de la Cr\u00f3nica Xalape\u00f1a que nos extendi\u00f3 don Jos\u00e9 Zayd\u00e9n Dom\u00ednguez y fueron varias cosas las que me llamaron la atenci\u00f3n en la p\u00e1gina 26. Primero, el tema: epitafios en el Pante\u00f3n Antiguo. Segundo, el autor: Froyl\u00e1n Flores Cancela; aunque el tercer punto es el que hizo que mis ojos se llenaran de l\u00e1grimas&#8230; era el primer epitafio que a continuaci\u00f3n transcribo:<br \/>\n<em>\u201cM.A.C. de R.<\/em><br \/>\n<em> A ti, mi inolvidable Ana:<\/em><br \/>\n<em> Sin que revelen nada, guardando igual misterio en dos sepulcros, tienes augusta posesi\u00f3n:<\/em><br \/>\n<em> El uno, donde duermes, est\u00e1 en el cementerio,<\/em><br \/>\n<em> El otro, donde vives, est\u00e1 en mi coraz\u00f3n.<\/em><br \/>\n<em> 20 de junio de 1895<\/em><br \/>\n<em> Tu Frantz\u201d<\/em><br \/>\nII<br \/>\nLleg\u00f3 Armando M\u00e9ndez de la Luz y promete en mejor ocasi\u00f3n, explicarme a detalle El Huapango de Moncayo. Se re\u00fane con Otero Ciudadano y yo fui de colado a invitaci\u00f3n de Leonor de la Miyar. All\u00ed me entero que el candidato de Movimiento Ciudadano es parte de una familia de 9 hermanos (tres ya fallecidos), pero que gracias al esfuerzo de sus padres y al propio, hicieron carrera profesional.<br \/>\nCito el dato porque platica que su candidatura no es una ocurrencia\u2026 Ya en 1998, en 2004 y 2010 hubo la posibilidad de que as\u00ed lo fuera. Hoy, considera que es su momento. Y por eso, cuando decidi\u00f3 aceptar la propuesta de ser candidato, no s\u00f3lo asume una responsabilidad con la gente, sino igual se compromete con sus hermanos y padres fallecidos, en una forma de honrar su memoria.<br \/>\nIII<br \/>\n\u201cAquellos enfermos que nos gobernaron\u201d. Cita M\u00e9ndez de la Luz la obra de dos Pierre, Accoce y Rentchnick, que trata sobre las decisiones tomadas por algunos l\u00edderes en momentos de desequilibrio emocional o f\u00edsico de los mismos, decisiones que fueron significativas en la historia; aunque realmente el candidato de Movimiento Ciudadano creo que igual se refiere al \u201cmareo del poder\u201d, que puede darnos gobernantes represivos, y remata su comentario diciendo que \u201cno puede haber an\u00e1lisis pol\u00edtico y econ\u00f3mico sin el psicol\u00f3gico\u201d.<br \/>\nIV<br \/>\nSabe desde un inicio de esta campa\u00f1a que va contracorriente, pero enfatiza que si bien \u201cno soy el bueno, tampoco soy el malo ni soy el peor\u201d, por ello busca en sus recorridos \u201cconstruir ciudadan\u00eda\u201d aprovechando que tanto el PRI como el PAN son rebasados por la sociedad veracruzana. Si bien cree que vaya a haber voto de castigo tanto para este gobierno, para el tricolor as\u00ed como para el blanquiazul, espera que los electores razonen su voto y no sea visceral.<br \/>\nAsume su compromiso al estilo yaqui:<br \/>\n<em>\u201cPara ti no habr\u00e1 sol, para ti no habr\u00e1 muerte,<\/em><br \/>\n<em> para ti no habr\u00e1 dolor, para ti no habr\u00e1 calor,<\/em><br \/>\n<em> ni sed, ni hambre, ni lluvia, ni aire, ni enfermedad, ni familia.<\/em><br \/>\n<em> Nada te causar\u00e1 temor, todo ha terminado para ti,<\/em><br \/>\n<em> excepto una cosa: Hacer tu trabajo.<\/em><br \/>\n<em> En el puesto que has sido asignado,<\/em><br \/>\n<em> ah\u00ed te quedar\u00e1s para la defensa de tu naci\u00f3n,<\/em><br \/>\n<em> de tu gente, de tu raza, de tus costumbres, de tu religi\u00f3n.<\/em><br \/>\n<em> \u00bfJuras cumplir con el divino mandato?\u201d<\/em><br \/>\nEl juramento yaqui en nuestros pol\u00edticos, nos queda claro, no es entendido\u2026 y estoy seguro que si tampoco entienden ese compromiso que adquiere al citarlo Armando M\u00e9ndez de la Luz, candidato de Movimiento Ciudadano a la gubernatura, mucho menos han de entender del compromiso de coraz\u00f3n, como el epitafio de Frantz a la inolvidable Ana.<\/p>\n<p><strong>El enojo de Miyuli<\/strong><br \/>\nLa platico como me la contaron: \u201c\u00bfTe diste cuenta que no hubo fotos del evento de Guti\u00e9rrez Zamora?\u201d; apenas leyendo ya estoy checando las redes y les digo que s\u00ed, que s\u00ed hubo fotos: Dos. Las encuentro en el Facebook de Pepe Mancha, porque en los sitios del PRD no vi ninguna. Es m\u00e1s, hasta es el PRD quien las comparte de la misma p\u00e1gina del dirigente panista. Y contin\u00faa: \u201cDicen que el evento organizado por el alcalde perredista de San Rafael estuvo muy desangelado\u201d&#8230; y veo las fotos: Una, del presidium donde la cara de H\u00e9ctor Lagunes Reyes, edil de San Rafael, tiene cara de preocupado. La otra foto realmente no evidencia mucha gente. Es m\u00e1s, la foto es cerrada, como \u201cpara que se vea un gent\u00edo\u201d. Y remata mi interlocutor: \u201cDicen que estaba muy molesto Miguel \u00c1ngel, tanto que le dijo \u2013al tambi\u00e9n presidente de la Coordinadora de Autoridades Municipales\u2013 de que para qu\u00e9 le organizaba este tipo de eventos \u00a1y zaz! y que se hicieron de palabras, previo al evento\u2026 y qu\u00e9 casualidad que lo atacan\u2026 lo bueno es que aparentemente el alcalde es muy buen conductor\u2026\u201d<br \/>\n\u2013\u00bfPor qu\u00e9?<br \/>\n\u2013Porque dicen que iban en la camioneta el jefe de prensa, Johnny Cuevas; el director de sistemas computacionales, Iv\u00e1n Oropeza y la esposa del alcalde as\u00ed como \u00e9l\u2026 si la camioneta es del alcalde, pues supongo que el que iba manejando era \u00e9l\u2026 imagina, el carro tiene un disparo por el frente y por detr\u00e1s pero qu\u00e9 tan malos ser\u00edan los malandros que incluso en la persecuci\u00f3n, \u00a1hasta el alcalde los perdi\u00f3!<br \/>\nRecord\u00e9 que hace cuatro a\u00f1os, aproximadamente, en la zona de \u00c1lamo, Miguel \u00c1ngel Yunes M\u00e1rquez sufri\u00f3 algo que llam\u00f3 \u201cintento de secuestro\u201d, pero que \u201cgracias a la decisi\u00f3n con que se enfrent\u00f3 a los delincuentes, a la pericia del conductor y al blindaje del veh\u00edculo, no alcanzaron su objetivo\u201d.<\/p>\n<p>smcainito@gmail.com<\/p>\n","protected":false},"excerpt":{"rendered":"<p>Salvador Mu\u00f1oz Los Pol\u00edticos No s\u00e9 qui\u00e9n sea, pero sus palabras est\u00e1n plasmadas en piedra, aunque yo las le\u00ed en papel. A\u00fan no llegaba Armando M\u00e9ndez de la Luz, el candidato de Movimiento Ciudadano por la Gubernatura, as\u00ed que tom\u00e9 la Revista de la Cr\u00f3nica Xalape\u00f1a que nos extendi\u00f3 don Jos\u00e9 Zayd\u00e9n Dom\u00ednguez y fueron [&hellip;]<\/p>\n","protected":false},"author":2,"featured_media":0,"comment_status":"open","ping_status":"open","sticky":false,"template":"","format":"standard","meta":{"_jetpack_newsletter_access":"","_jetpack_dont_email_post_to_subs":false,"_jetpack_newsletter_tier_id":0,"_jetpack_memberships_contains_paywalled_content":false,"_jetpack_memberships_contains_paid_content":false,"footnotes":""},"categories":[70],"tags":[3672,5316,5315],"class_list":["post-22926","post","type-post","status-publish","format-standard","hentry","category-de-opinion","tag-armando-mendez-de-la-luz","tag-froylan-flores-cancela","tag-jose-zayden-dominguez"],"jetpack_featured_media_url":"","jetpack_sharing_enabled":true,"jetpack_shortlink":"https:\/\/wp.me\/p4Qcd3-5XM","_links":{"self":[{"href":"https:\/\/lospoliticosveracruz.com.mx\/index.php?rest_route=\/wp\/v2\/posts\/22926","targetHints":{"allow":["GET"]}}],"collection":[{"href":"https:\/\/lospoliticosveracruz.com.mx\/index.php?rest_route=\/wp\/v2\/posts"}],"about":[{"href":"https:\/\/lospoliticosveracruz.com.mx\/index.php?rest_route=\/wp\/v2\/types\/post"}],"author":[{"embeddable":true,"href":"https:\/\/lospoliticosveracruz.com.mx\/index.php?rest_route=\/wp\/v2\/users\/2"}],"replies":[{"embeddable":true,"href":"https:\/\/lospoliticosveracruz.com.mx\/index.php?rest_route=%2Fwp%2Fv2%2Fcomments&post=22926"}],"version-history":[{"count":1,"href":"https:\/\/lospoliticosveracruz.com.mx\/index.php?rest_route=\/wp\/v2\/posts\/22926\/revisions"}],"predecessor-version":[{"id":22928,"href":"https:\/\/lospoliticosveracruz.com.mx\/index.php?rest_route=\/wp\/v2\/posts\/22926\/revisions\/22928"}],"wp:attachment":[{"href":"https:\/\/lospoliticosveracruz.com.mx\/index.php?rest_route=%2Fwp%2Fv2%2Fmedia&parent=22926"}],"wp:term":[{"taxonomy":"category","embeddable":true,"href":"https:\/\/lospoliticosveracruz.com.mx\/index.php?rest_route=%2Fwp%2Fv2%2Fcategories&post=22926"},{"taxonomy":"post_tag","embeddable":true,"href":"https:\/\/lospoliticosveracruz.com.mx\/index.php?rest_route=%2Fwp%2Fv2%2Ftags&post=22926"}],"curies":[{"name":"wp","href":"https:\/\/api.w.org\/{rel}","templated":true}]}}