{"id":23043,"date":"2016-05-02T08:58:44","date_gmt":"2016-05-02T13:58:44","guid":{"rendered":"http:\/\/www.lospoliticosveracruz.com.mx\/?p=23043"},"modified":"2016-05-02T08:58:44","modified_gmt":"2016-05-02T13:58:44","slug":"al-lado-de-un-gran-hombre","status":"publish","type":"post","link":"https:\/\/lospoliticosveracruz.com.mx\/?p=23043","title":{"rendered":"Al lado de un gran hombre"},"content":{"rendered":"<p><a href=\"http:\/\/www.lospoliticosveracruz.com.mx\/wp-content\/uploads\/2016\/05\/Ver\u00f3nica-de-la-Medina-y-H\u00e9ctor-Yunes.jpg\"><img loading=\"lazy\" decoding=\"async\" class=\"alignnone size-medium wp-image-23044\" src=\"http:\/\/www.lospoliticosveracruz.com.mx\/wp-content\/uploads\/2016\/05\/Ver\u00f3nica-de-la-Medina-y-H\u00e9ctor-Yunes-300x246.jpg\" alt=\"Ver\u00f3nica de la Medina y H\u00e9ctor Yunes\" width=\"300\" height=\"246\" \/><\/a><\/p>\n<p><strong>Elena C\u00f3rdova<\/strong><br \/>\n<em>Luna Nueva<\/em><\/p>\n<p>Aclaro que, a manera de introducci\u00f3n, en mi texto parafraseo la reconocida frase cl\u00e1sica \u201cdetr\u00e1s de un gran hombre\u201d. Y antes que \u2013con todo respeto cito\u2013 las compa\u00f1eras feministas o defensoras del g\u00e9nero malinterpreten mi t\u00edtulo, manifiesto que s\u00f3lo sirve para introducir la idea central de esta mi humilde opini\u00f3n, porque, aclaro, tampoco creo en aquella cita hist\u00f3rica, de ah\u00ed que considere pertinente subrayar mi idea central.<br \/>\nAhora bien. Tan usada es la frase \u201cdetr\u00e1s de un gran hombre\u201d que no es necesario analizarla o combatirla con argumentos. S\u00f3lo hay que verla en la perspectiva actual. Basta ver c\u00f3mo se ha replanteado en mucho el papel de la mujer en todos los \u00e1mbitos, pues no s\u00f3lo se sigue abriendo caminos en los \u00e1mbitos laboral, pol\u00edtico y social, tambi\u00e9n ha hecho su aportaci\u00f3n hist\u00f3rica en esto mismos rubros y m\u00e1s\u2026 as\u00ed, tenemos mujeres creadoras, transformadoras, innovadoras, en materia cient\u00edfica y tecnol\u00f3gica. Mujeres que han roto paradigmas en los deportes, en lo pol\u00edtico, en altos puestos directivos de empresas, negocios y m\u00e1s. Ahora se reconoce a la mujer por sus virtudes y capacidades como la inteligencia, capacidad, habilidad y su singular criterio para librar batallas sociales y pol\u00edticas en beneficio de la comunidad en la que viven y en ocasiones tratar de mejorar sirviendo lo mejor posible.<br \/>\nY a pesar de que a\u00fan hay muchos varones que no aceptan, entienden o ven esta evoluci\u00f3n, que son los menos (creo), existen muchos del g\u00e9nero masculino y femenino, sobre todo en aqu\u00e9lllos y aqu\u00e9llas que tienen la posibilidad \u2013por el poder, la representaci\u00f3n o mandato, como en el caso de legisladores, gobernadores o presidentes de la rep\u00fablica, por citar\u2013 de impulsar, modificar a favor o simplemente detener cualquier avance en las normas que nos rigen.<br \/>\nEl tema viene al caso porque estamos a la posibilidad de lograr un cambio, un verdadero cambio de gobierno en unas cuantas semanas electoralmente, y despu\u00e9s en unos meses constitucionalmente. Y \u00e9sta es la gran oportunidad que tenemos en nuestras manos de elegir a un verdadero representante popular que entienda estas necesidades y avances, no s\u00f3lo en el discurso, sino tambi\u00e9n que sea plasmada en las acciones de gobierno que habr\u00e1 de emprender en favor de la sociedad veracruzana, en especial hacia las mujeres de Veracruz.<br \/>\nCuando escucho al candidato H\u00e9ctor Yunes Landa reconocer que \u201clas veracruzanas trabajan con amor y pasi\u00f3n\u201d, no me cabe la menor duda que es sincero, honesto y transparente. Y m\u00e1s me convenzo cuando cita que \u201clas mujeres veracruzanas ser\u00e1n eje central de mi gobierno\u2026 en el nuevo Veracruz vamos a garantizar la inclusi\u00f3n del talento, las aptitudes y energ\u00edas de las veracruzanas\u201d, lo que no me deja lugar a dudas de que es la persona indicada para seguir avanzando hacia el futuro.<br \/>\nPor si no bastara, con \u00e9l camina, no atr\u00e1s ni adelante, sino a su lado, su esposa, su compa\u00f1era de vida, Ver\u00f3nica de la Medina, y sus hijas, mis amigas Andrea y Liz, lo que, en mi opini\u00f3n personal, motiva en cada instante al candidato H\u00e9ctor Yunes a pensar en lo mucho que puede hacer por las mujeres de Veracruz: por las amas de casa, las estudiantes, las j\u00f3venes reci\u00e9n egresadas de una carrera universitaria, por las que tienen la responsabilidad temprana de ser jefas de familia, y las que aspiran a tener un empleo que las dignifique como personas.<br \/>\nBien lo ha dicho su esposa Ver\u00f3nica de la Medina, H\u00e9ctor Yunes es el \u00fanico candidato a gobernador del Estado que comparte los sue\u00f1os, las aspiraciones e ideales de las nuevas generaciones de veracruzanos, a lo cual agrego, no camina solo&#8230; no atr\u00e1s ni adelante, al lado de un gran hombre, al lado de H\u00e9ctor Yunes, caminamos miles de mujeres que vemos en \u00e9l a un caballero, esposo y padre de familia, de un candidato que sabe el valor y la fuerza que representan m\u00e1s de la mitad de la poblaci\u00f3n de la entidad veracruzana, es decir las mujeres que seguro votaremos por quien nos entiende, reconoce y valora sinceramente.<\/p>\n","protected":false},"excerpt":{"rendered":"<p>Elena C\u00f3rdova Luna Nueva Aclaro que, a manera de introducci\u00f3n, en mi texto parafraseo la reconocida frase cl\u00e1sica \u201cdetr\u00e1s de un gran hombre\u201d. Y antes que \u2013con todo respeto cito\u2013 las compa\u00f1eras feministas o defensoras del g\u00e9nero malinterpreten mi t\u00edtulo, manifiesto que s\u00f3lo sirve para introducir la idea central de esta mi humilde opini\u00f3n, porque, [&hellip;]<\/p>\n","protected":false},"author":2,"featured_media":0,"comment_status":"open","ping_status":"open","sticky":false,"template":"","format":"standard","meta":{"_jetpack_newsletter_access":"","_jetpack_dont_email_post_to_subs":false,"_jetpack_newsletter_tier_id":0,"_jetpack_memberships_contains_paywalled_content":false,"_jetpack_memberships_contains_paid_content":false,"footnotes":""},"categories":[70],"tags":[4452,348],"class_list":["post-23043","post","type-post","status-publish","format-standard","hentry","category-de-opinion","tag-elena-cordova","tag-hector-yunes-landa"],"jetpack_featured_media_url":"","jetpack_sharing_enabled":true,"jetpack_shortlink":"https:\/\/wp.me\/p4Qcd3-5ZF","_links":{"self":[{"href":"https:\/\/lospoliticosveracruz.com.mx\/index.php?rest_route=\/wp\/v2\/posts\/23043","targetHints":{"allow":["GET"]}}],"collection":[{"href":"https:\/\/lospoliticosveracruz.com.mx\/index.php?rest_route=\/wp\/v2\/posts"}],"about":[{"href":"https:\/\/lospoliticosveracruz.com.mx\/index.php?rest_route=\/wp\/v2\/types\/post"}],"author":[{"embeddable":true,"href":"https:\/\/lospoliticosveracruz.com.mx\/index.php?rest_route=\/wp\/v2\/users\/2"}],"replies":[{"embeddable":true,"href":"https:\/\/lospoliticosveracruz.com.mx\/index.php?rest_route=%2Fwp%2Fv2%2Fcomments&post=23043"}],"version-history":[{"count":1,"href":"https:\/\/lospoliticosveracruz.com.mx\/index.php?rest_route=\/wp\/v2\/posts\/23043\/revisions"}],"predecessor-version":[{"id":23045,"href":"https:\/\/lospoliticosveracruz.com.mx\/index.php?rest_route=\/wp\/v2\/posts\/23043\/revisions\/23045"}],"wp:attachment":[{"href":"https:\/\/lospoliticosveracruz.com.mx\/index.php?rest_route=%2Fwp%2Fv2%2Fmedia&parent=23043"}],"wp:term":[{"taxonomy":"category","embeddable":true,"href":"https:\/\/lospoliticosveracruz.com.mx\/index.php?rest_route=%2Fwp%2Fv2%2Fcategories&post=23043"},{"taxonomy":"post_tag","embeddable":true,"href":"https:\/\/lospoliticosveracruz.com.mx\/index.php?rest_route=%2Fwp%2Fv2%2Ftags&post=23043"}],"curies":[{"name":"wp","href":"https:\/\/api.w.org\/{rel}","templated":true}]}}