{"id":23308,"date":"2016-05-17T07:52:08","date_gmt":"2016-05-17T12:52:08","guid":{"rendered":"http:\/\/www.lospoliticosveracruz.com.mx\/?p=23308"},"modified":"2016-05-17T07:52:08","modified_gmt":"2016-05-17T12:52:08","slug":"otro-clavo-a-la-cruz-de-yunes-linares","status":"publish","type":"post","link":"https:\/\/lospoliticosveracruz.com.mx\/?p=23308","title":{"rendered":"Otro clavo a la cruz de Yunes Linares"},"content":{"rendered":"<p><a href=\"http:\/\/www.lospoliticosveracruz.com.mx\/wp-content\/uploads\/2016\/05\/Edith-Encalada.jpg\"><img loading=\"lazy\" decoding=\"async\" class=\"alignnone size-medium wp-image-23309\" src=\"http:\/\/www.lospoliticosveracruz.com.mx\/wp-content\/uploads\/2016\/05\/Edith-Encalada-300x165.jpg\" alt=\"Edith Encalada\" width=\"300\" height=\"165\" \/><\/a><br \/>\n<strong>Sughey Guti\u00e9rrez Hern\u00e1ndez<\/strong><\/p>\n<p><em>Caminos de Veracruz\u2026 Desde la campa\u00f1a<\/em><\/p>\n<p>En mi colaboraci\u00f3n de ayer coment\u00e9 a cerca de las definiciones de pederasta y ped\u00f3filo, as\u00ed como el proceder de uno y otro, aunque ambos, personas enfermas psiqui\u00e1trica y psicol\u00f3gicamente.<br \/>\nPor coincidencia, antenoche, despu\u00e9s de enviar mi colaboraci\u00f3n, como si hubieran detonado una bomba at\u00f3mica que genera una inmensa ola de destrucci\u00f3n masiva, as\u00ed circul\u00f3 por medios digitales y en redes sociales la denuncia p\u00fablica y legal que hace Edith Encalada en una entrevista con el portal SDP Noticias en la cual acusa directamente al candidato a gobernador del PAN-PRD, Miguel \u00c1ngel Yunes Linares, de pederasta por haber sostenido relaciones sexuales con menores de edad.<br \/>\nEdith Encalada, en su infancia y juventud, fue una \u00abnovia-amante\u00bb de Jean Succar Kuri, el pederasta confeso de Canc\u00fan que fue sentenciado a 112 a\u00f1os de presi\u00f3n y ella, a pregunta de la periodista Isabelle Arroyo, afirma valiente, sin tapujos, que Yunes Linares era tambi\u00e9n un pederasta y recuerda cuando el amigo de Margarita Zavala, de Felipe Calder\u00f3n, de Ricardo Anaya, llegaba a las villas Solymar acompa\u00f1ado de Sandra, su pareja de 30 a 40 a\u00f1os aproximadamente, y la peque\u00f1a Sofi, tambi\u00e9n su pareja, s\u00f3lo que \u00e9sta de entre 7 y 8 a\u00f1os de edad.<br \/>\n\u00ab\u00bfC\u00f3mo sabes que Sofi era pareja de Miguel \u00c1ngel Yunes Linares?\u00bb, pregunta la reportera y Edith Encalada responde:\u00a0\u00abporque Jean Succar Kuri me lo dijo\u00bb.<br \/>\n\u00ab\u00bfEdith entonces, directamente, Miguel \u00c1ngel Yunes es pederasta?\u00bb, vuelve a preguntar incisiva Isabelle Arroyo, de SDP Noticias, y la respuesta es inmediata, espont\u00e1nea, segura, devastadora, aplastante: \u201cs\u00ed es un pederasta y es c\u00f3mplice de Jean Succar Kuri (\u2026) siempre supo todo\u201d.<br \/>\nLa demandante comenta que desde hace varios a\u00f1os interpuso denuncia formal ante la PGR en contra de Miguel \u00c1ngel Yunes Linares, la cual no ha procedido \u201cporque el se\u00f1or siempre ha sido un intocable\u201d.<br \/>\nYa convertida hoy en mujer, sometida a muchas terapias, Edith acepta que conoce las implicaciones pol\u00edticas de sus declaraciones en este momento que Yunes Linares quiere ser gobernador y por ello hace un llamado a los veracruzanos: \u201c ojal\u00e1 que al que decidan elegir sea un buen hombre, un hombre honorable, intachable, un respetable candidato, no como el se\u00f1or Miguel \u00c1ngel Yunes Linares, ojal\u00e1 que sirva de algo y me escuchen (los veracruzanos) y elijan a un hombre bueno\u201d.<br \/>\nA prop\u00f3sito, esto me lleva a recordar a Yunes el bueno, a H\u00e9ctor Yunes Landa, el candidato a gobernador de la Coalici\u00f3n para Mejorar Veracruz, quien con varios kilos menos, casi sin voz y con muchas ganas, recorre todo el estado buscando el voto que le otorgue el triunfo el pr\u00f3ximo 5 de junio.<br \/>\nLas denuncias contra Miguel \u00c1ngel del PAN-PRD son muy, muy serias, pero usted, amable y respetado lector, forme su propia opini\u00f3n y tome la mejor decisi\u00f3n para nuestras familias y nuestros ni\u00f1os.<\/p>\n<p>suky.beybe.78@gmail.com<\/p>\n","protected":false},"excerpt":{"rendered":"<p>Sughey Guti\u00e9rrez Hern\u00e1ndez Caminos de Veracruz\u2026 Desde la campa\u00f1a En mi colaboraci\u00f3n de ayer coment\u00e9 a cerca de las definiciones de pederasta y ped\u00f3filo, as\u00ed como el proceder de uno y otro, aunque ambos, personas enfermas psiqui\u00e1trica y psicol\u00f3gicamente. Por coincidencia, antenoche, despu\u00e9s de enviar mi colaboraci\u00f3n, como si hubieran detonado una bomba at\u00f3mica que [&hellip;]<\/p>\n","protected":false},"author":2,"featured_media":0,"comment_status":"open","ping_status":"open","sticky":false,"template":"","format":"standard","meta":{"_jetpack_newsletter_access":"","_jetpack_dont_email_post_to_subs":false,"_jetpack_newsletter_tier_id":0,"_jetpack_memberships_contains_paywalled_content":false,"_jetpack_memberships_contains_paid_content":false,"footnotes":""},"categories":[70],"tags":[5396,5344,428],"class_list":["post-23308","post","type-post","status-publish","format-standard","hentry","category-de-opinion","tag-edith-encalada","tag-jean-succar-kuri","tag-miguel-angel-yunes-linares"],"jetpack_featured_media_url":"","jetpack_sharing_enabled":true,"jetpack_shortlink":"https:\/\/wp.me\/p4Qcd3-63W","_links":{"self":[{"href":"https:\/\/lospoliticosveracruz.com.mx\/index.php?rest_route=\/wp\/v2\/posts\/23308","targetHints":{"allow":["GET"]}}],"collection":[{"href":"https:\/\/lospoliticosveracruz.com.mx\/index.php?rest_route=\/wp\/v2\/posts"}],"about":[{"href":"https:\/\/lospoliticosveracruz.com.mx\/index.php?rest_route=\/wp\/v2\/types\/post"}],"author":[{"embeddable":true,"href":"https:\/\/lospoliticosveracruz.com.mx\/index.php?rest_route=\/wp\/v2\/users\/2"}],"replies":[{"embeddable":true,"href":"https:\/\/lospoliticosveracruz.com.mx\/index.php?rest_route=%2Fwp%2Fv2%2Fcomments&post=23308"}],"version-history":[{"count":1,"href":"https:\/\/lospoliticosveracruz.com.mx\/index.php?rest_route=\/wp\/v2\/posts\/23308\/revisions"}],"predecessor-version":[{"id":23310,"href":"https:\/\/lospoliticosveracruz.com.mx\/index.php?rest_route=\/wp\/v2\/posts\/23308\/revisions\/23310"}],"wp:attachment":[{"href":"https:\/\/lospoliticosveracruz.com.mx\/index.php?rest_route=%2Fwp%2Fv2%2Fmedia&parent=23308"}],"wp:term":[{"taxonomy":"category","embeddable":true,"href":"https:\/\/lospoliticosveracruz.com.mx\/index.php?rest_route=%2Fwp%2Fv2%2Fcategories&post=23308"},{"taxonomy":"post_tag","embeddable":true,"href":"https:\/\/lospoliticosveracruz.com.mx\/index.php?rest_route=%2Fwp%2Fv2%2Ftags&post=23308"}],"curies":[{"name":"wp","href":"https:\/\/api.w.org\/{rel}","templated":true}]}}