{"id":23312,"date":"2016-05-17T08:08:41","date_gmt":"2016-05-17T13:08:41","guid":{"rendered":"http:\/\/www.lospoliticosveracruz.com.mx\/?p=23312"},"modified":"2016-05-17T08:08:41","modified_gmt":"2016-05-17T13:08:41","slug":"pacto-duarte-y-amlo-chaquetas-mentales","status":"publish","type":"post","link":"https:\/\/lospoliticosveracruz.com.mx\/?p=23312","title":{"rendered":"\u00bfPacto Duarte y AMLO?; \u00a1chaquetas mentales!"},"content":{"rendered":"<p><a href=\"http:\/\/www.lospoliticosveracruz.com.mx\/wp-content\/uploads\/2016\/05\/Rogelio-Franco-Pepe-Mancha.jpeg\"><img loading=\"lazy\" decoding=\"async\" class=\"alignnone size-medium wp-image-23314\" src=\"http:\/\/www.lospoliticosveracruz.com.mx\/wp-content\/uploads\/2016\/05\/Rogelio-Franco-Pepe-Mancha-300x199.jpeg\" alt=\"Rogelio Franco Pepe Mancha\" width=\"300\" height=\"199\" \/><\/a><\/p>\n<p><strong>Armando Ortiz<\/strong><\/p>\n<p><em>El Hijo Pr\u00f3digo<\/em><\/p>\n<p>Pues a como lo anunciaron, todos esper\u00e1bamos la gran revelaci\u00f3n: la voz coste\u00f1a de Andr\u00e9s Manuel L\u00f3pez Obrador poni\u00e9ndose de acuerdo con el de la voz aguda, Javier Duarte, para brindarle todo el apoyo a Cuitl\u00e1huac Garc\u00eda y hacerlo gobernador de Veracruz. Quer\u00edamos o\u00edr a AMLO poniendo sus condiciones y a Javier o a alg\u00fan emisario de Javier aceptando esas condiciones. Quer\u00edamos escuchar el \u201cde acuerdo\u201d, o \u201cestamos juntos en esto\u201d, o el \u201cte doy mi palabra\u201d. Pero no hubo nada de eso.<br \/>\nEn el audio que presentaron los l\u00edderes del PAN y del PRD s\u00f3lo se escucha la voz de \u201calguien\u201d comunic\u00e1ndose con a quien se reconoce como Gabriel Deantes, hablando del fen\u00f3meno de Morena en Veracruz. De ah\u00ed parte Gabriel Deantes, mapache electoral de altos vuelos, para hacerse una chaqueta mental, insinuando que deber\u00edan de buscar alianza con Morena y as\u00ed dejar solos a los traidores del PRD.<br \/>\nEs cierto que si la intenci\u00f3n sale de Gabriel Deantes es posible que \u00e9ste haya buscado un acercamiento con el tabasque\u00f1o. Pero afirmar que hubo un acercamiento, y afirmar que AMLO pact\u00f3 con Duarte ya es hacer un cuento de ficci\u00f3n. De modo que Pepe Mancha y Rogelio Franco, ya excitados por el contexto electoral se hacen la misma chaqueta mental y suponen que tal arreglo se dio.<br \/>\nPor supuesto no se puede decir que no hubo tal pacto secreto, pero si lo hubo pues por ser secreto dif\u00edcilmente van a encontrarse las pruebas. Si las tiene, la coalici\u00f3n PAN-PRD deber\u00eda presentar esas pruebas. No deber\u00edan tratar de vender una historia sin sustento porque esas historias, como las del periodismo mal hecho, se derrumban con un simple soplido de verdad. Ahora bien, suponer que ese apoyo se da porque la cu\u00f1ada de L\u00f3pez Obrador est\u00e1 en la Oficial\u00eda Mayor de la SEV es especular; suponer que el crecimiento de Morena en Veracruz se debe al apoyo que el gobierno de Duarte le brinda es especular y al mismo tiempo menospreciar a un partido que ha sabido recoger el malestar de millones de mexicanos por un gobierno fallido como el de Pe\u00f1a Nieto, y el de miles de veracruzanos hartos de un gobierno como el de Javier Duarte. Morena no necesita del apoyo del gobierno de Veracruz porque ese apoyo llega de manera intr\u00ednseca ante un gobierno fatal como el de Javier Duarte.<br \/>\nEs tal la confianza que tienen en ese malestar que ha generado el gobierno de Javier Duarte, que los candidatos de Morena se han olvidado de campa\u00f1as electorales y s\u00f3lo se sientan a esperar a que se llegue el 5 de junio para que el partido de L\u00f3pez Obrador, solito y sin ning\u00fan esfuerzo, recoja los votos de ese hartazgo. Por ejemplo, \u00bfacaso sabe usted qui\u00e9n es el candidato de Morena para el distrito de Xalapa urbano, o conoce la trayectoria de la candidata que contiende en el distrito de Xalapa rural?<br \/>\nComo no se les ve en campa\u00f1a uno pensar\u00eda que s\u00f3lo esperan a que las manzanas se caigan del \u00e1rbol para ver cu\u00e1ntas pescan.<br \/>\nPero conociendo a Andr\u00e9s Manuel L\u00f3pez Obrador es dif\u00edcil pensar en un pacto con el gobierno de Veracruz. En caso de que ese pacto se hubiera dado, descubrirlo ser\u00eda descartarlo de la pelea por la Presidencia. Si AMLO pactara con Javier Duarte, eso ser\u00eda como ponerse la soga al cuello, porque si ese pacto se hizo, Duarte tendr\u00eda la prueba para sacarlo de la jugada y con ello le obtendr\u00eda una moneda de oro para negociar con el pr\u00f3ximo candidato del PRI a la Presidencia, y as\u00ed pedir m\u00e1s impunidad.<\/p>\n<p>aortiz52@hotmail.com<\/p>\n","protected":false},"excerpt":{"rendered":"<p>Armando Ortiz El Hijo Pr\u00f3digo Pues a como lo anunciaron, todos esper\u00e1bamos la gran revelaci\u00f3n: la voz coste\u00f1a de Andr\u00e9s Manuel L\u00f3pez Obrador poni\u00e9ndose de acuerdo con el de la voz aguda, Javier Duarte, para brindarle todo el apoyo a Cuitl\u00e1huac Garc\u00eda y hacerlo gobernador de Veracruz. Quer\u00edamos o\u00edr a AMLO poniendo sus condiciones y [&hellip;]<\/p>\n","protected":false},"author":2,"featured_media":0,"comment_status":"open","ping_status":"open","sticky":false,"template":"","format":"standard","meta":{"_jetpack_newsletter_access":"","_jetpack_dont_email_post_to_subs":false,"_jetpack_newsletter_tier_id":0,"_jetpack_memberships_contains_paywalled_content":false,"_jetpack_memberships_contains_paid_content":false,"footnotes":""},"categories":[70],"tags":[618,1681,1884,162,1026,1065,108],"class_list":["post-23312","post","type-post","status-publish","format-standard","hentry","category-de-opinion","tag-andres-manuel-lopez-obrador","tag-cuitlahuac-garcia","tag-gabriel-deantes","tag-javier-duarte","tag-morena","tag-pepe-mancha","tag-rogelio-franco"],"jetpack_featured_media_url":"","jetpack_sharing_enabled":true,"jetpack_shortlink":"https:\/\/wp.me\/p4Qcd3-640","_links":{"self":[{"href":"https:\/\/lospoliticosveracruz.com.mx\/index.php?rest_route=\/wp\/v2\/posts\/23312","targetHints":{"allow":["GET"]}}],"collection":[{"href":"https:\/\/lospoliticosveracruz.com.mx\/index.php?rest_route=\/wp\/v2\/posts"}],"about":[{"href":"https:\/\/lospoliticosveracruz.com.mx\/index.php?rest_route=\/wp\/v2\/types\/post"}],"author":[{"embeddable":true,"href":"https:\/\/lospoliticosveracruz.com.mx\/index.php?rest_route=\/wp\/v2\/users\/2"}],"replies":[{"embeddable":true,"href":"https:\/\/lospoliticosveracruz.com.mx\/index.php?rest_route=%2Fwp%2Fv2%2Fcomments&post=23312"}],"version-history":[{"count":1,"href":"https:\/\/lospoliticosveracruz.com.mx\/index.php?rest_route=\/wp\/v2\/posts\/23312\/revisions"}],"predecessor-version":[{"id":23315,"href":"https:\/\/lospoliticosveracruz.com.mx\/index.php?rest_route=\/wp\/v2\/posts\/23312\/revisions\/23315"}],"wp:attachment":[{"href":"https:\/\/lospoliticosveracruz.com.mx\/index.php?rest_route=%2Fwp%2Fv2%2Fmedia&parent=23312"}],"wp:term":[{"taxonomy":"category","embeddable":true,"href":"https:\/\/lospoliticosveracruz.com.mx\/index.php?rest_route=%2Fwp%2Fv2%2Fcategories&post=23312"},{"taxonomy":"post_tag","embeddable":true,"href":"https:\/\/lospoliticosveracruz.com.mx\/index.php?rest_route=%2Fwp%2Fv2%2Ftags&post=23312"}],"curies":[{"name":"wp","href":"https:\/\/api.w.org\/{rel}","templated":true}]}}