{"id":23772,"date":"2016-06-19T14:57:12","date_gmt":"2016-06-19T19:57:12","guid":{"rendered":"http:\/\/www.lospoliticosveracruz.com.mx\/?p=23772"},"modified":"2016-06-19T14:57:12","modified_gmt":"2016-06-19T19:57:12","slug":"politica-de-altura-2","status":"publish","type":"post","link":"https:\/\/lospoliticosveracruz.com.mx\/?p=23772","title":{"rendered":"Pol\u00edtica de altura"},"content":{"rendered":"<p><a href=\"http:\/\/www.lospoliticosveracruz.com.mx\/wp-content\/uploads\/2016\/06\/14-Luna.jpg\"><img loading=\"lazy\" decoding=\"async\" class=\"aligncenter size-full wp-image-23773\" src=\"http:\/\/www.lospoliticosveracruz.com.mx\/wp-content\/uploads\/2016\/06\/14-Luna.jpg\" alt=\"14 Luna\" width=\"587\" height=\"323\" \/><\/a><br \/>\n<strong>Elena C\u00f3rdova<\/strong><\/p>\n<p><em>Luna Nueva<\/em><\/p>\n<p>La pol\u00edtica de altura es equilibrio y sensatez, madurez y templanza, por lo que en la democracia no hay vencedores absolutos ni derrotados permanentes\u201d<br \/>\nSenador H\u00e9ctor Yunes Landa<\/p>\n<p>Formo parte de una nueva generaci\u00f3n de priistas y me siento orgullosa de ello. Es cierto que los j\u00f3venes de hoy no hemos vivido muchas etapas buenas y malas de la historia del PRI. Lo que s\u00ed nos ha tocado, pasado y sentido es la cr\u00edtica, el se\u00f1alamiento de gran parte de la sociedad, que en uso de su derecho citan y opinan sobre lo que piensan del Partido Revolucionario Institucional (PRI).<br \/>\nRespetable que puedan opinar y decir al respecto. Sin duda es parte de los valores de la democracia. Democracia que se vio ampliamente reflejada en las urnas en esta alternancia pol\u00edtica, producto de la voluntad popular que as\u00ed lo quiso el pasado cinco de junio. Al respecto, sinceramente puedo decir que nada se compara con ver a la sociedad veracruzana tranquila, satisfecha de que su voto haya sido respetado y que en una elecci\u00f3n competida (de tercios, le dicen) haya ganado el que tuvo m\u00e1s votos, por quien sufrag\u00f3 la gente en derecho de hacerlo. Eso no tiene precio. Eso es ejemplar. Con ello se abre un nuevo cap\u00edtulo en las elecciones de Veracruz. As\u00ed ser\u00e1 de ahora en adelante, sin duda. Ganar\u00e1 quien desee el ciudadano, por quien vote, a quien decida sea su representante popular. Y a los dem\u00e1s no les quedar\u00e1 m\u00e1s que respetar la voluntad popular.<br \/>\nLo que sigue ahora, en el caso de nosotros los priistas, es continuar nuestra lucha, con la aclaraci\u00f3n debida y respetuosa de que lo que suceda adentro del PRI ata\u00f1e en primera instancia a los priistas. Lo que digan los opositores y gran parte de la sociedad, es \u00fatil, s\u00ed. Me atrevo a opinar como priista. Pues su cr\u00edtica \u2013buena o mala, objetiva o subjetiva\u2013 debe servir para reencauzar nuestras convicciones y recomponer lo que mal hicimos a los ojos del ciudadano&#8230; que sin duda fue mucho&#8230; ah\u00ed los resultados que hablan por s\u00ed solos.<br \/>\nResponsables no s\u00f3lo de la derrota somos muchos. No es uno s\u00f3lo como pretenden afirmar algunos estudiosos de los fen\u00f3menos pol\u00edticos profesionales, pero con cierto sesgo y prejuicios hacia el PRI.<br \/>\nNo. Al igual que si hubi\u00e9semos ganado, todos se hubieran atribuido el triunfo. La derrota debe compartirse igual. Ah\u00ed la madurez y el sentido pol\u00edtico de las cosas. En pol\u00edtica como en la vida, se gana y se pierde, simple.<br \/>\nEn este escenario, \u00bfqu\u00e9 es lo admirable, lo destacable? Tomar las cosas y asumir el reto inmediato. Seguir trabajando y estar consciente de que ahora debemos convencer a\u00fan m\u00e1s a la ciudadan\u00eda de que no todos somos corruptos, no todos somos indiferentes a los reclamos de la sociedad.<br \/>\nCada derrota es una oportunidad, lo he aprendido de la vida. Una oportunidad de demostrar que s\u00ed somos capaces de ser sensibles y atender con vocaci\u00f3n de servicio a la gente, al pueblo. De all\u00e1 venimos todos, s\u00f3lo que a veces se nos olvida.<br \/>\nDos cosas que veo hasta este momento, me dan esa certeza y esa confianza como priista veracruzana, la actitud asumida hoy en d\u00eda por el Senador H\u00e9ctor Yunes Landa al convocar a los priistas, con dignidad y madurez nacida de su experiencia como un buen pol\u00edtico, para reorganizarnos y entender esta realidad para poder fijar las coordenadas de un nuevo acuerdo pol\u00edtico para Veracruz. A hacer una pol\u00edtica de altura. Y la otra, proviene de mis ra\u00edces, de donde me he formado al lado de un gran l\u00edder campesino, como lo es el dirigente Juan Carlos Molina Palacios, quien con su trabajo diario est\u00e1 poniendo ejemplo de c\u00f3mo se debe asumir un tropiezo, una derrota temporal, pues la batalla no est\u00e1 perdida.<br \/>\nLa Confederaci\u00f3n Nacional Campesina ha recogido la bandera social del PRI y mediante acciones de apoyo y con mucho trabajo est\u00e1 poniendo la muestra de la actitud que deban asumir lo priistas veracruzanos. Dejemos atr\u00e1s la simulaci\u00f3n y la repartici\u00f3n de culpas. Soy joven y priista. Asumo mi tarea y la parte que me toca. Es hora de dar la cara.<\/p>\n","protected":false},"excerpt":{"rendered":"<p>Elena C\u00f3rdova Luna Nueva La pol\u00edtica de altura es equilibrio y sensatez, madurez y templanza, por lo que en la democracia no hay vencedores absolutos ni derrotados permanentes\u201d Senador H\u00e9ctor Yunes Landa Formo parte de una nueva generaci\u00f3n de priistas y me siento orgullosa de ello. Es cierto que los j\u00f3venes de hoy no hemos [&hellip;]<\/p>\n","protected":false},"author":2,"featured_media":0,"comment_status":"open","ping_status":"open","sticky":false,"template":"","format":"standard","meta":{"_jetpack_newsletter_access":"","_jetpack_dont_email_post_to_subs":false,"_jetpack_newsletter_tier_id":0,"_jetpack_memberships_contains_paywalled_content":false,"_jetpack_memberships_contains_paid_content":false,"footnotes":""},"categories":[70],"tags":[4452,348,3256,251,5525],"class_list":["post-23772","post","type-post","status-publish","format-standard","hentry","category-de-opinion","tag-elena-cordova","tag-hector-yunes-landa","tag-juan-carlos-molina-palacios","tag-pri","tag-priista"],"jetpack_featured_media_url":"","jetpack_sharing_enabled":true,"jetpack_shortlink":"https:\/\/wp.me\/p4Qcd3-6bq","_links":{"self":[{"href":"https:\/\/lospoliticosveracruz.com.mx\/index.php?rest_route=\/wp\/v2\/posts\/23772","targetHints":{"allow":["GET"]}}],"collection":[{"href":"https:\/\/lospoliticosveracruz.com.mx\/index.php?rest_route=\/wp\/v2\/posts"}],"about":[{"href":"https:\/\/lospoliticosveracruz.com.mx\/index.php?rest_route=\/wp\/v2\/types\/post"}],"author":[{"embeddable":true,"href":"https:\/\/lospoliticosveracruz.com.mx\/index.php?rest_route=\/wp\/v2\/users\/2"}],"replies":[{"embeddable":true,"href":"https:\/\/lospoliticosveracruz.com.mx\/index.php?rest_route=%2Fwp%2Fv2%2Fcomments&post=23772"}],"version-history":[{"count":1,"href":"https:\/\/lospoliticosveracruz.com.mx\/index.php?rest_route=\/wp\/v2\/posts\/23772\/revisions"}],"predecessor-version":[{"id":23774,"href":"https:\/\/lospoliticosveracruz.com.mx\/index.php?rest_route=\/wp\/v2\/posts\/23772\/revisions\/23774"}],"wp:attachment":[{"href":"https:\/\/lospoliticosveracruz.com.mx\/index.php?rest_route=%2Fwp%2Fv2%2Fmedia&parent=23772"}],"wp:term":[{"taxonomy":"category","embeddable":true,"href":"https:\/\/lospoliticosveracruz.com.mx\/index.php?rest_route=%2Fwp%2Fv2%2Fcategories&post=23772"},{"taxonomy":"post_tag","embeddable":true,"href":"https:\/\/lospoliticosveracruz.com.mx\/index.php?rest_route=%2Fwp%2Fv2%2Ftags&post=23772"}],"curies":[{"name":"wp","href":"https:\/\/api.w.org\/{rel}","templated":true}]}}