{"id":23775,"date":"2016-06-19T15:09:39","date_gmt":"2016-06-19T20:09:39","guid":{"rendered":"http:\/\/www.lospoliticosveracruz.com.mx\/?p=23775"},"modified":"2016-06-19T15:09:39","modified_gmt":"2016-06-19T20:09:39","slug":"redes-y-cambio","status":"publish","type":"post","link":"https:\/\/lospoliticosveracruz.com.mx\/?p=23775","title":{"rendered":"Redes y cambio"},"content":{"rendered":"<p><a href=\"http:\/\/www.lospoliticosveracruz.com.mx\/wp-content\/uploads\/2016\/06\/Miguel-\u00c1ngel-Yunes-Linares.jpg\"><img loading=\"lazy\" decoding=\"async\" class=\"aligncenter size-full wp-image-23776\" src=\"http:\/\/www.lospoliticosveracruz.com.mx\/wp-content\/uploads\/2016\/06\/Miguel-\u00c1ngel-Yunes-Linares.jpg\" alt=\"Miguel \u00c1ngel Yunes Linares\" width=\"600\" height=\"400\" \/><\/a><\/p>\n<p><strong>Arturo Reyes Gonz\u00e1lez<\/strong><br \/>\n<em>Burladero<\/em><\/p>\n<p>\u201cYo vot\u00e9 por el cambio\u201d, me responde un amigo a quien consulto sobre la decisi\u00f3n de su voto, en clara referencia a que sufrag\u00f3 por la alianza Para Rescatar Veracruz del PAN-PRD y que llev\u00f3 al triunfo al gobernador electo Miguel \u00c1ngel Yunes Linares.<br \/>\nLo dice de manera orgullosa y hasta cierto punto altiva. \u201cQu\u00e9 bueno\u201d, pienso; me parece que disfrutar este tipo de triunfos ciudadanos que de entrada llevan a la alternancia en Veracruz, es bueno.<br \/>\nPor otra parte, en otra charla con amigos en el caf\u00e9, \u00e9stos s\u00ed votaron por el PRI. Hablan de la elecci\u00f3n a gobernador del 2018 y del poco tiempo que tiene Miguel \u00c1ngel para cumplir con todo lo prometido en su campa\u00f1a a gobernador. Argumentan que no alcanza para hacer obra, para \u201cRescatar Veracruz\u201d, por la situaci\u00f3n econ\u00f3mica que priva, porque en lo que recompone o intenta hacerlo, se le va la administraci\u00f3n&#8230; para cambiar las cosas requiere m\u00e1s tiempo y recursos aseguran.<br \/>\nRegreso a mi amigo feliz que vot\u00f3 por el cambio; joven en edad universitaria que es apoyado por sus padres econ\u00f3micamente. Veo la actitud y la alegr\u00eda de mi joven amigo y pareciera que asume que porque gan\u00f3 Miguel \u00c1ngel Yunes, ya todo va a cambiar pr\u00e1cticamente como por arte de magia. Pareciera que s\u00f3lo debe de esperar a que llegue y se siente en Palacio para dar paso al cambio y las cosas mejoren en autom\u00e1tico.<br \/>\n\u00a1Cambio, cambio, cambio! Lo anterior me lleva a la siguiente reflexi\u00f3n, \u00bfCu\u00e1nto tiempo necesitamos para que cambie para bien Veracruz; cu\u00e1ntos hechos; cu\u00e1nto millones o cu\u00e1nto recurso necesitamos; por d\u00f3nde se requiere empezar; con qui\u00e9n; fue realmente el triunfo de la alianza PAN-PRD el inicio de un cambio real y de fondo en Veracruz?<br \/>\nPor distintos hechos he pensado que m\u00e1s all\u00e1 de querer un cambio pol\u00edtico por sufrir una situaci\u00f3n en especifico como no tener trabajo o no poder estudiar (que s\u00ed lo hace), mi joven amigo fue influenciado por las redes sociales, hoy ya lo veo m\u00e1s relajado, al menos ya no comparte memes en contra del PRI como antes.<br \/>\nEntonces \u00bfest\u00e1 o ya no harto del PRI y del gobierno de Duarte porque ya perdieron la elecci\u00f3n y se van? \u00bfO del de Duarte s\u00ed pero del de Pe\u00f1a Nieto no? \u00bfO es mi percepci\u00f3n de que anda m\u00e1s relajado porque en sus redes sociales los memes en contra del PRI han disminuido tras la elecci\u00f3n? \u00bfSer\u00e1 que ya no los comparte igual que antes quiz\u00e1 porque ya cumpli\u00f3 su objetivo que era que perdiera el PRI?<br \/>\nDefinitivamente creo que debemos de tener mayor conciencia de que el cambio inicia por uno mismo; el hecho de que los ciudadanos hayan decidido que era momento de alternar o cambiar a un partido por otro en Veracruz es un buen inicio y un mejor pretexto. Me gustar\u00eda ver mensajes en las redes sociales abordando el tema.<br \/>\nCambi\u00f3 algo cuando decidimos que as\u00ed fuera, vayamos ahora por un cambio m\u00e1s importante, significativo, de fondo, uno que promueva que los veracruzanos ya no tiren basura en las calles, que asuma como propia y que difunda la prevenci\u00f3n del delito, el combate a la corrupci\u00f3n, el cuidado del agua, la solidaridad entre vecinos y la uni\u00f3n de esfuerzos para exigir a la autoridad cumpla con sus funciones de manera correcta y adecuada, como debe de ser.<br \/>\nDe poco servir\u00e1 que haya una nueva administraci\u00f3n al frente del gobierno de Veracruz si en nuestros barrios y colonias seguimos siendo los mismos flojos y ap\u00e1ticos que dejamos que todo pase (poco bueno y demasiado malo) y estamos ajenos al bien com\u00fan; si estamos esperando a que venga la autoridad a hacer lo que nosotros dejamos de hacer por nuestro propio bien y entregamos la tarea del cambio a alguien m\u00e1s por as\u00ed convenir a nuestra comodidad.<br \/>\nEste bello estado y este hermoso pa\u00eds no van a cambiar hasta que no cambiemos nosotros, pueden ir y venir administradores, gobernadores de todos los colores siglas y partidos, de nada servir\u00e1 hasta que no le entremos con firmeza y sobre todo decisi\u00f3n de querer que las cosas sean mejores.<\/p>\n","protected":false},"excerpt":{"rendered":"<p>Arturo Reyes Gonz\u00e1lez Burladero \u201cYo vot\u00e9 por el cambio\u201d, me responde un amigo a quien consulto sobre la decisi\u00f3n de su voto, en clara referencia a que sufrag\u00f3 por la alianza Para Rescatar Veracruz del PAN-PRD y que llev\u00f3 al triunfo al gobernador electo Miguel \u00c1ngel Yunes Linares. Lo dice de manera orgullosa y hasta [&hellip;]<\/p>\n","protected":false},"author":2,"featured_media":0,"comment_status":"open","ping_status":"open","sticky":false,"template":"","format":"standard","meta":{"_jetpack_newsletter_access":"","_jetpack_dont_email_post_to_subs":false,"_jetpack_newsletter_tier_id":0,"_jetpack_memberships_contains_paywalled_content":false,"_jetpack_memberships_contains_paid_content":false,"footnotes":""},"categories":[70],"tags":[721,451,428,195],"class_list":["post-23775","post","type-post","status-publish","format-standard","hentry","category-de-opinion","tag-elecciones","tag-gobernador","tag-miguel-angel-yunes-linares","tag-veracruz"],"jetpack_featured_media_url":"","jetpack_sharing_enabled":true,"jetpack_shortlink":"https:\/\/wp.me\/p4Qcd3-6bt","_links":{"self":[{"href":"https:\/\/lospoliticosveracruz.com.mx\/index.php?rest_route=\/wp\/v2\/posts\/23775","targetHints":{"allow":["GET"]}}],"collection":[{"href":"https:\/\/lospoliticosveracruz.com.mx\/index.php?rest_route=\/wp\/v2\/posts"}],"about":[{"href":"https:\/\/lospoliticosveracruz.com.mx\/index.php?rest_route=\/wp\/v2\/types\/post"}],"author":[{"embeddable":true,"href":"https:\/\/lospoliticosveracruz.com.mx\/index.php?rest_route=\/wp\/v2\/users\/2"}],"replies":[{"embeddable":true,"href":"https:\/\/lospoliticosveracruz.com.mx\/index.php?rest_route=%2Fwp%2Fv2%2Fcomments&post=23775"}],"version-history":[{"count":1,"href":"https:\/\/lospoliticosveracruz.com.mx\/index.php?rest_route=\/wp\/v2\/posts\/23775\/revisions"}],"predecessor-version":[{"id":23777,"href":"https:\/\/lospoliticosveracruz.com.mx\/index.php?rest_route=\/wp\/v2\/posts\/23775\/revisions\/23777"}],"wp:attachment":[{"href":"https:\/\/lospoliticosveracruz.com.mx\/index.php?rest_route=%2Fwp%2Fv2%2Fmedia&parent=23775"}],"wp:term":[{"taxonomy":"category","embeddable":true,"href":"https:\/\/lospoliticosveracruz.com.mx\/index.php?rest_route=%2Fwp%2Fv2%2Fcategories&post=23775"},{"taxonomy":"post_tag","embeddable":true,"href":"https:\/\/lospoliticosveracruz.com.mx\/index.php?rest_route=%2Fwp%2Fv2%2Ftags&post=23775"}],"curies":[{"name":"wp","href":"https:\/\/api.w.org\/{rel}","templated":true}]}}