{"id":23849,"date":"2016-06-23T12:32:51","date_gmt":"2016-06-23T17:32:51","guid":{"rendered":"http:\/\/www.lospoliticosveracruz.com.mx\/?p=23849"},"modified":"2016-06-23T12:32:51","modified_gmt":"2016-06-23T17:32:51","slug":"gorritos-y-tejidos-por-los-ninos-con-cancer","status":"publish","type":"post","link":"https:\/\/lospoliticosveracruz.com.mx\/?p=23849","title":{"rendered":"Gorritos y tejidos, por los ni\u00f1os con c\u00e1ncer"},"content":{"rendered":"<p><a href=\"http:\/\/www.lospoliticosveracruz.com.mx\/wp-content\/uploads\/2016\/06\/ni\u00f1os-c\u00e1ncer.jpg\"><img loading=\"lazy\" decoding=\"async\" class=\"aligncenter size-full wp-image-23851\" src=\"http:\/\/www.lospoliticosveracruz.com.mx\/wp-content\/uploads\/2016\/06\/ni\u00f1os-c\u00e1ncer.jpg\" alt=\"ni\u00f1os c\u00e1ncer\" width=\"600\" height=\"400\" \/><\/a><\/p>\n<p>Como parte de las actividades que realiza el Sistema Estatal para el Desarrollo Integral de la Familia (DIF), a trav\u00e9s del programa Manos Veracruzanas, se invita a la poblaci\u00f3n el pr\u00f3ximo 25 de junio en el Parque Ju\u00e1rez de Xalapa a participar en la colecta del gorrito y tejidos para ni\u00f1as y ni\u00f1os con c\u00e1ncer.<\/p>\n<p>La jornada se realizar\u00e1 con el prop\u00f3sito de integrar a la poblaci\u00f3n, y de esa forma, contribuir con insumos que servir\u00e1n para la elaboraci\u00f3n de gorritos oncol\u00f3gicos que ser\u00e1n donados a peque\u00f1os pacientes del Centro Estatal de Cancerolog\u00eda (Cecan), as\u00ed como a los menores de edad que acudan a la plaza Manos Veracruzanas.<\/p>\n<p>En beneficio de la inclusi\u00f3n social del sector y con la meta de mejorar su estado de \u00e1nimo, la fundaci\u00f3n S\u00f3lo por Servir trabaja de manera coordinada para la realizaci\u00f3n de esas acciones que contribuyen a la obtenci\u00f3n de materiales para elaborar pelucas, gorros y accesorios necesarios.<\/p>\n<p>Para lograr la meta que requiere la colecta del gorrito y tejidos, se invita a que la poblaci\u00f3n contribuya con materiales como: agujas, ganchos, gorros, cabello y estambre en buen estado.<\/p>\n<p>Tambi\u00e9n hay otras maneras de apoyar, tal es el caso de los voluntarios que deseen elaborar gorros y pelucas en el taller instalado en la plaza artesanal Manos Veracruzanas, o asistir a los dos centros de acopio en la ciudad de Xalapa y Veracruz.<\/p>\n<p>La colecta del gorrito y tejidos iniciar\u00e1 a partir de las 10:00 horas y estar\u00e1 acompa\u00f1ada por la intervenci\u00f3n art\u00edstica de un ballet y una rondalla infantil, los danzoneros de La Quinta de las Rosas, solistas y artesanos de diferentes regiones de la entidad. Para mayores informes sobre la jornada y los modos de participaci\u00f3n, llamar al n\u00famero telef\u00f3nico (228) 200-42-94.<\/p>\n","protected":false},"excerpt":{"rendered":"<p>Como parte de las actividades que realiza el Sistema Estatal para el Desarrollo Integral de la Familia (DIF), a trav\u00e9s del programa Manos Veracruzanas, se invita a la poblaci\u00f3n el pr\u00f3ximo 25 de junio en el Parque Ju\u00e1rez de Xalapa a participar en la colecta del gorrito y tejidos para ni\u00f1as y ni\u00f1os con c\u00e1ncer. [&hellip;]<\/p>\n","protected":false},"author":2,"featured_media":0,"comment_status":"open","ping_status":"open","sticky":false,"template":"","format":"standard","meta":{"_jetpack_newsletter_access":"","_jetpack_dont_email_post_to_subs":false,"_jetpack_newsletter_tier_id":0,"_jetpack_memberships_contains_paywalled_content":false,"_jetpack_memberships_contains_paid_content":false,"footnotes":""},"categories":[73],"tags":[296,297,5553,4578,5554],"class_list":["post-23849","post","type-post","status-publish","format-standard","hentry","category-de-boleto","tag-cancer","tag-cecan","tag-manos-veracruzanas","tag-ninos","tag-solo-por-servir"],"jetpack_featured_media_url":"","jetpack_sharing_enabled":true,"jetpack_shortlink":"https:\/\/wp.me\/p4Qcd3-6cF","_links":{"self":[{"href":"https:\/\/lospoliticosveracruz.com.mx\/index.php?rest_route=\/wp\/v2\/posts\/23849","targetHints":{"allow":["GET"]}}],"collection":[{"href":"https:\/\/lospoliticosveracruz.com.mx\/index.php?rest_route=\/wp\/v2\/posts"}],"about":[{"href":"https:\/\/lospoliticosveracruz.com.mx\/index.php?rest_route=\/wp\/v2\/types\/post"}],"author":[{"embeddable":true,"href":"https:\/\/lospoliticosveracruz.com.mx\/index.php?rest_route=\/wp\/v2\/users\/2"}],"replies":[{"embeddable":true,"href":"https:\/\/lospoliticosveracruz.com.mx\/index.php?rest_route=%2Fwp%2Fv2%2Fcomments&post=23849"}],"version-history":[{"count":1,"href":"https:\/\/lospoliticosveracruz.com.mx\/index.php?rest_route=\/wp\/v2\/posts\/23849\/revisions"}],"predecessor-version":[{"id":23852,"href":"https:\/\/lospoliticosveracruz.com.mx\/index.php?rest_route=\/wp\/v2\/posts\/23849\/revisions\/23852"}],"wp:attachment":[{"href":"https:\/\/lospoliticosveracruz.com.mx\/index.php?rest_route=%2Fwp%2Fv2%2Fmedia&parent=23849"}],"wp:term":[{"taxonomy":"category","embeddable":true,"href":"https:\/\/lospoliticosveracruz.com.mx\/index.php?rest_route=%2Fwp%2Fv2%2Fcategories&post=23849"},{"taxonomy":"post_tag","embeddable":true,"href":"https:\/\/lospoliticosveracruz.com.mx\/index.php?rest_route=%2Fwp%2Fv2%2Ftags&post=23849"}],"curies":[{"name":"wp","href":"https:\/\/api.w.org\/{rel}","templated":true}]}}