{"id":23853,"date":"2016-06-23T22:15:59","date_gmt":"2016-06-24T03:15:59","guid":{"rendered":"http:\/\/www.lospoliticosveracruz.com.mx\/?p=23853"},"modified":"2016-06-23T22:19:43","modified_gmt":"2016-06-24T03:19:43","slug":"veracruz-y-su-record-en-secuestros","status":"publish","type":"post","link":"https:\/\/lospoliticosveracruz.com.mx\/?p=23853","title":{"rendered":"Veracruz y su r\u00e9cord en secuestros"},"content":{"rendered":"<p><a href=\"http:\/\/www.lospoliticosveracruz.com.mx\/wp-content\/uploads\/2014\/10\/secuestro-e1466738293772.jpg\"><img loading=\"lazy\" decoding=\"async\" class=\"aligncenter size-full wp-image-12923\" src=\"http:\/\/www.lospoliticosveracruz.com.mx\/wp-content\/uploads\/2014\/10\/secuestro-e1466738293772.jpg\" alt=\"secuestro\" width=\"600\" height=\"338\" \/><\/a><\/p>\n<p><strong>Luis Alberto Romero<\/strong><\/p>\n<p><em>Hora Cero<\/em><\/p>\n<p>El Secretariado Ejecutivo del Sistema Nacional de Seguridad P\u00fablica dio a conocer de manera reciente los datos sobre la incidencia delictiva en nuestro pa\u00eds, actualizados hasta mayo del presente a\u00f1o.<\/p>\n<p>Se trata de la informaci\u00f3n que turnan las procuradur\u00edas y fiscal\u00edas estatales y que concentra la mencionada dependencia de la Secretar\u00eda de Gobernaci\u00f3n. En el \u00e1mbito nacional, seg\u00fan el reporte difundido el pasado 20 de junio, se cometieron, durante los primeros cinco meses del a\u00f1o, m\u00e1s de 617 mil il\u00edcitos; de dicha cifra, casi 227 mil corresponden al delito de robo; de igual manera, en todo el pa\u00eds se reportaron 13 mil 888 homicidios, 7 mil 743 de los cuales fueron dolosos; 429 secuestros; y m\u00e1s de 5 mil 200 delitos sexuales.<\/p>\n<p>En el caso de las estad\u00edsticas veracruzanas, tres puntos llaman la atenci\u00f3n: primero, que el n\u00famero total de los delitos cometidos durante los primeros cinco meses del a\u00f1o se ha mantenido estable, incluso a la baja, a comparaci\u00f3n con los \u00faltimos once a\u00f1os; segundo, que la cifra de homicidios conserva la tendencia de los anteriores dos a\u00f1os, 2014 y 2015, pero es m\u00e1s baja que la que se report\u00f3 de 2005 a 2013; y tercero, que los n\u00fameros relacionados con la privaci\u00f3n ilegal de la libertad, secuestro, siguen muy altos, para desgracia para cientos de familias veracruzanas que han sido v\u00edctimas de este il\u00edcito en los \u00faltimos a\u00f1os.<\/p>\n<p>De enero a mayo de 2016, la Fiscal\u00eda General de Justicia del Estado de Veracruz recibi\u00f3 50 denuncias por privaci\u00f3n ilegal de la libertad para promediar 10 por mes, un secuestro cada tres d\u00edas.<\/p>\n<p>S\u00f3lo para ilustrar lo dram\u00e1tica que resulta dicha cifra, basta decir que los secuestros denunciados en los primeros cinco meses del presente a\u00f1o equivalen a los registrados durante los seis a\u00f1os de la administraci\u00f3n del ex gobernador Fidel Herrera.<\/p>\n<p>Revisando el historial de la incidencia delictiva en Veracruz encontramos que en 2005 se reportaron en la entidad 6 secuestros, uno cada dos meses; en 2006, 7; en 2007, 13 (lo que ya escandalizaba por considerarse una cifra alta); en 2008, 10; en 2009, ninguno; y en 2010, 17. El total del sexenio de la fidelidad lleg\u00f3 a 53 secuestros; es decir, tres m\u00e1s que los registrados durante el periodo de enero a mayo de 2016.<\/p>\n<p>Ya durante la presente administraci\u00f3n, en 2011 se rompieron todas las marcas del mencionado il\u00edcito, al registrar Veracruz 60 denuncias por secuestro, un promedio de 5 cada mes, con lo que se superaron los n\u00fameros, en s\u00f3lo un a\u00f1o, de todo el sexenio anterior.<\/p>\n<p>En 2012 contin\u00fao la tendencia, con 91 secuestros; en 2013 fueron 109; en 2014, 144 (el a\u00f1o que tuvo los n\u00fameros m\u00e1s elevados desde que hay registros oficiales); mientras que en 2015 se cometieron en la entidad 97.<\/p>\n<p>De enero de 2011 a mayo de 2016, la muy lamentable cifra del secuestro en Veracruz se ubica en 551 casos, mil por ciento m\u00e1s que los registrados en el periodo que va de 2005 a 2010, cuando se cometieron 53.<\/p>\n<p>Esas son, en s\u00edntesis, las estad\u00edsticas de uno de los delitos que m\u00e1s agravia a la sociedad y, por supuesto, uno de los que causan m\u00e1s da\u00f1o a las v\u00edctimas y sus familiares, sobre todo porque muchos de los casos que comienzan en secuestro terminan en homicidio. Lamentablemente, durante el \u00faltimo lustro, el promedio anual de dicho il\u00edcito en el estado se ubica en 100 denuncias, sin contar con los casos que no llegan a los ministerios p\u00fablicos debido al temor o a la desconfianza en las autoridades. Lo peor es que de continuar la tendencia de los primeros cinco meses de 2016, lo m\u00e1s probable es que Veracruz termine el a\u00f1o, por tercera ocasi\u00f3n en su historia, con m\u00e1s de cien denuncias por secuestro.<\/p>\n<p><strong>IMAC y Xalapa Jazz Festival<\/strong><\/p>\n<p>El IMAC ha sido reabierto, en el marco de la inauguraci\u00f3n del Xalapa Jazz Festival y el p\u00fablico disfrut\u00f3 de un gran concierto del vocalista estadounidense J. Hoard y de la funcionalidad y modernidad de un centro cultural a la altura de las actuales necesidades de la capital veracruzana.<\/p>\n<p>Se trata de un edificio sobrio, sin excesos que asomen despilfarros innecesarios.<\/p>\n<p>Se nota cada peso invertido de manera conjunta entre el Ayuntamiento y la Federaci\u00f3n a trav\u00e9s de la Secretar\u00eda de Desarrollo Agrario, Territorial y Urbano (Sedatu); con esto, la autoridad municipal ha ganado un espacio m\u00e1s para la promoci\u00f3n del arte y la cultura en Xalapa, que se suma a una respetable infraestructura que revalora a la Atenas Veracruzana, como ya ha venido reconoci\u00e9ndose.<\/p>\n<p>Los temas del IMAC y del Xalapa Jazz Festival adquieren importancia, sobre todo porque la capital del estado concentra una interesante oferta en cuanto a las actividades culturales y tambi\u00e9n en los espacios destinados a las artes. @luisromero85<\/p>\n","protected":false},"excerpt":{"rendered":"<p>Luis Alberto Romero Hora Cero El Secretariado Ejecutivo del Sistema Nacional de Seguridad P\u00fablica dio a conocer de manera reciente los datos sobre la incidencia delictiva en nuestro pa\u00eds, actualizados hasta mayo del presente a\u00f1o. Se trata de la informaci\u00f3n que turnan las procuradur\u00edas y fiscal\u00edas estatales y que concentra la mencionada dependencia de la [&hellip;]<\/p>\n","protected":false},"author":2,"featured_media":0,"comment_status":"open","ping_status":"open","sticky":false,"template":"","format":"standard","meta":{"_jetpack_newsletter_access":"","_jetpack_dont_email_post_to_subs":false,"_jetpack_newsletter_tier_id":0,"_jetpack_memberships_contains_paywalled_content":false,"_jetpack_memberships_contains_paid_content":false,"footnotes":""},"categories":[70],"tags":[5555,504,177,195],"class_list":["post-23853","post","type-post","status-publish","format-standard","hentry","category-de-opinion","tag-fiscalia","tag-secuestros","tag-seguridad-publica","tag-veracruz"],"jetpack_featured_media_url":"","jetpack_sharing_enabled":true,"jetpack_shortlink":"https:\/\/wp.me\/p4Qcd3-6cJ","_links":{"self":[{"href":"https:\/\/lospoliticosveracruz.com.mx\/index.php?rest_route=\/wp\/v2\/posts\/23853","targetHints":{"allow":["GET"]}}],"collection":[{"href":"https:\/\/lospoliticosveracruz.com.mx\/index.php?rest_route=\/wp\/v2\/posts"}],"about":[{"href":"https:\/\/lospoliticosveracruz.com.mx\/index.php?rest_route=\/wp\/v2\/types\/post"}],"author":[{"embeddable":true,"href":"https:\/\/lospoliticosveracruz.com.mx\/index.php?rest_route=\/wp\/v2\/users\/2"}],"replies":[{"embeddable":true,"href":"https:\/\/lospoliticosveracruz.com.mx\/index.php?rest_route=%2Fwp%2Fv2%2Fcomments&post=23853"}],"version-history":[{"count":2,"href":"https:\/\/lospoliticosveracruz.com.mx\/index.php?rest_route=\/wp\/v2\/posts\/23853\/revisions"}],"predecessor-version":[{"id":23855,"href":"https:\/\/lospoliticosveracruz.com.mx\/index.php?rest_route=\/wp\/v2\/posts\/23853\/revisions\/23855"}],"wp:attachment":[{"href":"https:\/\/lospoliticosveracruz.com.mx\/index.php?rest_route=%2Fwp%2Fv2%2Fmedia&parent=23853"}],"wp:term":[{"taxonomy":"category","embeddable":true,"href":"https:\/\/lospoliticosveracruz.com.mx\/index.php?rest_route=%2Fwp%2Fv2%2Fcategories&post=23853"},{"taxonomy":"post_tag","embeddable":true,"href":"https:\/\/lospoliticosveracruz.com.mx\/index.php?rest_route=%2Fwp%2Fv2%2Ftags&post=23853"}],"curies":[{"name":"wp","href":"https:\/\/api.w.org\/{rel}","templated":true}]}}