{"id":23856,"date":"2016-06-23T22:42:04","date_gmt":"2016-06-24T03:42:04","guid":{"rendered":"http:\/\/www.lospoliticosveracruz.com.mx\/?p=23856"},"modified":"2016-06-23T22:42:04","modified_gmt":"2016-06-24T03:42:04","slug":"chismes","status":"publish","type":"post","link":"https:\/\/lospoliticosveracruz.com.mx\/?p=23856","title":{"rendered":"Chismes"},"content":{"rendered":"<p><a href=\"http:\/\/www.lospoliticosveracruz.com.mx\/wp-content\/uploads\/2014\/10\/lavadero_xalitic_2.png\"><img loading=\"lazy\" decoding=\"async\" class=\"aligncenter size-full wp-image-12650\" src=\"http:\/\/www.lospoliticosveracruz.com.mx\/wp-content\/uploads\/2014\/10\/lavadero_xalitic_2.png\" alt=\"lavadero_xalitic_2\" width=\"500\" height=\"586\" \/><\/a><br \/>\n<strong>Salvador Mu\u00f1oz<\/strong><\/p>\n<p><em>Los Pol\u00edticos<\/em><\/p>\n<p>\u201c\u00bfSabes guardar un secreto?\u201d, me dec\u00eda mi tocayo, viendo con los ojos entrecerrados, receloso, de un lado a otro. Mi respuesta fue seca: \u201cNo\u201d&#8230; La frente de mi tocayo se arrug\u00f3 y claramente hubo decepci\u00f3n. Entonces, cambiando totalmente el semblante, con cara de pillo, me dijo: \u201c\u00a1No importa!&#8230; f\u00edjate que\u2026\u201d y me cont\u00f3 un chisme.<br \/>\nCon este pre\u00e1mbulo, lo que pretendo decirle a los lectores, es que vivimos desde tiempos arcaicos, rodeados de chismes, y por ende, de chismosos; \u00a1ojo! porque tengo la certeza que al hacernos receptor de un chisme en autom\u00e1tico nos convierte en chismosos\u2026 pero \u00a1vamos! \u00bfa qui\u00e9n no le gusta echarse un buen chisme?<br \/>\nEl chisme es diferente al rumor, porque mientras el primero busca liberar el alma de ese conocimiento que nos carcome las ganas de contarlo, el rumor pretende desperdigarse cual disparo de escopeta en espera de que un plomo al menos logre su prop\u00f3sito, que es hacer da\u00f1o.<br \/>\nYa entonces entrados en la materia, no se moleste ni espere certeza a los siguientes p\u00e1rrafos porque fueron contados, como ya lo dije, tan s\u00f3lo para liberar a un alma de ese conocimiento que carcome\u2026<br \/>\n<strong>1.- Violencia intra-familiar<\/strong><br \/>\nMucho se habla de que los triunfos tienen muchos padres, pero la derrota es hu\u00e9rfana&#8230; sin embargo, \u00bfqu\u00e9 pasa cuando en el triunfo hay derrotas internas? P\u00e1nuco es un ejemplo de ello. Hay que desconfiar cuando hoy, este distrito, es el orgullo del PVEM (y de refil\u00f3n, del PRI)&#8230; Al menos para la diputada local por este distrito, \u00a1vaya que le cost\u00f3 miedo, zozobra, inseguridad y frustraci\u00f3n por lo que se viene tanto en contra de su partido&#8230; como para ella misma! Recuerden: ella quiere ser Alcaldesa por P\u00e1nuco. \u00bfPor qu\u00e9 se dice esto? Porque previo y durante la elecci\u00f3n, sus seguidores sufrieron ataques. Diez casas bombardeadas con \u00abcocteles Molotov\u00bb; el silencio y ausencia tanto de Flavino R\u00edos, Fuerza Civil y de Jorge Moreno; amenazas veladas por parte de Ricardo Garc\u00eda Escalante ante la indiferencia de su padre; y un intento de levant\u00f3n al director del Tecnol\u00f3gico de P\u00e1nuco, brazo derecho de Tava&#8230; lo extra\u00f1o es que toda esta violencia fue \u00abintra-familiar\u00bb&#8230;<br \/>\n<strong>2.- Salvoconductos<\/strong><br \/>\nHablando de P\u00e1nuco, bien vale hacer memoria y recordar que Ricardo Garc\u00eda Guzm\u00e1n, en el 2010, apoy\u00f3 con todo a Miguel \u00c1ngel Yunes Linares aunque despu\u00e9s se haya pasado de nuevo al PRI. Dice el dicho y dice bien: Quien traiciona una vez, traiciona siempre. Javier Duarte de Ochoa deber\u00eda de repensar, realizar y reestudiar este contundente triunfo en P\u00e1nuco y tomar en cuenta qu\u00e9 funcionarios en su Gabinete, por la posici\u00f3n que guardan, pueden tener documentos que les sirvan de salvoconducto si Miguel \u00c1ngel Yunes Linares entra con la guada\u00f1a afilada&#8230; habr\u00eda que ver si no hubo fuga de copias de expedientes en Contralor\u00eda que ya est\u00e9n en manos del Gobernador&#8230; electo.<br \/>\n<strong>3.- Se busca director<\/strong><br \/>\nDespu\u00e9s de ser intervenido de la pr\u00f3stata, por fin encontr\u00f3 un buen pretexto Polo Lara Gonz\u00e1lez, director de Recaudaci\u00f3n, para separarse del cargo en Sefiplan, por lo que de inmediato, le pidieron nombres para pasar \u00abla papa caliente\u00bb&#8230; siendo francos, en estos momentos, cualquier puesto en Sefiplan es eso. En fin. Polo sugiri\u00f3 a una dama de hierro, pero \u00e9sta lo rechaz\u00f3&#8230; les digo que es una \u00abpapa caliente\u00bb. Entonces, Juan Manuel del Castillo, quien a\u00fan mete su cuchara, dio otro nombre: Alejandro Lim\u00f3n Luengas, hombre de todas las confianzas de \u00abEl Flaco\u00bb&#8230; salvo por un ligero detalle. Los empleados recuerdan m\u00e1s al \u00abdedo chiquito\u00bb del hoy diputado electo por \u00abrata\u00bb que por eficiente, pues fue separado de la secretar\u00eda de Finanzas por un faltante de 5 millones de pesos (por tan poco se quem\u00f3) y entonces rescatado por el secretario privado del Gober Javier Duarte&#8230; s\u00ed, Juan Manuel del Castillo&#8230; por lo mientras, \u00bfconoce a alguien que le interese el puesto de Director de Recaudaci\u00f3n? \u00a1ya aunque sea para hacer curriculum!<\/p>\n<p>smcainito@gmail.com<\/p>\n","protected":false},"excerpt":{"rendered":"<p>Salvador Mu\u00f1oz Los Pol\u00edticos \u201c\u00bfSabes guardar un secreto?\u201d, me dec\u00eda mi tocayo, viendo con los ojos entrecerrados, receloso, de un lado a otro. Mi respuesta fue seca: \u201cNo\u201d&#8230; La frente de mi tocayo se arrug\u00f3 y claramente hubo decepci\u00f3n. Entonces, cambiando totalmente el semblante, con cara de pillo, me dijo: \u201c\u00a1No importa!&#8230; f\u00edjate que\u2026\u201d y [&hellip;]<\/p>\n","protected":false},"author":2,"featured_media":0,"comment_status":"open","ping_status":"open","sticky":false,"template":"","format":"standard","meta":{"_jetpack_newsletter_access":"","_jetpack_dont_email_post_to_subs":false,"_jetpack_newsletter_tier_id":0,"_jetpack_memberships_contains_paywalled_content":false,"_jetpack_memberships_contains_paid_content":false,"footnotes":""},"categories":[70],"tags":[1761,3426,428,5556,1272,1705],"class_list":["post-23856","post","type-post","status-publish","format-standard","hentry","category-de-opinion","tag-flavino-rios","tag-juan-manuel-del-castillo","tag-miguel-angel-yunes-linares","tag-polo-lara-gonzalez","tag-ricardo-garcia-guzman","tag-tava-ortega-arteaga"],"jetpack_featured_media_url":"","jetpack_sharing_enabled":true,"jetpack_shortlink":"https:\/\/wp.me\/s4Qcd3-chismes","_links":{"self":[{"href":"https:\/\/lospoliticosveracruz.com.mx\/index.php?rest_route=\/wp\/v2\/posts\/23856","targetHints":{"allow":["GET"]}}],"collection":[{"href":"https:\/\/lospoliticosveracruz.com.mx\/index.php?rest_route=\/wp\/v2\/posts"}],"about":[{"href":"https:\/\/lospoliticosveracruz.com.mx\/index.php?rest_route=\/wp\/v2\/types\/post"}],"author":[{"embeddable":true,"href":"https:\/\/lospoliticosveracruz.com.mx\/index.php?rest_route=\/wp\/v2\/users\/2"}],"replies":[{"embeddable":true,"href":"https:\/\/lospoliticosveracruz.com.mx\/index.php?rest_route=%2Fwp%2Fv2%2Fcomments&post=23856"}],"version-history":[{"count":1,"href":"https:\/\/lospoliticosveracruz.com.mx\/index.php?rest_route=\/wp\/v2\/posts\/23856\/revisions"}],"predecessor-version":[{"id":23857,"href":"https:\/\/lospoliticosveracruz.com.mx\/index.php?rest_route=\/wp\/v2\/posts\/23856\/revisions\/23857"}],"wp:attachment":[{"href":"https:\/\/lospoliticosveracruz.com.mx\/index.php?rest_route=%2Fwp%2Fv2%2Fmedia&parent=23856"}],"wp:term":[{"taxonomy":"category","embeddable":true,"href":"https:\/\/lospoliticosveracruz.com.mx\/index.php?rest_route=%2Fwp%2Fv2%2Fcategories&post=23856"},{"taxonomy":"post_tag","embeddable":true,"href":"https:\/\/lospoliticosveracruz.com.mx\/index.php?rest_route=%2Fwp%2Fv2%2Ftags&post=23856"}],"curies":[{"name":"wp","href":"https:\/\/api.w.org\/{rel}","templated":true}]}}