{"id":24048,"date":"2016-07-07T21:45:25","date_gmt":"2016-07-08T02:45:25","guid":{"rendered":"http:\/\/www.lospoliticosveracruz.com.mx\/asustame-panteon-2\/"},"modified":"2016-07-07T21:45:25","modified_gmt":"2016-07-08T02:45:25","slug":"asustame-panteon-2","status":"publish","type":"post","link":"https:\/\/lospoliticosveracruz.com.mx\/?p=24048","title":{"rendered":"\u00a1As\u00fastame pante\u00f3n!"},"content":{"rendered":"<p><a href=\"http:\/\/www.lospoliticosveracruz.com.mx\/wp-content\/uploads\/2016\/07\/Pante\u00f3n-Xalapa.jpg\"><img loading=\"lazy\" decoding=\"async\" class=\"aligncenter size-full wp-image-24050\" src=\"http:\/\/www.lospoliticosveracruz.com.mx\/wp-content\/uploads\/2016\/07\/Pante\u00f3n-Xalapa.jpg\" alt=\"Pante\u00f3n Xalapa\" width=\"600\" height=\"401\" \/><\/a> <a href=\"http:\/\/www.lospoliticosveracruz.com.mx\/wp-content\/uploads\/2016\/07\/Pante\u00f3n-Xalapa-2.jpg\"><img loading=\"lazy\" decoding=\"async\" class=\"aligncenter size-full wp-image-24051\" src=\"http:\/\/www.lospoliticosveracruz.com.mx\/wp-content\/uploads\/2016\/07\/Pante\u00f3n-Xalapa-2.jpg\" alt=\"Pante\u00f3n Xalapa 2\" width=\"600\" height=\"401\" \/><\/a><\/p>\n<p>Como parte de las actividades culturales de verano, este viernes 8 de julio inician los Recorridos Hist\u00f3ricos Nocturnos en el Cementerio Antiguo 5 de Febrero, coordinados por Zilmar Armenta Rodr\u00edguez, para dar cuenta de la vida y obra de pol\u00edticos, hombres ilustres, maestros y benefactores de la ciudad de Xalapa.<\/p>\n<p>Los asistentes, podr\u00e1n conocer las tumbas de Enrique Conrado R\u00e9bsamen, Antonio Mar\u00eda de Rivera, Juan de la Luz Enr\u00edquez, Rafael Gu\u00edzar y Valencia, Don Justo Fern\u00e1ndez, Pantale\u00f3n Serd\u00e1n, Manuel Maples Arce, Abraham Bouchez, Agust\u00edn Coquet, Dolores Fern\u00e1ndez de Morales, Juan Morales, Carlos Bouchez, Esther Bouchez de Canovas, entre muchos otros.<\/p>\n<p>Durante el recorrido los asistentes conocer\u00e1n los hechos m\u00e1s sobresalientes de estos conocidos personajes que heredaron a la ciudad no tan s\u00f3lo la construcci\u00f3n de escuelas, edificios, hospitales o casas de beneficencia, sino adem\u00e1s las historias y leyendas que sobre el propio cementerio a\u00fan se cuentan entre la poblaci\u00f3n.<\/p>\n<p>El recorrido incluy\u00f3 visitar algunas de las tumbas m\u00e1s conservadas del Pante\u00f3n, las cuales por su tipo de construcci\u00f3n y elementos mortuorios que las adornan, son consideradas \u00fanicas y de gran val\u00eda para la ciudad, as\u00ed como de quienes atesoran el pasado hist\u00f3rico de la capital veracruzana.<\/p>\n<p>Los recorridos est\u00e1n programados para realizarse todos los viernes y s\u00e1bados del mes de julio, a partir de las 20:00 horas y hasta que el \u00faltimo visitante se retire. El costo de entrada general es de 50 pesos, y 25 pesos para ni\u00f1os menores de 10 a\u00f1os y poseedores de la credencial de INAPAM.<\/p>\n","protected":false},"excerpt":{"rendered":"<p>Como parte de las actividades culturales de verano, este viernes 8 de julio inician los Recorridos Hist\u00f3ricos Nocturnos en el Cementerio Antiguo 5 de Febrero, coordinados por Zilmar Armenta Rodr\u00edguez, para dar cuenta de la vida y obra de pol\u00edticos, hombres ilustres, maestros y benefactores de la ciudad de Xalapa. Los asistentes, podr\u00e1n conocer las [&hellip;]<\/p>\n","protected":false},"author":2,"featured_media":0,"comment_status":"open","ping_status":"open","sticky":false,"template":"","format":"standard","meta":{"_jetpack_newsletter_access":"","_jetpack_dont_email_post_to_subs":false,"_jetpack_newsletter_tier_id":0,"_jetpack_memberships_contains_paywalled_content":false,"_jetpack_memberships_contains_paid_content":false,"footnotes":""},"categories":[73],"tags":[5651,5640,5649,5644,5641,5652,5642,5650,5646,5645,5643,5639],"class_list":["post-24048","post","type-post","status-publish","format-standard","hentry","category-de-boleto","tag-carlos-bouchez","tag-cementerio","tag-dolores-fernandez-de-morales","tag-don-justo-fernandez","tag-enrique-conrado-rebsamen","tag-esther-bouchez-de-canovas","tag-juan-de-la-luz-enriquez","tag-juan-morales","tag-manuel-maples-arce","tag-pantaleon-serdan","tag-rafael-guizar-y-valencia","tag-recorridos"],"jetpack_featured_media_url":"","jetpack_sharing_enabled":true,"jetpack_shortlink":"https:\/\/wp.me\/p4Qcd3-6fS","_links":{"self":[{"href":"https:\/\/lospoliticosveracruz.com.mx\/index.php?rest_route=\/wp\/v2\/posts\/24048","targetHints":{"allow":["GET"]}}],"collection":[{"href":"https:\/\/lospoliticosveracruz.com.mx\/index.php?rest_route=\/wp\/v2\/posts"}],"about":[{"href":"https:\/\/lospoliticosveracruz.com.mx\/index.php?rest_route=\/wp\/v2\/types\/post"}],"author":[{"embeddable":true,"href":"https:\/\/lospoliticosveracruz.com.mx\/index.php?rest_route=\/wp\/v2\/users\/2"}],"replies":[{"embeddable":true,"href":"https:\/\/lospoliticosveracruz.com.mx\/index.php?rest_route=%2Fwp%2Fv2%2Fcomments&post=24048"}],"version-history":[{"count":2,"href":"https:\/\/lospoliticosveracruz.com.mx\/index.php?rest_route=\/wp\/v2\/posts\/24048\/revisions"}],"predecessor-version":[{"id":24052,"href":"https:\/\/lospoliticosveracruz.com.mx\/index.php?rest_route=\/wp\/v2\/posts\/24048\/revisions\/24052"}],"wp:attachment":[{"href":"https:\/\/lospoliticosveracruz.com.mx\/index.php?rest_route=%2Fwp%2Fv2%2Fmedia&parent=24048"}],"wp:term":[{"taxonomy":"category","embeddable":true,"href":"https:\/\/lospoliticosveracruz.com.mx\/index.php?rest_route=%2Fwp%2Fv2%2Fcategories&post=24048"},{"taxonomy":"post_tag","embeddable":true,"href":"https:\/\/lospoliticosveracruz.com.mx\/index.php?rest_route=%2Fwp%2Fv2%2Ftags&post=24048"}],"curies":[{"name":"wp","href":"https:\/\/api.w.org\/{rel}","templated":true}]}}