{"id":24115,"date":"2016-07-12T08:45:10","date_gmt":"2016-07-12T13:45:10","guid":{"rendered":"http:\/\/www.lospoliticosveracruz.com.mx\/?p=24115"},"modified":"2016-07-12T08:45:10","modified_gmt":"2016-07-12T13:45:10","slug":"batazo-en-la-nuca-a-duarte","status":"publish","type":"post","link":"https:\/\/lospoliticosveracruz.com.mx\/?p=24115","title":{"rendered":"Batazo en la nuca a Duarte"},"content":{"rendered":"<p><a href=\"http:\/\/www.lospoliticosveracruz.com.mx\/wp-content\/uploads\/2016\/06\/Javier-Duarte.jpg\"><img loading=\"lazy\" decoding=\"async\" class=\"aligncenter size-full wp-image-23568\" src=\"http:\/\/www.lospoliticosveracruz.com.mx\/wp-content\/uploads\/2016\/06\/Javier-Duarte.jpg\" alt=\"Javier Duarte\" width=\"600\" height=\"287\" \/><\/a><\/p>\n<p><strong>Luis Alberto Romero<\/strong><\/p>\n<p><em>Hora Cero<\/em><\/p>\n<p>El escenario para el gobernador Javier Duarte y su m\u00e1s cercano grupo de colaboradores no podr\u00eda ser peor.<\/p>\n<p>Objeto del escarnio y del linchamiento p\u00fablico por las acusaciones sobre presuntos actos de corrupci\u00f3n e impunidad, Duarte de Ochoa enfrenta actualmente la peor de sus pesadillas: la llegada al poder, como sucesor en el cargo, de Miguel \u00c1ngel Yunes Linares, contra quien emprendi\u00f3, pr\u00e1cticamente desde que lleg\u00f3 a la gubernatura, en 2010, una f\u00e9rrea campa\u00f1a de se\u00f1alamientos y acusaciones.<\/p>\n<p>Son tan pobres los resultados de la administraci\u00f3n que est\u00e1 por concluir; y tan adversa la opini\u00f3n de los veracruzanos sobre el actual gobierno del estado, que la cr\u00edtica promovida desde el sector oficial veracruzano contra Yunes Linares termin\u00f3 por fortalecer al candidato panista, pavimentando la carretera a la victoria del blanquiazul en las elecciones del presente a\u00f1o.<\/p>\n<p>Miguel \u00c1ngel Yunes midi\u00f3 a la perfecci\u00f3n el descontento social por la inseguridad, la violencia, la escasa generaci\u00f3n de empleos, los niveles de corrupci\u00f3n e impunidad y la ausencia de obra p\u00fablica en las diferentes regiones del territorio estatal. El hoy gobernador electo sab\u00eda lo que dec\u00eda cuando, al reunirse con un grupo de periodistas, antes del arranque de la campa\u00f1a, coment\u00f3 que Javier Duarte era considerado por la opini\u00f3n p\u00fablica como el culpable de todos los males de Veracruz y que ello, de manera inevitable, afectar\u00eda al PRI y a su candidato a gobernador. Al final, los resultados electorales dieron la raz\u00f3n al panista.<\/p>\n<p>El descr\u00e9dito de una administraci\u00f3n que termina cuestionada, se\u00f1alada y acusada por ineficiente y corrupta es evidente.<\/p>\n<p><strong>De las empresas \u201cfantasma\u201d al desplome del blindaje<\/strong><\/p>\n<p>Lo peor, sin embargo, apenas viene para el grupo que todav\u00eda est\u00e1 en el gobierno estatal: al tema de los resultados de la Auditor\u00eda Superior de la Federaci\u00f3n y de las irregularidades detectadas en las revisiones a las cuentas p\u00fablicas veracruzanas se suma la investigaci\u00f3n que realiza el Sistema de Administraci\u00f3n Tributaria sobre empresas \u201cfantasma\u201d que habr\u00edan sido beneficiarias con millonarios contratos del gobierno estatal. 11 dependencias del poder ejecutivo veracruzano est\u00e1n relacionadas con los millonarios contratos.<\/p>\n<p>En ese contexto, el SAT, a trav\u00e9s de su p\u00e1gina de internet, confirm\u00f3 la presentaci\u00f3n de 32 denuncias ante la Procuradur\u00eda General de la Rep\u00fablica; 18 de esas empresas inexistentes declararon ingresos por m\u00e1s de 100 millones de pesos; 13 m\u00e1s no alcanzaron dicha cifra; y una ni siquiera realiz\u00f3 declaraciones fiscales.<\/p>\n<p>Dato para ilustrar el monto de las operaciones: la dependencia que encabeza Arist\u00f3teles N\u00fa\u00f1ez S\u00e1nchez inform\u00f3 que una de las empresas investigadas declar\u00f3 ingresos por m\u00e1s de mil millones de pesos.<\/p>\n<p>Por si dichos esc\u00e1ndalos (las revisiones de la ASF y las investigaciones de la PGR y SAT) no fueran suficientes, este lunes el gobierno federal, a trav\u00e9s de la Procuradur\u00eda General de la Rep\u00fablica, propin\u00f3 un batazo a la nuca de Duarte, al promover una acci\u00f3n de inconstitucionalidad ante la Suprema Corte de Justicia de la Naci\u00f3n, por las reformas aprobadas sobre combate a la corrupci\u00f3n; esto es, el paquete de iniciativas que se han denominado como el \u201cblindaje\u201d para el gobernador.<\/p>\n<p>La intenci\u00f3n de la medida promovida por la PGR es que se declare como inconstitucional el nombramiento del contralor, del fiscal y de los magistrados de la Sala Anticorrupci\u00f3n. La posici\u00f3n de la Presidencia de la Rep\u00fablica, dada a conocer por el vocero Eduardo S\u00e1nchez Hern\u00e1ndez, no pod\u00eda ser m\u00e1s contundente: el Sistema Nacional Anticorrupci\u00f3n no tiene cabida a legislaciones locales a modo.<\/p>\n<p><strong>Posici\u00f3n sacrificable<\/strong><\/p>\n<p>Acorralado, Javier Duarte se vio obligado a desistir de su plan de blindaje y utiliz\u00f3 su Twitter para decir que \u201cde acuerdo con la Presidencia de la Rep\u00fablica, los miembros de la terna a magistrados anticorrupci\u00f3n han declinado y no enviar\u00e9 ninguna otra propuesta\u201d; de igual manera, exhort\u00f3 \u201ca la Comisi\u00f3n de Procuraci\u00f3n de Justicia de la Legislatura del Estado declarar desierta la convocatoria para nombrar al Fiscal Anticorrupci\u00f3n\u201d.<\/p>\n<p>Duarte de Ochoa no pod\u00eda asumir una actitud diferente e insistir en su plan de blindaje, porque ello hubiera representado una confrontaci\u00f3n, a\u00fan mayor, con la Presidencia de la Rep\u00fablica, demasiados frentes abiertos; un gobernador tan debilitado como el veracruzano no cuenta con la posibilidad de oponerse a una decisi\u00f3n del ejecutivo federal; ello ser\u00eda tanto como derribar una pared a puntapi\u00e9s.<\/p>\n<p>Por otro lado, todo apunta a que el ejecutivo veracruzano es para Los Pinos una posici\u00f3n prescindible, sacrificable por su nivel de descr\u00e9dito y por las acusaciones que pesan en su contra.<\/p>\n<p>Mientras todo eso ocurre, la dirigencia nacional panista adelanta que llevar\u00e1 a Duarte a juicio pol\u00edtico ante el Congreso de la Uni\u00f3n. El pasado jueves 7, Ricardo Anaya se refiri\u00f3 a la exigencia de su partido de remover del cargo al actual ejecutivo veracruzano. Por su parte, el gobernador electo, Miguel \u00c1ngel Yunes, exigi\u00f3 que Duarte sea separado de la gubernatura, a fin de evitar que oculte informaci\u00f3n que permita proceder en su contra.<\/p>\n<p>Incluso el ex candidato del PRI al gobierno del estado, H\u00e9ctor Yunes Landa, se sum\u00f3 este lunes a las voces que opinan que el ejecutivo de la entidad no debe permanecer en el cargo, por dignidad.<\/p>\n<p>Ante dicho escenario, se puede anticipar que los siguientes meses ser\u00e1n para Duarte de Ochoa una verdadera e insufrible pesadilla. @luisromero85<\/p>\n","protected":false},"excerpt":{"rendered":"<p>Luis Alberto Romero Hora Cero El escenario para el gobernador Javier Duarte y su m\u00e1s cercano grupo de colaboradores no podr\u00eda ser peor. Objeto del escarnio y del linchamiento p\u00fablico por las acusaciones sobre presuntos actos de corrupci\u00f3n e impunidad, Duarte de Ochoa enfrenta actualmente la peor de sus pesadillas: la llegada al poder, como [&hellip;]<\/p>\n","protected":false},"author":2,"featured_media":0,"comment_status":"open","ping_status":"open","sticky":false,"template":"","format":"standard","meta":{"_jetpack_newsletter_access":"","_jetpack_dont_email_post_to_subs":false,"_jetpack_newsletter_tier_id":0,"_jetpack_memberships_contains_paywalled_content":false,"_jetpack_memberships_contains_paid_content":false,"footnotes":""},"categories":[70],"tags":[260,428,2869,115],"class_list":["post-24115","post","type-post","status-publish","format-standard","hentry","category-de-opinion","tag-javier-duarte-de-ochoa","tag-miguel-angel-yunes-linares","tag-pgr","tag-sat"],"jetpack_featured_media_url":"","jetpack_sharing_enabled":true,"jetpack_shortlink":"https:\/\/wp.me\/p4Qcd3-6gX","_links":{"self":[{"href":"https:\/\/lospoliticosveracruz.com.mx\/index.php?rest_route=\/wp\/v2\/posts\/24115","targetHints":{"allow":["GET"]}}],"collection":[{"href":"https:\/\/lospoliticosveracruz.com.mx\/index.php?rest_route=\/wp\/v2\/posts"}],"about":[{"href":"https:\/\/lospoliticosveracruz.com.mx\/index.php?rest_route=\/wp\/v2\/types\/post"}],"author":[{"embeddable":true,"href":"https:\/\/lospoliticosveracruz.com.mx\/index.php?rest_route=\/wp\/v2\/users\/2"}],"replies":[{"embeddable":true,"href":"https:\/\/lospoliticosveracruz.com.mx\/index.php?rest_route=%2Fwp%2Fv2%2Fcomments&post=24115"}],"version-history":[{"count":1,"href":"https:\/\/lospoliticosveracruz.com.mx\/index.php?rest_route=\/wp\/v2\/posts\/24115\/revisions"}],"predecessor-version":[{"id":24116,"href":"https:\/\/lospoliticosveracruz.com.mx\/index.php?rest_route=\/wp\/v2\/posts\/24115\/revisions\/24116"}],"wp:attachment":[{"href":"https:\/\/lospoliticosveracruz.com.mx\/index.php?rest_route=%2Fwp%2Fv2%2Fmedia&parent=24115"}],"wp:term":[{"taxonomy":"category","embeddable":true,"href":"https:\/\/lospoliticosveracruz.com.mx\/index.php?rest_route=%2Fwp%2Fv2%2Fcategories&post=24115"},{"taxonomy":"post_tag","embeddable":true,"href":"https:\/\/lospoliticosveracruz.com.mx\/index.php?rest_route=%2Fwp%2Fv2%2Ftags&post=24115"}],"curies":[{"name":"wp","href":"https:\/\/api.w.org\/{rel}","templated":true}]}}