{"id":24262,"date":"2016-07-21T19:19:27","date_gmt":"2016-07-22T00:19:27","guid":{"rendered":"http:\/\/www.lospoliticosveracruz.com.mx\/?p=24262"},"modified":"2016-08-05T10:26:52","modified_gmt":"2016-08-05T15:26:52","slug":"mi-hogar-seguro-aliviano-a-163-familias","status":"publish","type":"post","link":"https:\/\/lospoliticosveracruz.com.mx\/?p=24262","title":{"rendered":"Mi Hogar Seguro \u00abalivian\u00f3\u00bb a 163 familias"},"content":{"rendered":"<p>Durante la quinta sesi\u00f3n del Comit\u00e9 de an\u00e1lisis del programa Mi Hogar Seguro, se dio a conocer que a trav\u00e9s de la p\u00f3liza aseguradora, el Ayuntamiento de Xalapa ha respaldado en lo que va de a\u00f1o con m\u00e1s de 1.8 millones de pesos a 163 familias xalape\u00f1as, que vieron afectado su patrimonio por incendios o inundaciones.<\/p>\n<p>Cabe recordar que este programa beneficia de manera directa a los propietarios de casa-habitaci\u00f3n que pagaron en enero su Impuesto Predial para el ejercicio fiscal 2016 y protege las viviendas contra posibles da\u00f1os generados por fen\u00f3menos hidrometeorol\u00f3gicos, incendios y explosiones.<\/p>\n<p>Para ser beneficiario de la p\u00f3liza es necesario presentar ante la Tesorer\u00eda Municipal o en alguna de las delegaciones, una solicitud del apoyo por parte del propietario, comprobante del pago del impuesto predial realizado en enero, identificaci\u00f3n oficial del propietario, dictamen de Protecci\u00f3n Civil Municipal y una cotizaci\u00f3n y presupuesto de bienes e inmuebles da\u00f1ados con fotograf\u00edas.<\/p>\n<p>Participaron en la sesi\u00f3n el Secretario T\u00e9cnico del Comit\u00e9 y Tesorero Municipal, Carlos Durante Sedas; el regidor Jorge Huitr\u00f3n L\u00f3pez; el Contralor del Ayuntamiento, Carlos Eduardo L\u00f3pez Garc\u00eda; el Secretario T\u00e9cnico del Ayuntamiento, Francisco Berl\u00edn V\u00e1zquez; el Director de Asuntos Jur\u00eddicos, Roberto P\u00e9rez Guti\u00e9rrez, y el Subdirector de Protecci\u00f3n Civil, Silverio \u00c1vila Contreras.<\/p>\n","protected":false},"excerpt":{"rendered":"<p>Durante la quinta sesi\u00f3n del Comit\u00e9 de an\u00e1lisis del programa Mi Hogar Seguro, se dio a conocer que a trav\u00e9s de la p\u00f3liza aseguradora, el Ayuntamiento de Xalapa ha respaldado en lo que va de a\u00f1o con m\u00e1s de 1.8 millones de pesos a 163 familias xalape\u00f1as, que vieron afectado su patrimonio por incendios o [&hellip;]<\/p>\n","protected":false},"author":2,"featured_media":0,"comment_status":"open","ping_status":"open","sticky":false,"template":"","format":"standard","meta":{"_jetpack_newsletter_access":"","_jetpack_dont_email_post_to_subs":false,"_jetpack_newsletter_tier_id":0,"_jetpack_memberships_contains_paywalled_content":false,"_jetpack_memberships_contains_paid_content":false,"footnotes":""},"categories":[73],"tags":[1657,96],"class_list":["post-24262","post","type-post","status-publish","format-standard","hentry","category-de-boleto","tag-mi-hogar-seguro","tag-xalapa"],"jetpack_featured_media_url":"","jetpack_sharing_enabled":true,"jetpack_shortlink":"https:\/\/wp.me\/p4Qcd3-6jk","_links":{"self":[{"href":"https:\/\/lospoliticosveracruz.com.mx\/index.php?rest_route=\/wp\/v2\/posts\/24262","targetHints":{"allow":["GET"]}}],"collection":[{"href":"https:\/\/lospoliticosveracruz.com.mx\/index.php?rest_route=\/wp\/v2\/posts"}],"about":[{"href":"https:\/\/lospoliticosveracruz.com.mx\/index.php?rest_route=\/wp\/v2\/types\/post"}],"author":[{"embeddable":true,"href":"https:\/\/lospoliticosveracruz.com.mx\/index.php?rest_route=\/wp\/v2\/users\/2"}],"replies":[{"embeddable":true,"href":"https:\/\/lospoliticosveracruz.com.mx\/index.php?rest_route=%2Fwp%2Fv2%2Fcomments&post=24262"}],"version-history":[{"count":2,"href":"https:\/\/lospoliticosveracruz.com.mx\/index.php?rest_route=\/wp\/v2\/posts\/24262\/revisions"}],"predecessor-version":[{"id":24571,"href":"https:\/\/lospoliticosveracruz.com.mx\/index.php?rest_route=\/wp\/v2\/posts\/24262\/revisions\/24571"}],"wp:attachment":[{"href":"https:\/\/lospoliticosveracruz.com.mx\/index.php?rest_route=%2Fwp%2Fv2%2Fmedia&parent=24262"}],"wp:term":[{"taxonomy":"category","embeddable":true,"href":"https:\/\/lospoliticosveracruz.com.mx\/index.php?rest_route=%2Fwp%2Fv2%2Fcategories&post=24262"},{"taxonomy":"post_tag","embeddable":true,"href":"https:\/\/lospoliticosveracruz.com.mx\/index.php?rest_route=%2Fwp%2Fv2%2Ftags&post=24262"}],"curies":[{"name":"wp","href":"https:\/\/api.w.org\/{rel}","templated":true}]}}