{"id":24498,"date":"2016-08-04T08:21:27","date_gmt":"2016-08-04T13:21:27","guid":{"rendered":"http:\/\/www.lospoliticosveracruz.com.mx\/prd-por-posiciones-en-el-gobierno-de-veracruz\/"},"modified":"2016-08-04T08:21:27","modified_gmt":"2016-08-04T13:21:27","slug":"prd-por-posiciones-en-el-gobierno-de-veracruz","status":"publish","type":"post","link":"https:\/\/lospoliticosveracruz.com.mx\/?p=24498","title":{"rendered":"PRD, por posiciones en el gobierno de Veracruz"},"content":{"rendered":"<p><strong>Luis Alberto Romero<\/strong><\/p>\n<p>&nbsp;<\/p>\n<p><em>Hora Cero<\/em>\u00a0<u><\/u><u><\/u><\/p>\n<p>Este martes, en un hotel cercano a la terminal de autobuses de Xalapa, el gobernador de Morelos, Graco Ram\u00edrez Garrido Abreu, y el ex dirigente nacional del Partido de la Revoluci\u00f3n Democr\u00e1tica y ex senador de la Rep\u00fablica Carlos Navarrete Ruiz, se reunieron con un selecto grupo de militantes del Sol Azteca que lleg\u00f3 de la zona cercana a la capital del estado.<u><\/u><u><\/u><\/p>\n<p>Si bien no llegaron perredistas de los municipios distantes a Xalapa, podr\u00edamos decir que s\u00ed estuvieron representadas todas las corrientes internas del partido; la ausencia m\u00e1s notoria fue la del presidente del Comit\u00e9 Directivo Estatal, Rogelio Franco Cast\u00e1n.<u><\/u><u><\/u><\/p>\n<p>En dicha reuni\u00f3n, algunos perredistas mostraron inter\u00e9s en el tema de la presencia del partido en el gobierno que encabezar\u00e1, a partir del primero de diciembre pr\u00f3ximo, el panista Miguel \u00c1ngel Yunes Linares.<u><\/u><u><\/u><\/p>\n<p>De acuerdo con las versiones que circularon al concluir la encerrona perredista, tanto Graco Ram\u00edrez como Carlos Navarrete habr\u00edan hecho comentarios en el sentido de que el Sol Azteca tendr\u00eda que cogobernar con el PAN, accediendo a posiciones en el pr\u00f3ximo gabinete y a diferentes espacios dentro de la estructura del Poder Ejecutivo.<u><\/u><u><\/u><\/p>\n<p>Incluso, hubo quien ponder\u00f3 el papel del PRD en la alianza \u201cPara Rescatar Veracruz\u201d, asegurando que sin esa suma, hubiera sido mucho m\u00e1s complicado para Acci\u00f3n Nacional sacar al PRI de Palacio de Gobierno.<u><\/u><u><\/u><\/p>\n<p>En pocas palabras, la posici\u00f3n de los perredistas establece que la alianza con el PAN no s\u00f3lo fue electoral, sino que se debe extender al gobierno. Quieren espacios.<u><\/u><u><\/u><\/p>\n<p>Esa misma inquietud ser\u00e1 expresada este viernes, cuando el ex dirigente nacional del PRD, Agust\u00edn Basave Ben\u00edtez, visite tierras veracruzanas para reunirse con los perredistas locales.<u><\/u><u><\/u><\/p>\n<p>Hay que recordar que Agust\u00edn Basave fue el dirigente del Sol Azteca que facilit\u00f3 las condiciones para que se concretara la alianza PAN-PRD en Veracruz; fue, asimismo, el responsable de pactar los t\u00e9rminos de la coalici\u00f3n con el albiazul y con el candidato al gobierno estatal, Miguel \u00c1ngel Yunes Linares, con quien el ex l\u00edder perredista tambi\u00e9n tendr\u00eda programada una reuni\u00f3n.<u><\/u><u><\/u><\/p>\n<p>Al interior del PRD hay voces que plantean que los grupos perredistas deben contar con interlocutores al interior y que por ello pedir\u00e1n espacios a Yunes Linares.<u><\/u><u><\/u><\/p>\n<p>De entrada, circulan versiones en el sentido de que el actual dirigente del partido en Veracruz, Rogelio Franco Cast\u00e1n, podr\u00eda ser incluido en una secretar\u00eda \u2013se habla de la de Desarrollo Social\u2013, con lo que se abrir\u00eda el espacio para un interinato en la presidencia del Comit\u00e9 Directivo Estatal.<u><\/u><u><\/u><\/p>\n<p>Sin embargo, el nombre de Rogelio Franco no es el \u00fanico que se escucha para representar al PRD en el pr\u00f3ximo gobierno de la entidad; se habla tambi\u00e9n del ex diputado federal por el distrito de Xalapa, Uriel Flores Aguayo; del ex senador Arturo Herviz Reyes; del ex diputado local Agust\u00edn Mantilla Trolle; y del actual secretario general del Comit\u00e9 Estatal del partido, Jorge Flores Lara.<u><\/u><u><\/u><\/p>\n<p>A esos nombres se sumar\u00edan otros m\u00e1s que aspiran a incorporarse a la estructura del gobierno en subsecretar\u00edas, direcciones y espacios menores.<u><\/u><u><\/u><\/p>\n<p>&nbsp;<\/p>\n<p><b>Reacomodo interno en el Sol Azteca<u><\/u><u><\/u><\/b><\/p>\n<p>Esas incorporaciones de perredistas al gobierno estatal abrir\u00edan la puerta a un reacomodo interno en la direcci\u00f3n del PRD en la entidad.<u><\/u><u><\/u><\/p>\n<p>De llegar Franco Cast\u00e1n, como todo indica, al gobierno que encabezar\u00e1 Yunes Linares, en la dirigencia del Sol Azteca en el estado ser\u00eda obligado un relevo; para ello, al interior del partido se habla b\u00e1sicamente de dos opciones: el actual diputado local Jes\u00fas Alberto Vel\u00e1zquez Flores, uno de los dos representantes del partido en el Congreso local; y Fredy Marcos Valor, secretario de organizaci\u00f3n en el Comit\u00e9 Estatal, quien tambi\u00e9n es representante del PRD ante el Organismo P\u00fablico Local Electoral y, como tal, no cay\u00f3 en las tentaciones que pudieron llegar de un gobierno estatal que ya se ve\u00eda desesperado ante la inminente derrota del PRI.<u><\/u><u><\/u><\/p>\n<p>Pues bien, en ese partido se contemplaba el cambio en el Comit\u00e9 hasta diciembre de 2017, por lo que la dirigencia que sea electa en octubre pr\u00f3ximo, cuando Rogelio Franco oficialice su salida del cargo, tendr\u00e1 el car\u00e1cter de interina y ser\u00e1 renovada un a\u00f1o despu\u00e9s.<u><\/u><u><\/u><\/p>\n<p>En ese contexto, al pr\u00f3ximo dirigente perredista le tocar\u00e1 sacar adelante el proceso electoral de 2017, cuando en Veracruz se renueven los 212 ayuntamientos de la entidad.<\/p>\n<p>&nbsp;<\/p>\n<p><b>Alianza PAN-PRD en los 212 municipios<u><\/u><u><\/u><\/b><\/p>\n<p>Al igual que en el PAN, en el PRD se da como un hecho la alianza con el PAN para el proceso del a\u00f1o pr\u00f3ximo. Lo m\u00e1s probable es que la coalici\u00f3n conformada por esos dos partidos ser\u00e1 total; es decir, en todos los municipios del estado.<u><\/u><u><\/u><\/p>\n<p>Una vez que concluya ese proceso electoral, el local de 2017, la suma de PAN-PRD en la entidad ser\u00e1 cosa del pasado porque a partir de ah\u00ed, ambos partidos se preparar\u00e1n para enfrentar los comicios de 2018, cuando se votar\u00e1 por presidente de la Rep\u00fablica, senadores, diputados federales y legisladores locales.<u><\/u><u><\/u><\/p>\n<p>La alianza PAN-PRD, que alcanz\u00f3 el triunfo en 2016, se repetir\u00e1 en 2017 y caducar\u00e1 un a\u00f1o despu\u00e9s, porque lo m\u00e1s probable es que el Sol Azteca se sume al Movimiento de Regeneraci\u00f3n Nacional en la postulaci\u00f3n de Andr\u00e9s Manuel L\u00f3pez Obrador, con la probable participaci\u00f3n del Movimiento Ciudadano. @luisromero85<\/p>\n","protected":false},"excerpt":{"rendered":"<p>Luis Alberto Romero &nbsp; Hora Cero\u00a0 Este martes, en un hotel cercano a la terminal de autobuses de Xalapa, el gobernador de Morelos, Graco Ram\u00edrez Garrido Abreu, y el ex dirigente nacional del Partido de la Revoluci\u00f3n Democr\u00e1tica y ex senador de la Rep\u00fablica Carlos Navarrete Ruiz, se reunieron con un selecto grupo de militantes [&hellip;]<\/p>\n","protected":false},"author":2,"featured_media":0,"comment_status":"open","ping_status":"open","sticky":false,"template":"","format":"standard","meta":{"_jetpack_newsletter_access":"","_jetpack_dont_email_post_to_subs":false,"_jetpack_newsletter_tier_id":0,"_jetpack_memberships_contains_paywalled_content":false,"_jetpack_memberships_contains_paid_content":false,"footnotes":""},"categories":[70],"tags":[3126,5856,428,5855,808,96],"class_list":["post-24498","post","type-post","status-publish","format-standard","hentry","category-de-opinion","tag-carlos-navarrete-ruiz","tag-graco-ramirez-garrido-abreu","tag-miguel-angel-yunes-linares","tag-morelos","tag-rogelio-franco-castan","tag-xalapa"],"jetpack_featured_media_url":"","jetpack_sharing_enabled":true,"jetpack_shortlink":"https:\/\/wp.me\/p4Qcd3-6n8","_links":{"self":[{"href":"https:\/\/lospoliticosveracruz.com.mx\/index.php?rest_route=\/wp\/v2\/posts\/24498","targetHints":{"allow":["GET"]}}],"collection":[{"href":"https:\/\/lospoliticosveracruz.com.mx\/index.php?rest_route=\/wp\/v2\/posts"}],"about":[{"href":"https:\/\/lospoliticosveracruz.com.mx\/index.php?rest_route=\/wp\/v2\/types\/post"}],"author":[{"embeddable":true,"href":"https:\/\/lospoliticosveracruz.com.mx\/index.php?rest_route=\/wp\/v2\/users\/2"}],"replies":[{"embeddable":true,"href":"https:\/\/lospoliticosveracruz.com.mx\/index.php?rest_route=%2Fwp%2Fv2%2Fcomments&post=24498"}],"version-history":[{"count":1,"href":"https:\/\/lospoliticosveracruz.com.mx\/index.php?rest_route=\/wp\/v2\/posts\/24498\/revisions"}],"predecessor-version":[{"id":24500,"href":"https:\/\/lospoliticosveracruz.com.mx\/index.php?rest_route=\/wp\/v2\/posts\/24498\/revisions\/24500"}],"wp:attachment":[{"href":"https:\/\/lospoliticosveracruz.com.mx\/index.php?rest_route=%2Fwp%2Fv2%2Fmedia&parent=24498"}],"wp:term":[{"taxonomy":"category","embeddable":true,"href":"https:\/\/lospoliticosveracruz.com.mx\/index.php?rest_route=%2Fwp%2Fv2%2Fcategories&post=24498"},{"taxonomy":"post_tag","embeddable":true,"href":"https:\/\/lospoliticosveracruz.com.mx\/index.php?rest_route=%2Fwp%2Fv2%2Ftags&post=24498"}],"curies":[{"name":"wp","href":"https:\/\/api.w.org\/{rel}","templated":true}]}}