{"id":24802,"date":"2016-08-15T17:13:23","date_gmt":"2016-08-15T22:13:23","guid":{"rendered":"http:\/\/www.lospoliticosveracruz.com.mx\/?p=24802"},"modified":"2016-08-15T17:14:07","modified_gmt":"2016-08-15T22:14:07","slug":"se-llevan-las-de-oro-la-pareja-molina-y-rosy-guizar","status":"publish","type":"post","link":"https:\/\/lospoliticosveracruz.com.mx\/?p=24802","title":{"rendered":"Se llevan las de oro la pareja Molina y Rosy Gu\u00edzar"},"content":{"rendered":"<p>Veracruz vuelve a ser noticia al darse a conocer que la ganader\u00eda veracruzana Las Perlas Beefmaster, propiedad de Juan Carlos Molina Palacios y Rosy Gu\u00edzar de Molina, arrasaron con los principales campeonatos durante la III Expo Internacional de Ganado Beefmaster celebrada en Palenque, Chiapas.<\/p>\n<p>En este evento participaron los principales pa\u00edses productores de esta raza pecuaria, destacando la ganader\u00eda veracruzana Las Perlas al obtener los siguientes t\u00edtulos: Campeona Becerra, Campeona Adulta y Gran Campeona de la Raza, as\u00ed como Campe\u00f3n Adulto y Gran Campe\u00f3n de la Raza, lo que pone a Veracruz nuevamente como punta de lanza en materia de gen\u00e9tica bovina.<\/p>\n<p>A decir de Molina Palacios, estos premios vienen a ratificar que Veracruz se posiciona como una gran potencia ganadera a nivel mundial, compitiendo con pa\u00edses como Australia, Estados Unidos, Canad\u00e1, Colombia y Brasil, entre otros.<\/p>\n<p>Cabe mencionar que las ganader\u00edas Rosa Del Alba y Las Perlas -propiedad del l\u00edder estatal de la CNC, Juan Carlos Molina Palacios-, han obtenido premios mundiales en esta materia, lo que lo ha llevado a recibir en dos ocasiones sendos reconocimientos por parte del presidente de la Rep\u00fablica, Enrique Pe\u00f1a Nieto.<\/p>\n<p>A la ceremonia de premiaci\u00f3n en Palenque Chiapas, acudi\u00f3 el presidente de la Confederaci\u00f3n Nacional Ganadera, Oswaldo Ch\u00e1zaro Montalvo.<\/p>\n","protected":false},"excerpt":{"rendered":"<p>Veracruz vuelve a ser noticia al darse a conocer que la ganader\u00eda veracruzana Las Perlas Beefmaster, propiedad de Juan Carlos Molina Palacios y Rosy Gu\u00edzar de Molina, arrasaron con los principales campeonatos durante la III Expo Internacional de Ganado Beefmaster celebrada en Palenque, Chiapas. En este evento participaron los principales pa\u00edses productores de esta raza [&hellip;]<\/p>\n","protected":false},"author":2,"featured_media":24803,"comment_status":"open","ping_status":"open","sticky":false,"template":"","format":"standard","meta":{"_jetpack_newsletter_access":"","_jetpack_dont_email_post_to_subs":false,"_jetpack_newsletter_tier_id":0,"_jetpack_memberships_contains_paywalled_content":false,"_jetpack_memberships_contains_paid_content":false,"footnotes":""},"categories":[73],"tags":[3256,5977,4572,195],"class_list":["post-24802","post","type-post","status-publish","format-standard","has-post-thumbnail","hentry","category-de-boleto","tag-juan-carlos-molina-palacios","tag-las-perlas","tag-rosy-guizar-de-molina","tag-veracruz"],"jetpack_featured_media_url":"https:\/\/lospoliticosveracruz.com.mx\/wp-content\/uploads\/2016\/08\/Molina-y-Rosy-Gu\u00edzar.jpg","jetpack_sharing_enabled":true,"jetpack_shortlink":"https:\/\/wp.me\/p4Qcd3-6s2","_links":{"self":[{"href":"https:\/\/lospoliticosveracruz.com.mx\/index.php?rest_route=\/wp\/v2\/posts\/24802","targetHints":{"allow":["GET"]}}],"collection":[{"href":"https:\/\/lospoliticosveracruz.com.mx\/index.php?rest_route=\/wp\/v2\/posts"}],"about":[{"href":"https:\/\/lospoliticosveracruz.com.mx\/index.php?rest_route=\/wp\/v2\/types\/post"}],"author":[{"embeddable":true,"href":"https:\/\/lospoliticosveracruz.com.mx\/index.php?rest_route=\/wp\/v2\/users\/2"}],"replies":[{"embeddable":true,"href":"https:\/\/lospoliticosveracruz.com.mx\/index.php?rest_route=%2Fwp%2Fv2%2Fcomments&post=24802"}],"version-history":[{"count":2,"href":"https:\/\/lospoliticosveracruz.com.mx\/index.php?rest_route=\/wp\/v2\/posts\/24802\/revisions"}],"predecessor-version":[{"id":24805,"href":"https:\/\/lospoliticosveracruz.com.mx\/index.php?rest_route=\/wp\/v2\/posts\/24802\/revisions\/24805"}],"wp:featuredmedia":[{"embeddable":true,"href":"https:\/\/lospoliticosveracruz.com.mx\/index.php?rest_route=\/wp\/v2\/media\/24803"}],"wp:attachment":[{"href":"https:\/\/lospoliticosveracruz.com.mx\/index.php?rest_route=%2Fwp%2Fv2%2Fmedia&parent=24802"}],"wp:term":[{"taxonomy":"category","embeddable":true,"href":"https:\/\/lospoliticosveracruz.com.mx\/index.php?rest_route=%2Fwp%2Fv2%2Fcategories&post=24802"},{"taxonomy":"post_tag","embeddable":true,"href":"https:\/\/lospoliticosveracruz.com.mx\/index.php?rest_route=%2Fwp%2Fv2%2Ftags&post=24802"}],"curies":[{"name":"wp","href":"https:\/\/api.w.org\/{rel}","templated":true}]}}