{"id":24975,"date":"2016-08-22T18:11:41","date_gmt":"2016-08-22T23:11:41","guid":{"rendered":"http:\/\/www.lospoliticosveracruz.com.mx\/?p=24975"},"modified":"2016-08-22T18:20:02","modified_gmt":"2016-08-22T23:20:02","slug":"juventud-informada","status":"publish","type":"post","link":"https:\/\/lospoliticosveracruz.com.mx\/?p=24975","title":{"rendered":"Juventud informada"},"content":{"rendered":"<p><strong>Sheyla Fuertes Lara<\/strong><\/p>\n<p><em>Mujeres que saben lat\u00edn<\/em><\/p>\n<p>&nbsp;<\/p>\n<p>En las \u00faltimas semanas hemos le\u00eddo y escuchado el discurso de los jerarcas cat\u00f3licos que llaman a su feligres\u00eda a defender a la familia, tal como ellos la consideran, a marchas nacionales para intentar echar abajo la pol\u00edtica del gobierno federal a favor del matrimonio igualitario; la reci\u00e9n aprobada en la legislatura veracruzana, para defender la vida desde el momento de la concepci\u00f3n hasta la muerte natural, as\u00ed como evitar alg\u00fan cambio en la educaci\u00f3n b\u00e1sica, que no sea la que ellos consideren adecuada.<\/p>\n<p>A las mujeres y hombres de las organizaciones civiles y quienes trabajamos desde algunas instituciones nos preocupan los mensajes de los l\u00edderes cat\u00f3licos, porque son una afrenta al estado laico, adem\u00e1s de ser discriminatorios de los derechos humanos para todas las personas, ofrecen informaci\u00f3n basada en prejuicios morales.<\/p>\n<p>Hace unas semanas en una reuni\u00f3n de la Iglesia con j\u00f3venes ac\u00f3litos, \u00a0les llamaba a defender a la familia como ellos la ven, a no aceptar el matrimonio igualitario, ni otro tipo de manifestaci\u00f3n de g\u00e9nero, fomentando el odio hacia la comunidad l\u00e9sbico gay, bisexual, intersexual, transg\u00e9nero e intersexual y a no cuestionar estas ideas.<\/p>\n<p>Pero no todo est\u00e1 perdido, afortunadamente hay otro tipo de j\u00f3venes, como son quienes integran la organizaci\u00f3n de la Muestra Internacional de Cine con Perspectiva de G\u00e9nero, que se presentar\u00e1 en Xalapa la pr\u00f3xima semana, y de diversas asociaciones civiles como la de Todos Podemos.<\/p>\n<p>Reconozco que me sorprendieron, por las ganas que tienen de informarse, de aprender, de conocer las problem\u00e1ticas sociales y de c\u00f3mo la perspectiva de g\u00e9nero va formando parte ya de su vida, es decir, esa mirada con la que vemos las diferencias que a\u00fan existen entre hombres y mujeres.<\/p>\n<p>Por un lado, unos j\u00f3venes que tienen que hacer caso a un discurso discriminatorio, retr\u00f3grada, en el que la interpretaci\u00f3n de los l\u00edderes ni siquiera es la adecuada, donde queda \u00bfel amar\u00e1s a tu pr\u00f3jimo como a ti mismo?<\/p>\n<p>Y por el otro, una juventud cr\u00edtica, informada, con plena conciencia del marco de respeto de los derechos humanos, de la laicidad del estado, de la prevenci\u00f3n de la violencia y de que es necesaria la igualdad sustantiva, es decir, igualdad de derechos para todas y todos.<\/p>\n<p>Al escucharlos, s\u00e9 que es posible contar con personas con una mentalidad reflexiva, que cuestionen, que argumentan desde la ley y los tratados internacionales que M\u00e9xico ha firmado y que se tienen que hacer valer. No desde el dogma religioso.<\/p>\n<p>Y es que algunos no quieren comprender nuestro discurso. No estamos en favor de la muerte. Estamos por el derecho a decidir, sobre todo en el caso de mujeres que por falta de recursos no tienen acceso a m\u00e9todos anticonceptivos, a servicios de salud, para quien sufri\u00f3 una violaci\u00f3n pueda ejercer su derecho a la interrupci\u00f3n legal del embarazo, como lo marca la ley y no se obstaculicen las causales.<\/p>\n<p>Queremos que cada persona decida con quien estar, si quiere o no casarse, tener o no hijos, hijas, que pueda ejercer su libre albedr\u00edo tal como lo estipulan los mismos preceptos religiosos.<\/p>\n<p>Cada quien puede profesar la idea religiosa que desee, pero lo que no pueden hacer quienes est\u00e1n en los niveles de gobierno, es llevar esas ideas a la aprobaci\u00f3n de leyes y a la aplicaci\u00f3n de pol\u00edticas p\u00fablicas.<\/p>\n<p>El mundo est\u00e1 cambiando, no podemos regresar a la \u00e9poca de la inquisici\u00f3n, donde las personas que cuestionaban era decapitadas o quemadas, s\u00f3lo por no compartir las ideas establecidas por la religi\u00f3n.<\/p>\n<p>Hay un desconocimiento de nuestras leyes, de los derechos humanos, pero creo que la juventud actual puede contribuir para que esta sociedad cambie, estoy segura que cada d\u00eda ser\u00e1n m\u00e1s mujeres y hombres que lean, que estudien, que se informen, que alcen la voz, porque s\u00f3lo as\u00ed tendremos un mundo m\u00e1s justo e igualitario.<\/p>\n","protected":false},"excerpt":{"rendered":"<p>Sheyla Fuertes Lara Mujeres que saben lat\u00edn &nbsp; En las \u00faltimas semanas hemos le\u00eddo y escuchado el discurso de los jerarcas cat\u00f3licos que llaman a su feligres\u00eda a defender a la familia, tal como ellos la consideran, a marchas nacionales para intentar echar abajo la pol\u00edtica del gobierno federal a favor del matrimonio igualitario; la [&hellip;]<\/p>\n","protected":false},"author":2,"featured_media":0,"comment_status":"open","ping_status":"open","sticky":false,"template":"","format":"standard","meta":{"_jetpack_newsletter_access":"","_jetpack_dont_email_post_to_subs":false,"_jetpack_newsletter_tier_id":0,"_jetpack_memberships_contains_paywalled_content":false,"_jetpack_memberships_contains_paid_content":false,"footnotes":""},"categories":[70],"tags":[2859,3055,6054,6056],"class_list":["post-24975","post","type-post","status-publish","format-standard","hentry","category-de-opinion","tag-aborto","tag-iglesia-catolica","tag-matrimonio-igualitario","tag-muestra-internacional-de-cine-con-perspectiva-de-genero"],"jetpack_featured_media_url":"","jetpack_sharing_enabled":true,"jetpack_shortlink":"https:\/\/wp.me\/p4Qcd3-6uP","_links":{"self":[{"href":"https:\/\/lospoliticosveracruz.com.mx\/index.php?rest_route=\/wp\/v2\/posts\/24975","targetHints":{"allow":["GET"]}}],"collection":[{"href":"https:\/\/lospoliticosveracruz.com.mx\/index.php?rest_route=\/wp\/v2\/posts"}],"about":[{"href":"https:\/\/lospoliticosveracruz.com.mx\/index.php?rest_route=\/wp\/v2\/types\/post"}],"author":[{"embeddable":true,"href":"https:\/\/lospoliticosveracruz.com.mx\/index.php?rest_route=\/wp\/v2\/users\/2"}],"replies":[{"embeddable":true,"href":"https:\/\/lospoliticosveracruz.com.mx\/index.php?rest_route=%2Fwp%2Fv2%2Fcomments&post=24975"}],"version-history":[{"count":1,"href":"https:\/\/lospoliticosveracruz.com.mx\/index.php?rest_route=\/wp\/v2\/posts\/24975\/revisions"}],"predecessor-version":[{"id":24977,"href":"https:\/\/lospoliticosveracruz.com.mx\/index.php?rest_route=\/wp\/v2\/posts\/24975\/revisions\/24977"}],"wp:attachment":[{"href":"https:\/\/lospoliticosveracruz.com.mx\/index.php?rest_route=%2Fwp%2Fv2%2Fmedia&parent=24975"}],"wp:term":[{"taxonomy":"category","embeddable":true,"href":"https:\/\/lospoliticosveracruz.com.mx\/index.php?rest_route=%2Fwp%2Fv2%2Fcategories&post=24975"},{"taxonomy":"post_tag","embeddable":true,"href":"https:\/\/lospoliticosveracruz.com.mx\/index.php?rest_route=%2Fwp%2Fv2%2Ftags&post=24975"}],"curies":[{"name":"wp","href":"https:\/\/api.w.org\/{rel}","templated":true}]}}