{"id":25441,"date":"2016-09-08T12:10:09","date_gmt":"2016-09-08T17:10:09","guid":{"rendered":"http:\/\/www.lospoliticosveracruz.com.mx\/?p=25441"},"modified":"2016-09-08T13:15:17","modified_gmt":"2016-09-08T18:15:17","slug":"no-mas-inundaciones-en-la-obrero-campesina","status":"publish","type":"post","link":"https:\/\/lospoliticosveracruz.com.mx\/?p=25441","title":{"rendered":"\u00a1No m\u00e1s inundaciones en la Obrero Campesina!"},"content":{"rendered":"<p>A petici\u00f3n de los vecinos cuyas casas se inundaron con las pasadas lluvias, el alcalde Am\u00e9rico Z\u00fa\u00f1iga Mart\u00ednez realiz\u00f3 un recorrido por la calle Censos Nacionales, en la colonia Obrero Campesina, para determinar qu\u00e9 medidas se deben tomar para evitar que se repitan incidentes como este.<\/p>\n<p>El mun\u00edcipe acord\u00f3 con los habitantes de la zona que la Comisi\u00f3n Municipal de Agua y Saneamiento (CMAS) har\u00e1 un an\u00e1lisis para determinar el factor por el que se inundaron las viviendas, aunque les record\u00f3 que cuando sucedi\u00f3 la contingencia llovi\u00f3 67 mil\u00edmetros en 90 minutos, lo que equivale a la lluvia de medio mes, por lo que se sobrepas\u00f3 la infraestructura existente.<\/p>\n<p>Asimismo, para evitar que se repitan este tipo de incidentes, instruy\u00f3 que se cambien las rejillas de los tragatormentas de la calle para que el agua fluya mejor; se realizar\u00e1 una obra para ampliar un estrangulamiento en el acceso al colector pluvial y se ampliar\u00e1 otro tragatormentas sobre la avenida Xalapa, para que no llegue tanta agua a la zona.<\/p>\n<p>\u201cLas inundaciones son una preocupaci\u00f3n constante de mi administraci\u00f3n, por eso estamos construyendo la mayor infraestructura hidr\u00e1ulica de la historia, porque los colectores pluviales son obras que no se ven, pero s\u00ed se sienten cuando los xalape\u00f1os dejan de inundarse\u201d, record\u00f3.<\/p>\n<p>Los vecinos tambi\u00e9n realizaron solicitudes en materia de servicios municipales y de alumbrado p\u00fablico, ya que en las noches esta zona se obscurece mucho, por lo que pidieron la instalaci\u00f3n de iluminaci\u00f3n LED y la colocaci\u00f3n de m\u00e1s luminarias.<\/p>\n<p>Para tomar nota de todas las inquietudes, estuvieron presentes los titulares de Desarrollo Urbano, Ram\u00f3n Hern\u00e1ndez Salas; de CMAS, Carlos Hern\u00e1ndez Mart\u00ednez; de Atenci\u00f3n Ciudadana, Lluvia Aguilar Bertini; de Operatividad de CMAS, V\u00edctor Hugo Garc\u00eda Pacheco; de Protecci\u00f3n Civil, Silverio \u00c1vila Contreras; de Conservaci\u00f3n de Espacios P\u00fablicos, Horacio Efr\u00e9n Casta\u00f1eda Reyes; de Medio Ambiente, Sergio Ang\u00f3n Rodr\u00edguez, y de Supervisi\u00f3n de Obras P\u00fablicas, Hugo Ribera Aguilar, entre otros.<\/p>\n","protected":false},"excerpt":{"rendered":"<p>A petici\u00f3n de los vecinos cuyas casas se inundaron con las pasadas lluvias, el alcalde Am\u00e9rico Z\u00fa\u00f1iga Mart\u00ednez realiz\u00f3 un recorrido por la calle Censos Nacionales, en la colonia Obrero Campesina, para determinar qu\u00e9 medidas se deben tomar para evitar que se repitan incidentes como este. El mun\u00edcipe acord\u00f3 con los habitantes de la zona [&hellip;]<\/p>\n","protected":false},"author":2,"featured_media":0,"comment_status":"open","ping_status":"open","sticky":false,"template":"","format":"standard","meta":{"_jetpack_newsletter_access":"","_jetpack_dont_email_post_to_subs":false,"_jetpack_newsletter_tier_id":0,"_jetpack_memberships_contains_paywalled_content":false,"_jetpack_memberships_contains_paid_content":false,"footnotes":""},"categories":[73],"tags":[539,786,6218,2632,6217],"class_list":["post-25441","post","type-post","status-publish","format-standard","hentry","category-de-boleto","tag-americo-zuniga-martinez","tag-cmas","tag-colonia-obrero-campesina","tag-inundaciones","tag-luvias"],"jetpack_featured_media_url":"","jetpack_sharing_enabled":true,"jetpack_shortlink":"https:\/\/wp.me\/p4Qcd3-6Cl","_links":{"self":[{"href":"https:\/\/lospoliticosveracruz.com.mx\/index.php?rest_route=\/wp\/v2\/posts\/25441","targetHints":{"allow":["GET"]}}],"collection":[{"href":"https:\/\/lospoliticosveracruz.com.mx\/index.php?rest_route=\/wp\/v2\/posts"}],"about":[{"href":"https:\/\/lospoliticosveracruz.com.mx\/index.php?rest_route=\/wp\/v2\/types\/post"}],"author":[{"embeddable":true,"href":"https:\/\/lospoliticosveracruz.com.mx\/index.php?rest_route=\/wp\/v2\/users\/2"}],"replies":[{"embeddable":true,"href":"https:\/\/lospoliticosveracruz.com.mx\/index.php?rest_route=%2Fwp%2Fv2%2Fcomments&post=25441"}],"version-history":[{"count":1,"href":"https:\/\/lospoliticosveracruz.com.mx\/index.php?rest_route=\/wp\/v2\/posts\/25441\/revisions"}],"predecessor-version":[{"id":25443,"href":"https:\/\/lospoliticosveracruz.com.mx\/index.php?rest_route=\/wp\/v2\/posts\/25441\/revisions\/25443"}],"wp:attachment":[{"href":"https:\/\/lospoliticosveracruz.com.mx\/index.php?rest_route=%2Fwp%2Fv2%2Fmedia&parent=25441"}],"wp:term":[{"taxonomy":"category","embeddable":true,"href":"https:\/\/lospoliticosveracruz.com.mx\/index.php?rest_route=%2Fwp%2Fv2%2Fcategories&post=25441"},{"taxonomy":"post_tag","embeddable":true,"href":"https:\/\/lospoliticosveracruz.com.mx\/index.php?rest_route=%2Fwp%2Fv2%2Ftags&post=25441"}],"curies":[{"name":"wp","href":"https:\/\/api.w.org\/{rel}","templated":true}]}}