{"id":25450,"date":"2016-09-08T19:07:17","date_gmt":"2016-09-09T00:07:17","guid":{"rendered":"http:\/\/www.lospoliticosveracruz.com.mx\/?p=25450"},"modified":"2016-09-08T19:26:39","modified_gmt":"2016-09-09T00:26:39","slug":"cierran-por-un-mes-un-carril-de-circuito-presidentes","status":"publish","type":"post","link":"https:\/\/lospoliticosveracruz.com.mx\/?p=25450","title":{"rendered":"Cierran por un mes, un carril de Circuito Presidentes"},"content":{"rendered":"<p>Para continuar con la construcci\u00f3n del Proyecto de Integraci\u00f3n de la Zona Universitaria, a partir de este viernes 9 de septiembre, se cerrar\u00e1 a la circulaci\u00f3n vehicular el carril de Circuito Presidentes que corre pegado a la v\u00eda del tren, anunci\u00f3 el Director de Obras P\u00fablicas, Fernando Francisco Velasco Montiel.<\/p>\n<p>Debido al inicio de esta parte de la obra, a partir de las 7:00 horas, se deber\u00e1 cerrar este carril para instalar la maquinaria que permitir\u00e1 continuar con la construcci\u00f3n, ya que no se puede colocar sobre las v\u00edas del tren, aclar\u00f3.<\/p>\n<p>\u201cSe estar\u00e1 trabajando durante aproximadamente un mes en este punto, por lo que en este tiempo nos estaremos coordinando con la Direcci\u00f3n de Tr\u00e1nsito del Estado, para acelerar el flujo vehicular y afectar lo menos posible a la ciudadan\u00eda\u201d.<\/p>\n<p>El servidor p\u00fablico explic\u00f3 que, este jueves, en coordinaci\u00f3n de la empresa concesionaria del derecho de v\u00eda Kansas City Southern de M\u00e9xico y la Secretar\u00eda de Comunicaciones y Transportes (SCT), se determin\u00f3 el punto en el que se va a llevar a cabo el desplante de la pila que va al centro del puente ciclo-peatonal, el cual unir\u00e1 la zona de las facultades de la Universidad Veracruzana con el Campus para la Cultura, las Artes y el Deporte.<\/p>\n<p>Velasco Montiel record\u00f3 que esta obra, que lleva un 50 por ciento de avance, da respuesta a una petici\u00f3n a\u00f1eja de la comunidad universitaria, que solicitaba un medio directo y seguro para atravesar del campus de la UV a la zona de Unidad de Servicios Bibliotecarios y de Informaci\u00f3n (USBI).<\/p>\n<p>Este proyecto de integraci\u00f3n, record\u00f3, no tiene escaleras, sino que consta de una rampa con una pendiente muy ligera, que permitir\u00e1 el paso continuo de bicicletas, peatones y hasta de personas con sillas de ruedas, que podr\u00e1n cruzar f\u00e1cilmente los 8 carriles de circulaci\u00f3n de Circuito Presidentes y Obreros Textiles, y las v\u00edas del Tren.<\/p>\n<p>&nbsp;<\/p>\n","protected":false},"excerpt":{"rendered":"<p>Para continuar con la construcci\u00f3n del Proyecto de Integraci\u00f3n de la Zona Universitaria, a partir de este viernes 9 de septiembre, se cerrar\u00e1 a la circulaci\u00f3n vehicular el carril de Circuito Presidentes que corre pegado a la v\u00eda del tren, anunci\u00f3 el Director de Obras P\u00fablicas, Fernando Francisco Velasco Montiel. Debido al inicio de esta [&hellip;]<\/p>\n","protected":false},"author":2,"featured_media":0,"comment_status":"open","ping_status":"open","sticky":false,"template":"","format":"standard","meta":{"_jetpack_newsletter_access":"","_jetpack_dont_email_post_to_subs":false,"_jetpack_newsletter_tier_id":0,"_jetpack_memberships_contains_paywalled_content":false,"_jetpack_memberships_contains_paid_content":false,"footnotes":""},"categories":[73],"tags":[6221,6220,3580,768],"class_list":["post-25450","post","type-post","status-publish","format-standard","hentry","category-de-boleto","tag-circuito-presidentes","tag-proyecto-de-integracion-de-la-zona-universitaria","tag-puente-ciclo-peatonal","tag-usbi"],"jetpack_featured_media_url":"","jetpack_sharing_enabled":true,"jetpack_shortlink":"https:\/\/wp.me\/p4Qcd3-6Cu","_links":{"self":[{"href":"https:\/\/lospoliticosveracruz.com.mx\/index.php?rest_route=\/wp\/v2\/posts\/25450","targetHints":{"allow":["GET"]}}],"collection":[{"href":"https:\/\/lospoliticosveracruz.com.mx\/index.php?rest_route=\/wp\/v2\/posts"}],"about":[{"href":"https:\/\/lospoliticosveracruz.com.mx\/index.php?rest_route=\/wp\/v2\/types\/post"}],"author":[{"embeddable":true,"href":"https:\/\/lospoliticosveracruz.com.mx\/index.php?rest_route=\/wp\/v2\/users\/2"}],"replies":[{"embeddable":true,"href":"https:\/\/lospoliticosveracruz.com.mx\/index.php?rest_route=%2Fwp%2Fv2%2Fcomments&post=25450"}],"version-history":[{"count":2,"href":"https:\/\/lospoliticosveracruz.com.mx\/index.php?rest_route=\/wp\/v2\/posts\/25450\/revisions"}],"predecessor-version":[{"id":25453,"href":"https:\/\/lospoliticosveracruz.com.mx\/index.php?rest_route=\/wp\/v2\/posts\/25450\/revisions\/25453"}],"wp:attachment":[{"href":"https:\/\/lospoliticosveracruz.com.mx\/index.php?rest_route=%2Fwp%2Fv2%2Fmedia&parent=25450"}],"wp:term":[{"taxonomy":"category","embeddable":true,"href":"https:\/\/lospoliticosveracruz.com.mx\/index.php?rest_route=%2Fwp%2Fv2%2Fcategories&post=25450"},{"taxonomy":"post_tag","embeddable":true,"href":"https:\/\/lospoliticosveracruz.com.mx\/index.php?rest_route=%2Fwp%2Fv2%2Ftags&post=25450"}],"curies":[{"name":"wp","href":"https:\/\/api.w.org\/{rel}","templated":true}]}}