{"id":26422,"date":"2016-09-30T14:42:57","date_gmt":"2016-09-30T19:42:57","guid":{"rendered":"http:\/\/www.lospoliticosveracruz.com.mx\/?p=26422"},"modified":"2016-09-30T14:42:57","modified_gmt":"2016-09-30T19:42:57","slug":"falta-promover-cultura-de-la-denuncia-fepade","status":"publish","type":"post","link":"https:\/\/lospoliticosveracruz.com.mx\/?p=26422","title":{"rendered":"Falta promover Cultura de la Denuncia: Fepade"},"content":{"rendered":"<p>Integrantes de la Asociaci\u00f3n Veracruzana L\u00edderes de Opini\u00f3n y Acci\u00f3n Asociaci\u00f3n Civil (Veloa-AC) sostuvo un encuentro con la representante en Veracruz de la Fiscal\u00eda Especializada en Delitos Electorales (Fepade), Mar\u00eda Eugenia Rodr\u00edguez Mendoza, para promover una cultura ciudadana de la denuncia y procesos comiciales democr\u00e1ticos.<\/p>\n<p>En una productiva reuni\u00f3n, la funcionaria federal dio a conocer que derivado del \u00faltimo proceso electoral en la Fepade\u00a0recibieron cerca de 230 denuncias, pero la mitad se desecharon por falta de pruebas o elementos para seguir la investigaci\u00f3n.<\/p>\n<p>Destac\u00f3 que falta promover la cultura de la denuncia, sin embargo, llevan un avance favorable porque en comicios anteriores solo se recib\u00edan un promedio de 60 denuncias relacionadas con delitos electorales.<\/p>\n<p>\u00abLa educaci\u00f3n es la soluci\u00f3n, debemos educar a las personas que todav\u00eda no est\u00e1n corrompidas, la mente del joven que representa el 30 por ciento del padr\u00f3n en Veracruz es la meta y el 50 por ciento de las mujeres\u00bb, expres\u00f3.<\/p>\n<p>Rodr\u00edguez Mendoza, quien tiene experiencia en la academia, destac\u00f3 que en el estado de Veracruz no se han recibido denuncias de violencia pol\u00edtica de g\u00e9nero, por lo que invit\u00f3 a las mujeres que hayan sido v\u00edctimas de alg\u00fan acto de discriminaci\u00f3n a que presenten la queja.<\/p>\n<p>\u00abEs necesaria la opini\u00f3n de la mujer en la pol\u00edtica, apoyarnos, no discriminarnos entre nosotras\u00bb, resalt\u00f3 la servidora p\u00fablica, quien cuenta con certificaci\u00f3n de la Procuradur\u00eda General de la Rep\u00fablica para brindar capacitaci\u00f3n en temas de Delitos Electorales y Violencia Pol\u00edtica de G\u00e9nero.<\/p>\n<p>En el encuentro, la presidenta de Veloa-AC, Zaida Llad\u00f3, destac\u00f3 que la asociaci\u00f3n busca promover ciudadanos mejor informados y privilegiar valores del ser humano, para contribuir a los cambios que requiere Veracruz.<\/p>\n<p>Las asociadas e invitadas expusieron por su parte incidentes que han podido conocer en materia de delitos electorales y despejaron dudas para poder compartir ese conocimiento.<\/p>\n","protected":false},"excerpt":{"rendered":"<p>Integrantes de la Asociaci\u00f3n Veracruzana L\u00edderes de Opini\u00f3n y Acci\u00f3n Asociaci\u00f3n Civil (Veloa-AC) sostuvo un encuentro con la representante en Veracruz de la Fiscal\u00eda Especializada en Delitos Electorales (Fepade), Mar\u00eda Eugenia Rodr\u00edguez Mendoza, para promover una cultura ciudadana de la denuncia y procesos comiciales democr\u00e1ticos. En una productiva reuni\u00f3n, la funcionaria federal dio a conocer [&hellip;]<\/p>\n","protected":false},"author":2,"featured_media":0,"comment_status":"open","ping_status":"open","sticky":false,"template":"","format":"standard","meta":{"_jetpack_newsletter_access":"","_jetpack_dont_email_post_to_subs":false,"_jetpack_newsletter_tier_id":0,"_jetpack_memberships_contains_paywalled_content":false,"_jetpack_memberships_contains_paid_content":false,"footnotes":""},"categories":[73],"tags":[3181,6373],"class_list":["post-26422","post","type-post","status-publish","format-standard","hentry","category-de-boleto","tag-fepade","tag-maria-eugenia-rodriguez-mendoza"],"jetpack_featured_media_url":"","jetpack_sharing_enabled":true,"jetpack_shortlink":"https:\/\/wp.me\/p4Qcd3-6Sa","_links":{"self":[{"href":"https:\/\/lospoliticosveracruz.com.mx\/index.php?rest_route=\/wp\/v2\/posts\/26422","targetHints":{"allow":["GET"]}}],"collection":[{"href":"https:\/\/lospoliticosveracruz.com.mx\/index.php?rest_route=\/wp\/v2\/posts"}],"about":[{"href":"https:\/\/lospoliticosveracruz.com.mx\/index.php?rest_route=\/wp\/v2\/types\/post"}],"author":[{"embeddable":true,"href":"https:\/\/lospoliticosveracruz.com.mx\/index.php?rest_route=\/wp\/v2\/users\/2"}],"replies":[{"embeddable":true,"href":"https:\/\/lospoliticosveracruz.com.mx\/index.php?rest_route=%2Fwp%2Fv2%2Fcomments&post=26422"}],"version-history":[{"count":1,"href":"https:\/\/lospoliticosveracruz.com.mx\/index.php?rest_route=\/wp\/v2\/posts\/26422\/revisions"}],"predecessor-version":[{"id":26432,"href":"https:\/\/lospoliticosveracruz.com.mx\/index.php?rest_route=\/wp\/v2\/posts\/26422\/revisions\/26432"}],"wp:attachment":[{"href":"https:\/\/lospoliticosveracruz.com.mx\/index.php?rest_route=%2Fwp%2Fv2%2Fmedia&parent=26422"}],"wp:term":[{"taxonomy":"category","embeddable":true,"href":"https:\/\/lospoliticosveracruz.com.mx\/index.php?rest_route=%2Fwp%2Fv2%2Fcategories&post=26422"},{"taxonomy":"post_tag","embeddable":true,"href":"https:\/\/lospoliticosveracruz.com.mx\/index.php?rest_route=%2Fwp%2Fv2%2Ftags&post=26422"}],"curies":[{"name":"wp","href":"https:\/\/api.w.org\/{rel}","templated":true}]}}