{"id":26433,"date":"2016-09-30T20:53:01","date_gmt":"2016-10-01T01:53:01","guid":{"rendered":"http:\/\/www.lospoliticosveracruz.com.mx\/?p=26433"},"modified":"2016-09-30T20:53:01","modified_gmt":"2016-10-01T01:53:01","slug":"zongol-issste","status":"publish","type":"post","link":"https:\/\/lospoliticosveracruz.com.mx\/?p=26433","title":{"rendered":"\u00a1Zongol-Issste!"},"content":{"rendered":"<p align=\"LEFT\">Tal como lo instruy\u00f3 el Director General del Issste, Jos\u00e9 Reyes Baeza Terrazas, y en seguimiento a un Punto de Acuerdo presentado por la Diputada Federal, Lilian Zepahua Garc\u00eda ante la C\u00e1mara de Diputados de la LXIII Legislatura, el Delegado del Issste, Renato Alarc\u00f3n Guevara inaugur\u00f3 la Feria de la Salud y M\u00f3dulo Itinerante en la Sierra de Zongolica, con servicios, programas de salud y atenci\u00f3n a toda la poblaci\u00f3n sin importar su derechohabiencia.<\/p>\n<p align=\"LEFT\">El Delegado del Issste, Renato Alarc\u00f3n Guevara inform\u00f3 que dicha Feria de la Salud forma parte de las gestiones y acciones para darle seguimiento al Punto de Acuerdo que present\u00f3 la legisladora federal para atender el incremento de los casos de diabetes en el Distrito 18 de la zona de la Sierra de Zongolica y Tierra Blanca y con quien se acord\u00f3 trabajar en equipo junto con otras dependencias de salud para lograr mayores resultados en beneficio de la poblaci\u00f3n vulnerable.<\/p>\n<p align=\"LEFT\">Se\u00f1al\u00f3 que por instrucciones del Presidente de la Rep\u00fablica, Enrique Pe\u00f1a Nieto, la Delegaci\u00f3n del Issste en Veracruz inici\u00f3 una campa\u00f1a permanente de reforzamiento de la informaci\u00f3n para la promoci\u00f3n de la salud, prevenci\u00f3n y control de diabetes, dentro del marco establecido en la Estrategia Nacional para la Prevenci\u00f3n y el Control del Sobrepeso, la Obesidad y la Diabetes, presentada en 2013 por la Secretar\u00eda de Salud del Gobierno Federal.<\/p>\n<p align=\"LEFT\">Inform\u00f3 que el Issste por ser una Instituci\u00f3n integrante del Sector Salud, otorga diferentes servicios en materia de promoci\u00f3n y prevenci\u00f3n a la salud al interior de las Unidades M\u00e9dicas del Instituto a trav\u00e9s de Medicina Preventiva a poblaci\u00f3n derechohabiente como no derechohabiente, en su fase permanente como intensiva, como lo son: la aplicaci\u00f3n de diferentes biol\u00f3gicos del esquema b\u00e1sico del programa de Vacunaci\u00f3n Universal (BCG, pentavalente acelular, antihepatitis B, antirotavirus, neumoccica conjugada, triple viral, DPT, SABIN, vacuna contra el VPH, antiinfluenza, toxoide tet\u00e1nico dift\u00e9rico, entre otras) y se han aplicado hasta la fecha 135 mil 526 dosis.<\/p>\n<p align=\"LEFT\">Aunado al programa de Planificaci\u00f3n Familiar que registra al mes de agosto 25 mil 580 consultas; en Tamiz Neonatal se han realizado 979 muestras; Detecci\u00f3n Oportuna del C\u00e1ncer Cervicouterino 8 mil 831 citolog\u00edas; Detecci\u00f3n Oportuna del C\u00e1ncer de Mama, 11 mil 118 exploraciones f\u00edsicas; Glucosa Capilar 67 mil 242 mediciones; Hipertensi\u00f3n Arterial, 87 mil 552 mediciones; acciones preventivas de Salud Bucal 85 mil 378 consultas; se han entregado 10 mil 230 Sobres de Vida Suero Oral y actividades de atenci\u00f3n por deshidrataci\u00f3n, promoci\u00f3n y prevenci\u00f3n de las Enfermedades Diarreicas.<\/p>\n<p align=\"LEFT\">Otras actividades generadas a poblaci\u00f3n abierta son las correspondientes a Orientaci\u00f3n y Capacitaci\u00f3n en materia de salud, brindando informaci\u00f3n de diferentes enfermedades, a la fecha se han proporcionado 356 mil 336 mensajes y realizado 187 mil 165 actividades de capacitaci\u00f3n benefici\u00e1ndose 232 mil 974 asistentes.<\/p>\n<p align=\"LEFT\">\u201cEl acceso efectivo a los servicios de salud, tanto preventivo como curativo, ser\u00e1 el atributo fundamental para controlar la evoluci\u00f3n de este tipo de padecimiento cr\u00f3nico en las unidades m\u00e9dicas de Zongolica y Tierra Blanca. Para ello se prev\u00e9 la atenci\u00f3n m\u00e9dica en los diferentes niveles de atenci\u00f3n, de apoyo diagn\u00f3stico, de tecnolog\u00edas de la informaci\u00f3n para la salud, de sistematizaci\u00f3n oportuna de la informaci\u00f3n sobre los procesos de atenci\u00f3n a la diabetes; y de los de gesti\u00f3n de la salud para garantizar un seguimiento proactivo y evaluaci\u00f3n oportuna de la diabetes para garantizar el mejoramiento de la calidad de los servicios\u201d, se\u00f1al\u00f3.<\/p>\n<p align=\"LEFT\">Durante su intervenci\u00f3n, la Diputada Federal, Lilian Zepahua Garc\u00eda record\u00f3 que en d\u00edas pasados se reuni\u00f3 con el Delegado del Issste, Renato Alarc\u00f3n para acercar los servicios de salud que ofrece el Instituto a la poblaci\u00f3n de las altas monta\u00f1as con carencia de los servicios de salud b\u00e1sicos, \u201cestoy convencida que trabajando en equipo seguiremos obteniendo beneficios para las comunidades del Distrito 18\u201d.<\/p>\n<p align=\"LEFT\">Inform\u00f3 que el prop\u00f3sito de esta campa\u00f1a es prevenir, contener y revertir la epidemia de diabetes mediante acciones y estrategias de informaci\u00f3n en salud a nivel poblacional e individual.<\/p>\n<p align=\"LEFT\">En la Feria de Salud de este municipio se cont\u00f3 con servicios dentales, ex\u00e1menes cl\u00ednicos y de laboratorio, as\u00ed como estudios de c\u00e1ncer cervicouterino y de mama; chequeos de hipertensi\u00f3n y diabetes; consultas m\u00e9dicas; orientaciones sobre enfermedades de trasmisi\u00f3n sexual; detecciones odontol\u00f3gicas, as\u00ed como orientaciones sobre tabaquismo y sexualidad.<\/p>\n<p align=\"LEFT\">Mientras que en materia administrativa se ofreci\u00f3 informaci\u00f3n y orientaci\u00f3n en materia de atenci\u00f3n al derechohabiente; sobre pensiones; pr\u00e9stamos personales; acerca de las diferentes modalidades de cr\u00e9ditos con Fovissste ; y sobre temas relacionados a su afiliaci\u00f3n y vigencia.<\/p>\n","protected":false},"excerpt":{"rendered":"<p>Tal como lo instruy\u00f3 el Director General del Issste, Jos\u00e9 Reyes Baeza Terrazas, y en seguimiento a un Punto de Acuerdo presentado por la Diputada Federal, Lilian Zepahua Garc\u00eda ante la C\u00e1mara de Diputados de la LXIII Legislatura, el Delegado del Issste, Renato Alarc\u00f3n Guevara inaugur\u00f3 la Feria de la Salud y M\u00f3dulo Itinerante en [&hellip;]<\/p>\n","protected":false},"author":2,"featured_media":0,"comment_status":"open","ping_status":"open","sticky":false,"template":"","format":"standard","meta":{"_jetpack_newsletter_access":"","_jetpack_dont_email_post_to_subs":false,"_jetpack_newsletter_tier_id":0,"_jetpack_memberships_contains_paywalled_content":false,"_jetpack_memberships_contains_paid_content":false,"footnotes":""},"categories":[73],"tags":[6391,281,895,6390,6392,1128],"class_list":["post-26433","post","type-post","status-publish","format-standard","hentry","category-de-boleto","tag-diputada-federal","tag-enrique-pena-nieto","tag-issste","tag-jose-reyes-baeza-terrazas","tag-lilian-zepahua-garcia","tag-renato-alarcon-guevara"],"jetpack_featured_media_url":"","jetpack_sharing_enabled":true,"jetpack_shortlink":"https:\/\/wp.me\/p4Qcd3-6Sl","_links":{"self":[{"href":"https:\/\/lospoliticosveracruz.com.mx\/index.php?rest_route=\/wp\/v2\/posts\/26433","targetHints":{"allow":["GET"]}}],"collection":[{"href":"https:\/\/lospoliticosveracruz.com.mx\/index.php?rest_route=\/wp\/v2\/posts"}],"about":[{"href":"https:\/\/lospoliticosveracruz.com.mx\/index.php?rest_route=\/wp\/v2\/types\/post"}],"author":[{"embeddable":true,"href":"https:\/\/lospoliticosveracruz.com.mx\/index.php?rest_route=\/wp\/v2\/users\/2"}],"replies":[{"embeddable":true,"href":"https:\/\/lospoliticosveracruz.com.mx\/index.php?rest_route=%2Fwp%2Fv2%2Fcomments&post=26433"}],"version-history":[{"count":1,"href":"https:\/\/lospoliticosveracruz.com.mx\/index.php?rest_route=\/wp\/v2\/posts\/26433\/revisions"}],"predecessor-version":[{"id":26450,"href":"https:\/\/lospoliticosveracruz.com.mx\/index.php?rest_route=\/wp\/v2\/posts\/26433\/revisions\/26450"}],"wp:attachment":[{"href":"https:\/\/lospoliticosveracruz.com.mx\/index.php?rest_route=%2Fwp%2Fv2%2Fmedia&parent=26433"}],"wp:term":[{"taxonomy":"category","embeddable":true,"href":"https:\/\/lospoliticosveracruz.com.mx\/index.php?rest_route=%2Fwp%2Fv2%2Fcategories&post=26433"},{"taxonomy":"post_tag","embeddable":true,"href":"https:\/\/lospoliticosveracruz.com.mx\/index.php?rest_route=%2Fwp%2Fv2%2Ftags&post=26433"}],"curies":[{"name":"wp","href":"https:\/\/api.w.org\/{rel}","templated":true}]}}