{"id":26570,"date":"2016-10-04T18:51:28","date_gmt":"2016-10-04T23:51:28","guid":{"rendered":"http:\/\/www.lospoliticosveracruz.com.mx\/?p=26570"},"modified":"2016-10-04T18:51:28","modified_gmt":"2016-10-04T23:51:28","slug":"ciclovia-de-los-sauces-a-la-zona-uv","status":"publish","type":"post","link":"https:\/\/lospoliticosveracruz.com.mx\/?p=26570","title":{"rendered":"Ciclov\u00eda, de Los Sauces a la zona UV"},"content":{"rendered":"<p>Esta semana iniciar\u00edan los trabajos de pintura y se\u00f1alizaci\u00f3n del carril de uso compartido para unidades del servicio urbano y bicicletas, de la avenida Ruiz Cortines hasta el parque Los Sauces, y de la ciclov\u00eda, desde Los Sauces hasta la zona universitaria.<\/p>\n<p>El jefe de la Unidad de Movilidad Urbana, Alfonso L\u00f3pez Pineda, coment\u00f3 que la promoci\u00f3n del uso de la bicicleta en vialidad con caracter\u00edsticas topogr\u00e1ficas que lo hagan accesible es una de las iniciativas\u00a0que\u00a0el Ayuntamiento de Xalapa\u00a0ha emprendido a trav\u00e9s del Consejo de Movilidad.<\/p>\n<p>Explic\u00f3 que en la avenida Ruiz Cortines, desde las oficinas de la Secretar\u00eda de Finanzas y Planeaci\u00f3n (Sefiplan) hasta el parque Los Sauces, se marcar\u00e1 los carriles de circulaci\u00f3n, uno de los cuales se destinar\u00e1 exclusivamente a las unidades del servicio urbano y a los usuarios de bicicletas, como se hace en otras ciudades del pa\u00eds y del mundo.<\/p>\n<p>Del parque mencionado a la zona universitaria, se se\u00f1alar\u00e1 y emplear\u00e1 un carril para veh\u00edculos particulares y de transporte p\u00fablico y otro (m\u00e1s angosto) \u00fanicamente para bicicletas. En direcci\u00f3n inversa, se utilizar\u00eda la misma l\u00f3gica: ciclov\u00eda zona universitaria-Los Sauces, por la calle Magnolia, y carril compartido Los Sauces-Sefiplan.<\/p>\n<p>L\u00f3pez Pineda inform\u00f3 que los trabajos, que se realizar\u00e1n solamente con pintura, iniciar\u00edan esta semana a la altura del parque, con la participaci\u00f3n\u00a0de personal del Ayuntamiento y\u00a0probablemente\u00a0de la Direcci\u00f3n General de Tr\u00e1nsito y Seguridad Vial del Estado, para mayor celeridad.<\/p>\n","protected":false},"excerpt":{"rendered":"<p>Esta semana iniciar\u00edan los trabajos de pintura y se\u00f1alizaci\u00f3n del carril de uso compartido para unidades del servicio urbano y bicicletas, de la avenida Ruiz Cortines hasta el parque Los Sauces, y de la ciclov\u00eda, desde Los Sauces hasta la zona universitaria. El jefe de la Unidad de Movilidad Urbana, Alfonso L\u00f3pez Pineda, coment\u00f3 que [&hellip;]<\/p>\n","protected":false},"author":2,"featured_media":0,"comment_status":"open","ping_status":"open","sticky":false,"template":"","format":"standard","meta":{"_jetpack_newsletter_access":"","_jetpack_dont_email_post_to_subs":false,"_jetpack_newsletter_tier_id":0,"_jetpack_memberships_contains_paywalled_content":false,"_jetpack_memberships_contains_paid_content":false,"footnotes":""},"categories":[73],"tags":[6423,3353,6424,96],"class_list":["post-26570","post","type-post","status-publish","format-standard","hentry","category-de-boleto","tag-ciclovia","tag-los-sauces","tag-servicio-urbano","tag-xalapa"],"jetpack_featured_media_url":"","jetpack_sharing_enabled":true,"jetpack_shortlink":"https:\/\/wp.me\/p4Qcd3-6Uy","_links":{"self":[{"href":"https:\/\/lospoliticosveracruz.com.mx\/index.php?rest_route=\/wp\/v2\/posts\/26570","targetHints":{"allow":["GET"]}}],"collection":[{"href":"https:\/\/lospoliticosveracruz.com.mx\/index.php?rest_route=\/wp\/v2\/posts"}],"about":[{"href":"https:\/\/lospoliticosveracruz.com.mx\/index.php?rest_route=\/wp\/v2\/types\/post"}],"author":[{"embeddable":true,"href":"https:\/\/lospoliticosveracruz.com.mx\/index.php?rest_route=\/wp\/v2\/users\/2"}],"replies":[{"embeddable":true,"href":"https:\/\/lospoliticosveracruz.com.mx\/index.php?rest_route=%2Fwp%2Fv2%2Fcomments&post=26570"}],"version-history":[{"count":1,"href":"https:\/\/lospoliticosveracruz.com.mx\/index.php?rest_route=\/wp\/v2\/posts\/26570\/revisions"}],"predecessor-version":[{"id":26575,"href":"https:\/\/lospoliticosveracruz.com.mx\/index.php?rest_route=\/wp\/v2\/posts\/26570\/revisions\/26575"}],"wp:attachment":[{"href":"https:\/\/lospoliticosveracruz.com.mx\/index.php?rest_route=%2Fwp%2Fv2%2Fmedia&parent=26570"}],"wp:term":[{"taxonomy":"category","embeddable":true,"href":"https:\/\/lospoliticosveracruz.com.mx\/index.php?rest_route=%2Fwp%2Fv2%2Fcategories&post=26570"},{"taxonomy":"post_tag","embeddable":true,"href":"https:\/\/lospoliticosveracruz.com.mx\/index.php?rest_route=%2Fwp%2Fv2%2Ftags&post=26570"}],"curies":[{"name":"wp","href":"https:\/\/api.w.org\/{rel}","templated":true}]}}