{"id":26932,"date":"2016-10-10T22:14:02","date_gmt":"2016-10-11T03:14:02","guid":{"rendered":"http:\/\/www.lospoliticosveracruz.com.mx\/?p=26932"},"modified":"2016-10-10T22:14:02","modified_gmt":"2016-10-11T03:14:02","slug":"incapacidad-gubernamental-ante-la-ola-de-violencia","status":"publish","type":"post","link":"https:\/\/lospoliticosveracruz.com.mx\/?p=26932","title":{"rendered":"Incapacidad gubernamental ante la ola de violencia"},"content":{"rendered":"<div class=\"ecxm_-3438198680261038533hmmessage\">\n<div dir=\"ltr\">\n<p class=\"ecxm_-3438198680261038533MsoNoSpacing\"><strong>Luis Alberto Romero<\/strong><\/p>\n<p class=\"ecxm_-3438198680261038533MsoNoSpacing\"><em>Hora Cero<\/em><\/p>\n<\/div>\n<\/div>\n<p class=\"ecxm_-3438198680261038533MsoNoSpacing\">\n<p class=\"ecxm_-3438198680261038533MsoNoSpacing\">\n<div class=\"ecxm_-3438198680261038533hmmessage\">\n<div dir=\"ltr\">\n<p class=\"ecxm_-3438198680261038533MsoNoSpacing\">Despu\u00e9s de un sangriento fin de semana, en que se contabilizaron casi dos decenas de ejecuciones en Veracruz, vale la pena hacer un balance de la situaci\u00f3n que se registra en la entidad en materia de inseguridad y violencia.<\/p>\n<p class=\"ecxm_-3438198680261038533MsoNoSpacing\">Por la noche del pasado viernes, el hallazgo de restos humanos dentro bolsas de pl\u00e1stico, en Camar\u00f3n de Tejeda, caus\u00f3 consternaci\u00f3n y preocupaci\u00f3n en un amplio sector de la opini\u00f3n p\u00fablica, y se convirti\u00f3 en nota nacional debido, sobre todo, a que entre las v\u00edctimas hab\u00eda tres estudiantes veracruzanos de nivel superior.<\/p>\n<p class=\"ecxm_-3438198680261038533MsoNoSpacing\">Inicialmente se habl\u00f3 de 8 o 10 personas asesinadas; sin embargo, este lunes el fiscal, Luis \u00c1ngel Bravo Contreras, confirm\u00f3 que fueron 5 los cuerpos encontrados en dicho lugar. Cinco, ocho o diez, no importa; lo preocupante es la ola de violencia, de la que pr\u00e1cticamente nadie escapa, ni siquiera los estudiantes.<\/p>\n<p class=\"ecxm_-3438198680261038533MsoNoSpacing\">Ese mismo d\u00eda, el viernes, un comando armado irrumpi\u00f3 en el hospital del Instituto Mexicano del Seguro Social de Cosamaloapan, para ultimar a una persona que era atendida por heridas que le fueron provocadas en un atentado ocurrido en Ciudad Isla.<\/p>\n<p class=\"ecxm_-3438198680261038533MsoNoSpacing\">De igual manera, en Poza Rica, zona norte del estado, una mujer y un hombre fueron asesinados a balazos.<\/p>\n<p class=\"ecxm_-3438198680261038533MsoNoSpacing\">En Guti\u00e9rrez Zamora, un enfrentamiento con armas de fuego gener\u00f3 un saldo de tres personas muertas y otras tres lesionadas.<\/p>\n<p class=\"ecxm_-3438198680261038533MsoNoSpacing\">Muy cerca de ese lugar, en Tecolutla, fue hallada una cabeza humana dentro de una bolsa de pl\u00e1stico.<\/p>\n<p class=\"ecxm_-3438198680261038533MsoNoSpacing\">A esos casos se suma el registrado en Emiliano Zapata, muy cerca de la capital del estado, donde aparecieron dos cuerpos dentro de bolsas, justo en la comunidad de Buena Vista, un peque\u00f1o poblado de unos mil habitantes.<\/p>\n<p class=\"ecxm_-3438198680261038533MsoNoSpacing\">Por si fuera poco, hubo un ejecutado en Coatzacoalcos; cuatro en Uxpanapa; uno m\u00e1s en San Andr\u00e9s Tlalnelhuayocan y otro en Hueyapan.<\/p>\n<p class=\"ecxm_-3438198680261038533MsoNoSpacing\">En t\u00e9rminos generales, el Secretariado Ejecutivo del Sistema Nacional de Seguridad P\u00fablica, que utiliza informaci\u00f3n aportada por la Fiscal\u00eda General del Estado, consigna mil 85 homicidios durante el periodo que va de enero a agosto; de esa cifra, 716 corresponde a v\u00edctimas de asesinato doloso.<\/p>\n<p class=\"ecxm_-3438198680261038533MsoNoSpacing\">Como dato ilustrativo, durante los primeros 8 meses del presente a\u00f1o, la cifra de homicidios en Veracruz ya super\u00f3 con mucho a la registrada durante todo 2015: mil 48 asesinatos totales y 565 dolosos; en tanto que el n\u00famero de homicidios dolosos de enero a agosto del presente a\u00f1o en Veracruz es 50 por ciento mayor \u00a0al que se present\u00f3 durante los doce meses de 2014.<\/p>\n<p class=\"ecxm_-3438198680261038533MsoNoSpacing\">As\u00ed las cosas, lo que se vive en la entidad veracruzana en materia de violencia y homicidios es una tragedia de dimensiones nunca antes vistas en las \u00faltimas d\u00e9cadas.<\/p>\n<p class=\"ecxm_-3438198680261038533MsoNoSpacing\">Evidentemente, hace mucho que las autoridades estatales fueron rebasadas por la delincuencia. Es un problema, por cierto, que complicar\u00e1 a\u00fan m\u00e1s el cambio de gobierno, dado que la nueva administraci\u00f3n no s\u00f3lo llegar\u00e1 con un grave problema financiero, sino con un complicado escenario en los temas de violencia e inseguridad.<\/p>\n<p class=\"ecxm_-3438198680261038533MsoNoSpacing\">Miguel \u00c1ngel Yunes, el gobernador electo, llegar\u00e1 al cargo y lo primero que encontrar\u00e1 es una fila de acreedores que pretenden cobrar los adeudos del gobierno estatal; y una fuerte demanda social provocada por los alarmantes \u00edndices de inseguridad y violencia.<\/p>\n<p class=\"ecxm_-3438198680261038533MsoNoSpacing\"><b>Xalapa y las obras de infraestructura hidr\u00e1ulica<\/b><\/p>\n<p class=\"ecxm_-3438198680261038533MsoNoSpacing\">El pasado viernes, el alcalde de Xalapa, Am\u00e9rico Z\u00fa\u00f1iga Mart\u00ednez, acompa\u00f1ado por el senador Jos\u00e9 Yunes Zorrilla, dio el banderazo de inicio de la segunda etapa del colector \u201cDivisi\u00f3n del Norte\u201d. Ayer, el edil presidi\u00f3 tambi\u00e9n el inicio de la tercera etapa del colector pluvial \u201cFernando Guti\u00e9rrez Barrios\u201d, donde se invertir\u00e1n m\u00e1s de 12 millones de pesos, con la cual se beneficiar\u00e1 a m\u00e1s de 3 mil habitantes de la zona de San Bruno.<\/p>\n<p class=\"ecxm_-3438198680261038533MsoNoSpacing\">El tiempo de ejecuci\u00f3n ser\u00e1 de 90 d\u00edas, y una vez concluida la obra, se habr\u00e1 ejecutado un total de 815 metros de colector pluvial, que solucionar\u00e1n las inundaciones en esa importante parte de la ciudad, que tradicionalmente sufr\u00eda los embates de las lluvias.<span class=\"ecxm_-3438198680261038533ecxapple-converted-space\">\u00a0<\/span><\/p>\n<p class=\"ecxm_-3438198680261038533MsoNoSpacing\">A estas \u00a0obras se agregan tambi\u00e9n los colectores Lomas Verdes; Santa Rosa; el colector sanitario Ojo de Agua; la segunda etapa del colector pluvial Bugambilias en el Tronconal; el mega colector pluvial Amazonas que beneficiar\u00e1 a m\u00e1s de 80 colonias; y la construcci\u00f3n del colector Coatzacoalcos que beneficiar\u00e1 a m\u00e1s de 20 mil xalape\u00f1os.<\/p>\n<p class=\"ecxm_-3438198680261038533MsoNoSpacing\">En suma, Z\u00fa\u00f1iga Mart\u00ednez ha construido m\u00e1s de 33 kil\u00f3metros en colectores pluviales, sanitarios y red de agua potable.<\/p>\n<p class=\"ecxm_-3438198680261038533MsoNoSpacing\">De esa manera, la presente administraci\u00f3n municipal de Xalapa resolver\u00e1 una vieja demanda de la poblaci\u00f3n que habita en lugares que anteriormente se caracterizaban por las inundaciones; es gente que hoy tiene motivos para agradecer que el ayuntamiento local el trabajo realizado, que se traduce en obras de infraestructura hidr\u00e1ulica de beneficio para miles de habitantes de Xalapa. @luisromero85<\/p>\n<\/div>\n<\/div>\n<p>&nbsp;<\/p>\n","protected":false},"excerpt":{"rendered":"<p>Luis Alberto Romero Hora Cero Despu\u00e9s de un sangriento fin de semana, en que se contabilizaron casi dos decenas de ejecuciones en Veracruz, vale la pena hacer un balance de la situaci\u00f3n que se registra en la entidad en materia de inseguridad y violencia. Por la noche del pasado viernes, el hallazgo de restos humanos [&hellip;]<\/p>\n","protected":false},"author":2,"featured_media":0,"comment_status":"open","ping_status":"open","sticky":false,"template":"","format":"standard","meta":{"_jetpack_newsletter_access":"","_jetpack_dont_email_post_to_subs":false,"_jetpack_newsletter_tier_id":0,"_jetpack_memberships_contains_paywalled_content":false,"_jetpack_memberships_contains_paid_content":false,"footnotes":""},"categories":[70],"tags":[483,6484,3659,1208,496],"class_list":["post-26932","post","type-post","status-publish","format-standard","hentry","category-de-opinion","tag-americo-zuniga","tag-camaron-de-tejeda","tag-cosamaloapan","tag-imss","tag-luis-angel-bravo-contreras"],"jetpack_featured_media_url":"","jetpack_sharing_enabled":true,"jetpack_shortlink":"https:\/\/wp.me\/p4Qcd3-70o","_links":{"self":[{"href":"https:\/\/lospoliticosveracruz.com.mx\/index.php?rest_route=\/wp\/v2\/posts\/26932","targetHints":{"allow":["GET"]}}],"collection":[{"href":"https:\/\/lospoliticosveracruz.com.mx\/index.php?rest_route=\/wp\/v2\/posts"}],"about":[{"href":"https:\/\/lospoliticosveracruz.com.mx\/index.php?rest_route=\/wp\/v2\/types\/post"}],"author":[{"embeddable":true,"href":"https:\/\/lospoliticosveracruz.com.mx\/index.php?rest_route=\/wp\/v2\/users\/2"}],"replies":[{"embeddable":true,"href":"https:\/\/lospoliticosveracruz.com.mx\/index.php?rest_route=%2Fwp%2Fv2%2Fcomments&post=26932"}],"version-history":[{"count":1,"href":"https:\/\/lospoliticosveracruz.com.mx\/index.php?rest_route=\/wp\/v2\/posts\/26932\/revisions"}],"predecessor-version":[{"id":26933,"href":"https:\/\/lospoliticosveracruz.com.mx\/index.php?rest_route=\/wp\/v2\/posts\/26932\/revisions\/26933"}],"wp:attachment":[{"href":"https:\/\/lospoliticosveracruz.com.mx\/index.php?rest_route=%2Fwp%2Fv2%2Fmedia&parent=26932"}],"wp:term":[{"taxonomy":"category","embeddable":true,"href":"https:\/\/lospoliticosveracruz.com.mx\/index.php?rest_route=%2Fwp%2Fv2%2Fcategories&post=26932"},{"taxonomy":"post_tag","embeddable":true,"href":"https:\/\/lospoliticosveracruz.com.mx\/index.php?rest_route=%2Fwp%2Fv2%2Ftags&post=26932"}],"curies":[{"name":"wp","href":"https:\/\/api.w.org\/{rel}","templated":true}]}}