{"id":27582,"date":"2016-10-31T19:07:07","date_gmt":"2016-11-01T01:07:07","guid":{"rendered":"http:\/\/www.lospoliticosveracruz.com.mx\/?p=27582"},"modified":"2016-10-31T19:07:07","modified_gmt":"2016-11-01T01:07:07","slug":"urge-que-intervenga-la-federacion","status":"publish","type":"post","link":"https:\/\/lospoliticosveracruz.com.mx\/?p=27582","title":{"rendered":"Urge que intervenga la Federaci\u00f3n"},"content":{"rendered":"<p><strong>Fanny Y\u00e9pez<\/strong><\/p>\n<p><em>La Columna<\/em><\/p>\n<p>&nbsp;<\/p>\n<p>&nbsp;<\/p>\n<p>El llamado al gobierno de la rep\u00fablica se ha generalizado entre los veracruzanos al ver que las condiciones de inseguridad, ingobernabilidad y falta de liquidez se han ido al extremo, por lo que hoy vivimos una gran inestabilidad que atormenta y afecta todos los momentos de la vida diaria.<u><\/u><u><\/u><\/p>\n<p>La depresi\u00f3n invade a la gente por los movimientos sociales que estamos viviendo y la preocupaci\u00f3n de que se desate la violencia es latente.<u><\/u><u><\/u><\/p>\n<p>El gobernador Flavino R\u00edos Alvarado dijo que de acuerdo a un reporte del CISEN, no hubo condiciones de seguridad para llevar a cabo la reuni\u00f3n con los alcaldes en el palacio de gobierno, por lo que los invit\u00f3 al di\u00e1logo en la Casa Veracruz pero los presidentes municipales no se presentaron.<u><\/u><u><\/u><\/p>\n<p>El reclamo de los ediles es justo, porque las presiones que se sienten en la ciudad de Xalapa seguramente se sienten en todo el estado, la deuda que ellos tienen con los constructores y todos los proveedores es enorme por lo que reclaman que les pague el gobierno del estado sus participaciones federales.<u><\/u><u><\/u><\/p>\n<p>Desde el viernes por la noche tomaron el palacio de gobierno y ah\u00ed han permanecido con un letrero que dice \u201cclausurado\u201d, que exhiben en el balc\u00f3n principal del inmueble.<u><\/u><u><\/u><\/p>\n<p>El alcalde de Boca del R\u00edo, Miguel \u00c1ngel Yunes M\u00e1rquez, pidi\u00f3 que la Secretar\u00eda de Hacienda y Cr\u00e9dito P\u00fablico (SHCP) env\u00ede un interlocutor para que est\u00e9 presente en la reuni\u00f3n entre alcaldes y el gobernador interino Flavino R\u00edos Alvarado.<u><\/u><u><\/u><\/p>\n<p>\u00abQue intervengan, no ha venido ni siquiera el delegado de Gobernaci\u00f3n a platicar con nosotros, que se involucren porque si colapsa Veracruz va a afectar a todo el pa\u00eds\u00bb.<u><\/u><u><\/u><\/p>\n<p>El gobernador veracruzano coincidi\u00f3 con esa apreciaci\u00f3n del alcalde de Boca del R\u00edo y pidi\u00f3 la participaci\u00f3n de un interventor de la SHCP, para que de fe de la entrega de los recursos, que le pertenecen a esos municipios y todo el proceso se haga de manera transparente.<u><\/u><u><\/u><\/p>\n<p>Podr\u00eda ser que el gobierno federal le tomara la palabra y decidiera no solo enviar a esta entidad un interlocutor, sino que determinara designar un comisionado federal, para que mediara entre los tres poderes durante el bienio que presidir\u00e1 Miguel \u00c1ngel Yunes Linares, no decreten algo que despu\u00e9s se est\u00e9n arrepintiendo. \u00a0\u00a0\u00a0\u00a0<u><\/u><u><\/u><\/p>\n<p><b><u><\/u>\u00a0<u><\/u><\/b><\/p>\n<p><b>En el palacio municipal se llev\u00f3 a cabo otra reuni\u00f3n de alcaldes<u><\/u><u><\/u><\/b><\/p>\n<p>La declaraci\u00f3n de Flavino R\u00edos al decir que el gobierno estatal en este momento no tiene dinero es muy clara, pero no resuelve el problema, por lo que con anticipaci\u00f3n solicit\u00f3 al gobierno federal un apoyo financiero de 11 mil millones de pesos que est\u00e1n todav\u00eda en tr\u00e1mite; se espera que en el transcurso de este lunes puedan ser transferidos y resolver de una vez por todas este problema.<u><\/u><u><\/u><\/p>\n<p>Mientras esto suced\u00eda en el palacio de gobierno, en el palacio municipal de Xalapa, el alcalde Am\u00e9rico Z\u00fa\u00f1iga Mart\u00ednez, solidariz\u00e1ndose con sus hom\u00f3logos convoc\u00f3 a los presidentes municipales que viven este d\u00e9ficit y llev\u00f3 a cabo una reuni\u00f3n donde el alcalde de Coscomatepec, Manuel \u00c1lvarez S\u00e1nchez dio lectura a un documento en el que solicitan, el pago ahora a los 212 municipios que se les adeudan diversos rubros.<u><\/u><u><\/u><\/p>\n<p>Am\u00e9rico Z\u00fa\u00f1iga Mart\u00ednez, tambi\u00e9n en su calidad de presidente de la Federaci\u00f3n Nacional de Municipios de M\u00e9xico insisti\u00f3 en que la reuni\u00f3n no ten\u00eda ning\u00fan sesgo partidista y que se llevar\u00eda a cabo en un marco de respeto a las autoridades, pero el llamado fue en\u00e9rgico para que este mismo lunes se les cubran sus adeudos.<u><\/u><u><\/u><\/p>\n<p>En su intervenci\u00f3n el alcalde de Coscomatepec pidi\u00f3 la participaci\u00f3n de un mediador, entre el gobernador Flavino R\u00edos Alvarado y el gobernador electo, Miguel \u00c1ngel Yunes Linares, para hacer un calendario de los pagos que se van a realizar pr\u00f3ximamente.<u><\/u><u><\/u><\/p>\n<p>En esta reuni\u00f3n que se celebr\u00f3 en el palacio municipal estuvieron respaldando este movimiento los senadores Jos\u00e9 Francisco Yunes Zorrilla y H\u00e9ctor Yunes Landa.<u><\/u><u><\/u><\/p>\n<p><u><\/u>\u00a0<u><\/u><\/p>\n<p><b>Jose Yunes exhorta que se transfieran los fondos metropolitanos a los aytos<u><\/u><u><\/u><\/b><\/p>\n<p>El presidente de la\u00a0<b>Comisi\u00f3n de Hacienda del Senado<\/b>,\u00a0<b>Jos\u00e9 Francisco Yunes Zorrilla<\/b>, exhort\u00f3 al Gobierno de Veracruz a realizar las transferencias correspondientes a los fondos metropolitanos etiquetados para los municipios de Acayucan, Coatzacoalcos, Veracruz y Xalapa; ante el retraso que ha tenido en su entrega.<u><\/u><u><\/u><\/p>\n<p>A trav\u00e9s de un punto de acuerdo, el senador priista pidi\u00f3 al \u00f3rgano de fiscalizaci\u00f3n de esa entidad a establecer medidas de control m\u00e1s eficientes, para garantizar el adecuado manejo de recursos federales que deben ser transferidos a los municipios veracruzanos.<u><\/u><u><\/u><\/p>\n<p>En el documento se\u00f1ala que las reglas de operaci\u00f3n de los\u00a0<b>Fondos Metropolitanos<\/b>\u00a0establecen que las tesorer\u00edas de las entidades federativas o sus equivalentes, deber\u00e1n entregar los recursos federales del fondo a la cuenta espec\u00edfica correspondiente del fideicomiso, dentro de los tres d\u00edas h\u00e1biles posteriores a su recepci\u00f3n, as\u00ed como los rendimientos financieros que se hayan generado durante ese lapso, en los t\u00e9rminos de las disposiciones aplicables.<u><\/u><u><\/u><\/p>\n<p><b>\u201cUna vez que los recursos del Fondo sean transferidos al patrimonio de los fideicomisos, ser\u00e1 responsabilidad de su Comit\u00e9 vigilar que el ejercicio de los recursos se realice bajo los criterios de eficiencia, eficacia, econom\u00eda, transparencia y honradez para satisfacer los objetivos a los que est\u00e9n destinados\u201d.<\/b><u><\/u><u><\/u><\/p>\n<p><u><\/u>\u00a0<u><\/u><\/p>\n<p><b>Igual que Veracruz, otros estados tienen problemas econ\u00f3micos<u><\/u><u><\/u><\/b><\/p>\n<p>Lo preocupante de esta situaci\u00f3n, adem\u00e1s del dinero que hace falta, es la forma como se llev\u00f3 a la desesperaci\u00f3n de los alcaldes, que son el primer nivel de gobierno que tiene de contacto el pueblo. Ellos tienen la raz\u00f3n y es leg\u00edtima su preocupaci\u00f3n, por lo que el gobierno federal tiene que encender los focos y ver, que esa misma situaci\u00f3n no es exclusiva del estado de Veracruz, sino que se puede encadenar con otros estados que est\u00e1n viviendo problemas de liquidez financiera.<u><\/u><u><\/u><\/p>\n<p>No se trata de ser alarmista, pero si es necesario colocar las cosas en su justa dimensi\u00f3n de lo que pudiera pasar si se descuida el caso Veracruz.<u><\/u><u><\/u><\/p>\n<p>En la calle, en los caf\u00e9s, en los centros de reuni\u00f3n el semblante de los veracruzanos es de preocupaci\u00f3n y no es para menos.<u><\/u><u><\/u><\/p>\n<p>Desde hace dos a\u00f1os la condici\u00f3n econ\u00f3mica se ven\u00eda resintiendo, con mucha dificultad sobreviv\u00edan las empresas porque la falta de pagos se hab\u00eda generalizado para las grandes y las peque\u00f1as, lo que trajo como resultado los despidos y el cierre de algunos negocios, pero al sentirse acorralados los alcaldes, decidieron venir al palacio de gobierno a hacer los reclamos y a encontrarse con que el problema es mayor del que se podr\u00edan imaginar.<u><\/u><u><\/u><\/p>\n<p>Coincidencia con los D\u00edas de Muertos pero alrededor de cada uno se siente la nostalgia m\u00e1s profunda y solo se espera la voluntad pol\u00edtica del gobierno federal para resolver este problema que verdaderamente es urgente.<u><\/u><u><\/u><\/p>\n<p><u><\/u>\u00a0<u><\/u><\/p>\n<p><b>El 1 de enero se podr\u00eda iniciar el proceso de entrega-recepci\u00f3n del gobierno<u><\/u><u><\/u><\/b><\/p>\n<p>No obstante que se celebran a partir de hoy los d\u00edas de muertos, en muchas oficinas del gobierno del estado esperan la llegada de los equipos de trabajo para la transici\u00f3n gubernamental, es decir, tal vez a partir del 1 de noviembre comience la revisi\u00f3n para la entrega-recepci\u00f3n.<u><\/u><u><\/u><\/p>\n<p>El domingo por el medio d\u00eda el gobernador electo Miguel \u00c1ngel Yunes Linares dio a conocer los nombres de las mujeres y hombres que participar\u00e1n en este proceso, por cierto, son muchos m\u00e1s hombres que mujeres y no existe esa equidad de g\u00e9nero que se ha venido insistiendo en distintos foros.<u><\/u><u><\/u><\/p>\n<p>Tambi\u00e9n llama la atenci\u00f3n las declaraciones del ex alcalde de Veracruz, ex diputado federal, \u00a0ex Coordinador de Puertos y Marina Mercante y ex panista, Francisco \u00c1vila Camberos al decir que en ning\u00fan momento lo invitaron a ser parte de las comisiones del proceso de entrega-recepci\u00f3n.<u><\/u><u><\/u><\/p>\n<p>Que ley\u00f3 su nombre en esas listas pero que ni lo invitaron ni lo pidi\u00f3, porque est\u00e1 dedicado a su constructora y tiene mucho trabajo.<u><\/u><u><\/u><\/p>\n<p>Alguien le fall\u00f3 al gobernador electo al no cerrar el c\u00edrculo de esa relaci\u00f3n de nombres de prominentes panistas, que fueron mencionados y que al final de cuentas resulta que no consultaron a uno de ellos.<u><\/u><u><\/u><\/p>\n<p>Tal vez otro, aunque no lo hubieran invitado, se habr\u00eda hecho desentendido y aceptado esa distinci\u00f3n, pero no fue as\u00ed el caso con Paco \u00c1vila que hace unos 20 d\u00edas me dijo que ya no val\u00eda la pena participar en pol\u00edtica, porque todo estaba muy descompuesto. Algo pas\u00f3.<u><\/u><u><\/u><\/p>\n<p>Para los que es gusta la numeralia, les comento que de los 203 personajes que Yunes Linares presento como parte de su equipo de transici\u00f3n, \u00a0155 son hombres y solo 48 son mujeres, que representa el 20 por ciento. Adem\u00e1s muy pocos son egresados de la Universidad Veracruzana. Entonces, donde queda el compromiso, \u00bfpregunto?<\/p>\n","protected":false},"excerpt":{"rendered":"<p>Fanny Y\u00e9pez La Columna &nbsp; &nbsp; El llamado al gobierno de la rep\u00fablica se ha generalizado entre los veracruzanos al ver que las condiciones de inseguridad, ingobernabilidad y falta de liquidez se han ido al extremo, por lo que hoy vivimos una gran inestabilidad que atormenta y afecta todos los momentos de la vida diaria. [&hellip;]<\/p>\n","protected":false},"author":2,"featured_media":0,"comment_status":"open","ping_status":"open","sticky":false,"template":"","format":"standard","meta":{"_jetpack_newsletter_access":"","_jetpack_dont_email_post_to_subs":false,"_jetpack_newsletter_tier_id":0,"_jetpack_memberships_contains_paywalled_content":false,"_jetpack_memberships_contains_paid_content":false,"footnotes":""},"categories":[70],"tags":[6631,343,428],"class_list":["post-27582","post","type-post","status-publish","format-standard","hentry","category-de-opinion","tag-cisen","tag-flavino-rios-alvarado","tag-miguel-angel-yunes-linares"],"jetpack_featured_media_url":"","jetpack_sharing_enabled":true,"jetpack_shortlink":"https:\/\/wp.me\/p4Qcd3-7aS","_links":{"self":[{"href":"https:\/\/lospoliticosveracruz.com.mx\/index.php?rest_route=\/wp\/v2\/posts\/27582","targetHints":{"allow":["GET"]}}],"collection":[{"href":"https:\/\/lospoliticosveracruz.com.mx\/index.php?rest_route=\/wp\/v2\/posts"}],"about":[{"href":"https:\/\/lospoliticosveracruz.com.mx\/index.php?rest_route=\/wp\/v2\/types\/post"}],"author":[{"embeddable":true,"href":"https:\/\/lospoliticosveracruz.com.mx\/index.php?rest_route=\/wp\/v2\/users\/2"}],"replies":[{"embeddable":true,"href":"https:\/\/lospoliticosveracruz.com.mx\/index.php?rest_route=%2Fwp%2Fv2%2Fcomments&post=27582"}],"version-history":[{"count":1,"href":"https:\/\/lospoliticosveracruz.com.mx\/index.php?rest_route=\/wp\/v2\/posts\/27582\/revisions"}],"predecessor-version":[{"id":27584,"href":"https:\/\/lospoliticosveracruz.com.mx\/index.php?rest_route=\/wp\/v2\/posts\/27582\/revisions\/27584"}],"wp:attachment":[{"href":"https:\/\/lospoliticosveracruz.com.mx\/index.php?rest_route=%2Fwp%2Fv2%2Fmedia&parent=27582"}],"wp:term":[{"taxonomy":"category","embeddable":true,"href":"https:\/\/lospoliticosveracruz.com.mx\/index.php?rest_route=%2Fwp%2Fv2%2Fcategories&post=27582"},{"taxonomy":"post_tag","embeddable":true,"href":"https:\/\/lospoliticosveracruz.com.mx\/index.php?rest_route=%2Fwp%2Fv2%2Ftags&post=27582"}],"curies":[{"name":"wp","href":"https:\/\/api.w.org\/{rel}","templated":true}]}}