{"id":27585,"date":"2016-11-01T01:25:32","date_gmt":"2016-11-01T07:25:32","guid":{"rendered":"http:\/\/www.lospoliticosveracruz.com.mx\/?p=27585"},"modified":"2016-11-01T01:25:32","modified_gmt":"2016-11-01T07:25:32","slug":"mayl-chiquiyunes-y-americo","status":"publish","type":"post","link":"https:\/\/lospoliticosveracruz.com.mx\/?p=27585","title":{"rendered":"MAYL, Chiquiyunes y Am\u00e9rico"},"content":{"rendered":"<p dir=\"ltr\"><strong>Salvador Mu\u00f1oz<\/strong><\/p>\n<p dir=\"ltr\"><em>Los Pol\u00edticos\u00a0<\/em><\/p>\n<p dir=\"ltr\">El equipo de transici\u00f3n que present\u00f3 Miguel \u00c1ngel Yunes Linares, no s\u00f3lo se circunscribe en nombres sino tambi\u00e9n a qui\u00e9nes pertenecen esos nombres.<\/p>\n<p dir=\"ltr\">En la columna de Brenda Caballero, titulada \u201cY nos faltaron mujeres\u201d, arroja datos interesantes en las damas que aparecen en esta larga lista, como por ejemplo, algunas de ellas laboraron en el Issste, por ende, se sobre-entiende, debieron hacerlo cuando el hoy Gobernador electo fue titular de este instituto, aunque tambi\u00e9n aparecen otras mujeres que saltan desde Puebla, como es Mar\u00eda del Consuelo Anaya Arce y Mar\u00eda Laura Garc\u00eda Beltr\u00e1n, relacionadas al \u00e1rea de Salud y que se entiende, bien pudieron haber laborado al lado del Gobernador Rafael Moreno Valle.<\/p>\n<p dir=\"ltr\">Aunque tambi\u00e9n no le encuentro una potencial relaci\u00f3n con Nuevo Le\u00f3n, cuando dentro de la misma \u00e1rea de Salud viene a colaborar Patricia Hidalgo Ram\u00e9, funcionaria del DIF del norte\u00f1o estado.<\/p>\n<p dir=\"ltr\">Me da gusto ver de nuevo a Mariana Aguilar L\u00f3pez, quien en el gobierno de Miguel Alem\u00e1n fue asesora del titular de Comunicaciones, Gustavo Nach\u00f3n Aguirre, cuando se hablaba de esos caminos que habr\u00edan de durar 50 a\u00f1os\u2026 y duraron dos.<\/p>\n<p dir=\"ltr\">En lo particular, poco me importa que vengan de Puebla, Morelos o de donde sea\u2026 el asunto es que en el equipo de transici\u00f3n, se vayan asentando las bases para que el orden llegue a Palacio de Gobierno y no haya necesidad de llegar a lo que se lleg\u00f3 en estos \u00faltimos d\u00edas.<\/p>\n<p dir=\"ltr\">II<\/p>\n<p dir=\"ltr\">Si Rogelio Franco Cast\u00e1n llega a ser secretario de Gobierno (o subsecretario), tendr\u00e1 que empezar a predicar con el ejemplo despu\u00e9s de que traz\u00f3 el camino a seguir en cuanto a demandas y exigencias se trata.<\/p>\n<p dir=\"ltr\">Bueno, eso tambi\u00e9n depender\u00e1 de si el nuevo Gobierno que se asiente a partir del primero de diciembre decide mantener las puertas abiertas del Palacio como lo decidi\u00f3 Flavino R\u00edos Alvarado, porque si es as\u00ed, no quiero imaginar a los 400 Pueblos o Antorcha Campesina irrumpiendo en el inmueble para \u201cdialogar\u201d con el secretario o subsecretario de Gobierno. Eso, pensando en lo peor\u2026 claro, igual y sin querer, Rogelio Franco ya les ense\u00f1\u00f3 el caminito a seguir a los alcaldes que hoy son del partido oficial en el Gobierno y que ma\u00f1ana ser\u00e1n oposici\u00f3n\u2026 o como dijera H\u00e9ctor Yunes Landa: las vacas de hoy\u2026<\/p>\n<p dir=\"ltr\">Aunque ser\u00e1 a partir del primero de diciembre realmente que sea vea qu\u00e9 tan equivocado o acertado estuvo Flavino en quitar esa aduana que prohib\u00eda a cualquier mortal la entrada a Palacio de Gobierno.<\/p>\n<p dir=\"ltr\">III<\/p>\n<p dir=\"ltr\">Por cierto, la manifestaci\u00f3n de presidentes municipales que hoy se vive en Veracruz, debe de despojarse de partidismo y tomarse como un movimiento municipalista, como bien lo cit\u00f3 Am\u00e9rico Z\u00fa\u00f1iga Mart\u00ednez, alcalde de Xalapa.<\/p>\n<p dir=\"ltr\">Ahora que si hay alcaldes o pol\u00edticos que quieran llevar esto a \u201cismos\u201d con colores o siglas, entonces bien estar\u00eda recordar que si nos abocamos a la historia m\u00e1s reciente, el pasado tres de agosto, un alcalde alz\u00f3 la voz reclamando el pago al Gobierno estatal, pero fue m\u00e1s all\u00e1: cuatro d\u00edas despu\u00e9s (7 de agosto), present\u00f3 denuncia ante la PGR contra la administraci\u00f3n de Javier Duarte de Ochoa\u2026 el mismo Am\u00e9rico.<\/p>\n<p dir=\"ltr\">Hoy, no s\u00f3lo eso, pues Am\u00e9rico Z\u00fa\u00f1iga fue uno de los primeros mun\u00edcipes que apoy\u00f3 el movimiento de los perredistas y panistas: \u00abes un acto que respaldamos, compartimos y apoyamos; mi reconocimiento para esa manifestaci\u00f3n\u00bb; y ayer encabez\u00f3 a un grupo de presidentes municipales para adherirse al movimiento que otros ediles realizan en Palacio de Gobierno\u2026 pero eso fue motivo para que otro mun\u00edcipe, el de Boca del R\u00edo, Miguel \u00c1ngel Yunes M\u00e1rquez, dijera que \u201cdoblaron las manitas\u201d porque se reunieron con el Gobernador Flavino R\u00edos en Casa Veracruz.<\/p>\n<p dir=\"ltr\">El estilo es el hombre, y la forma de hacer pol\u00edtica hace al pol\u00edtico. Tan respetable la toma de Palacio de los ediles perredistas y panistas, que la reuni\u00f3n con el Gobernador de los alcaldes del PRI y de otros partidos.<\/p>\n<p dir=\"ltr\">A lo mejor se entiende la posici\u00f3n del alcalde de Boca del R\u00edo, no acostumbrado al fr\u00edo de Xalapa, el desvelo y sumado a ello, el compromiso roto del Gobierno estatal el d\u00eda de ayer hasta por dos ocasiones (10 am y mediod\u00eda) para reunirse con ellos aduciendo \u201cque no hab\u00eda garant\u00edas de seguridad\u201d&#8230; \u00a1pues debe de dar coraje! Se le entiende, pero no se justifica.<\/p>\n<p dir=\"ltr\">M\u00e1s que ver colores y siglas a un movimiento que busca justicia y legalidad, hay que observarlo desde el plano del municipalismo\u2026 como bien lo planta Am\u00e9rico Z\u00fa\u00f1iga desde su forma de hacer pol\u00edtica y hasta el mismo Miguel \u00c1ngel Yunes M\u00e1rquez, en su estilo de generar pol\u00edtica.<\/p>\n<div dir=\"ltr\"><\/div>\n<p dir=\"ltr\"><a href=\"mailto:smcainito@gmail.com\" target=\"_blank\">smcainito@gmail.com<\/a><\/p>\n<p>&nbsp;<\/p>\n","protected":false},"excerpt":{"rendered":"<p>Salvador Mu\u00f1oz Los Pol\u00edticos\u00a0 El equipo de transici\u00f3n que present\u00f3 Miguel \u00c1ngel Yunes Linares, no s\u00f3lo se circunscribe en nombres sino tambi\u00e9n a qui\u00e9nes pertenecen esos nombres. En la columna de Brenda Caballero, titulada \u201cY nos faltaron mujeres\u201d, arroja datos interesantes en las damas que aparecen en esta larga lista, como por ejemplo, algunas de [&hellip;]<\/p>\n","protected":false},"author":2,"featured_media":0,"comment_status":"open","ping_status":"open","sticky":false,"template":"","format":"standard","meta":{"_jetpack_newsletter_access":"","_jetpack_dont_email_post_to_subs":false,"_jetpack_newsletter_tier_id":0,"_jetpack_memberships_contains_paywalled_content":false,"_jetpack_memberships_contains_paid_content":false,"footnotes":""},"categories":[70],"tags":[539,428,536,2305,808],"class_list":["post-27585","post","type-post","status-publish","format-standard","hentry","category-de-opinion","tag-americo-zuniga-martinez","tag-miguel-angel-yunes-linares","tag-miguel-angel-yunes-marquez","tag-mujeres","tag-rogelio-franco-castan"],"jetpack_featured_media_url":"","jetpack_sharing_enabled":true,"jetpack_shortlink":"https:\/\/wp.me\/p4Qcd3-7aV","_links":{"self":[{"href":"https:\/\/lospoliticosveracruz.com.mx\/index.php?rest_route=\/wp\/v2\/posts\/27585","targetHints":{"allow":["GET"]}}],"collection":[{"href":"https:\/\/lospoliticosveracruz.com.mx\/index.php?rest_route=\/wp\/v2\/posts"}],"about":[{"href":"https:\/\/lospoliticosveracruz.com.mx\/index.php?rest_route=\/wp\/v2\/types\/post"}],"author":[{"embeddable":true,"href":"https:\/\/lospoliticosveracruz.com.mx\/index.php?rest_route=\/wp\/v2\/users\/2"}],"replies":[{"embeddable":true,"href":"https:\/\/lospoliticosveracruz.com.mx\/index.php?rest_route=%2Fwp%2Fv2%2Fcomments&post=27585"}],"version-history":[{"count":2,"href":"https:\/\/lospoliticosveracruz.com.mx\/index.php?rest_route=\/wp\/v2\/posts\/27585\/revisions"}],"predecessor-version":[{"id":27590,"href":"https:\/\/lospoliticosveracruz.com.mx\/index.php?rest_route=\/wp\/v2\/posts\/27585\/revisions\/27590"}],"wp:attachment":[{"href":"https:\/\/lospoliticosveracruz.com.mx\/index.php?rest_route=%2Fwp%2Fv2%2Fmedia&parent=27585"}],"wp:term":[{"taxonomy":"category","embeddable":true,"href":"https:\/\/lospoliticosveracruz.com.mx\/index.php?rest_route=%2Fwp%2Fv2%2Fcategories&post=27585"},{"taxonomy":"post_tag","embeddable":true,"href":"https:\/\/lospoliticosveracruz.com.mx\/index.php?rest_route=%2Fwp%2Fv2%2Ftags&post=27585"}],"curies":[{"name":"wp","href":"https:\/\/api.w.org\/{rel}","templated":true}]}}