{"id":27591,"date":"2016-11-01T11:40:55","date_gmt":"2016-11-01T17:40:55","guid":{"rendered":"http:\/\/www.lospoliticosveracruz.com.mx\/?p=27591"},"modified":"2016-11-01T11:40:55","modified_gmt":"2016-11-01T17:40:55","slug":"americo-y-la-posicion-de-los-alcaldes","status":"publish","type":"post","link":"https:\/\/lospoliticosveracruz.com.mx\/?p=27591","title":{"rendered":"Am\u00e9rico y la posici\u00f3n de los alcaldes"},"content":{"rendered":"<p><strong>Luis Alberto Romero<\/strong><\/p>\n<p><em>Hora Cero<\/em><\/p>\n<p>El gobierno estatal se cae a pedazos; sin recursos para hacer frente a los compromisos del \u00faltimo bimestre del a\u00f1o; con las organizaciones sociales, pol\u00edticas y campesinas en contra; con bloqueos a las oficinas gubernamentales y a las v\u00edas de comunicaci\u00f3n; y, por si fuera poco, con las autoridades municipales exigiendo la transferencia de los recursos que fueron utilizados por la administraci\u00f3n de Javier Duarte para cualquier otro fin; es como termina un sexenio para el olvido.<\/p>\n<p>Con Duarte en calidad de pr\u00f3fugo de la justicia, Flavino R\u00edos fue rebasado por la exigencia de las autoridades municipales veracruzanas, que armaron dos bloques: el de perredistas y panistas que tomaron desde el pasado viernes Palacio de Gobierno, del que dicen que no saldr\u00e1n hasta que fluyan los recursos o bien hasta que concluya el sexenio (30 de noviembre); y el de los priistas, m\u00e1s de 60, que se concentraron este lunes en el Palacio Municipal de Xalapa, a convocatoria del alcalde de la capital, Am\u00e9rico Z\u00fa\u00f1iga Mart\u00ednez.<\/p>\n<p>Los ediles priistas exigen al gobierno estatal el dep\u00f3sito inmediato de recursos federales que llegaron a la entidad y no fueron dispersados por la Secretar\u00eda de Finanzas y Planeaci\u00f3n (Sefiplan).<\/p>\n<p>A este movimiento se sumaron los Senadores Jos\u00e9 Francisco Yunes Zorrillla y H\u00e9ctor Yunes Landa.<\/p>\n<p>Los alcaldes, as\u00ed qued\u00f3 asentado en el encuentro, han hecho esta solicitud desde hace muchos meses. La historia de este encuentro \u2013refiri\u00f3 el Senador Pepe Yunes- inici\u00f3 con una primera reuni\u00f3n en la Orizaba que gobierna Juan Manuel Diez Francos y continu\u00f3 en el Coscomatepec que preside Manuel \u00c1lvarez S\u00e1nchez.<\/p>\n<p>Hoy, en la Xalapa de Am\u00e9rico Z\u00fa\u00f1iga, estos 60 alcaldes, m\u00e1s otros 20 de la zona norte que avisaron que se sumar\u00edan, exigieron los recursos del FISM y FORTAMUN del mes de octubre; adem\u00e1s, un calendario de pagos con el actual gobernador y el gobernador electo; si se diera un rescate de la federaci\u00f3n a Veracruz, que los recursos de los ayuntamientos sean prioritarios y se propuso tambi\u00e9n que las participaciones federales se depositen de manera directa a los municipios, tal y como lo prev\u00e9 el art\u00edculo 6\u00ba de la Ley de Coordinaci\u00f3n Fiscal.<\/p>\n<p>Los 80 alcaldes que firmaron este manifiesto de Xalapa, mostraron respeto a las instituciones y el planteamiento de soluciones reales a los problemas que enfrentan.<\/p>\n<p>Am\u00e9rico Z\u00fa\u00f1iga ha repetido que respeta a los mun\u00edcipes que tomaron el Palacio de Gobierno, pero que la propuesta que \u00e9l abandera es m\u00e1s de di\u00e1logo y de soluciones reales. En pocas palabras, menos ruido, menos show y m\u00e1s resultados.<\/p>\n<p>Posterior a este encuentro, Am\u00e9rico Z\u00fa\u00f1iga y los alcaldes se fueron a Casa Veracruz, para sostener un encuentro con el gobernador Flavino R\u00edos Alvarado y exigirle en persona, de frente, los planteamientos que en palacio municipal realizaron.<\/p>\n<p>En dicha reuni\u00f3n, nos dicen, la posici\u00f3n del secretario de Finanzas fue, en primer lugar, proponer el pago correspondiente al mes de octubre para cubrir el d\u00eda 3 de noviembre; segundo, que el resto de los recursos federales pendientes no ser\u00edan cubiertos; y tercero, que \u201chay que aguantar\u201d; en s\u00edntesis, no habr\u00e1 pago para los alcaldes priistas, a quienes no calienta ni el sol.<\/p>\n<p>&nbsp;<\/p>\n<p><strong>Sandro G\u00f3mez y el s\u00edndrome del avestruz<\/strong><\/p>\n<p>La nota fue publicada en el diario Notiver y se\u00f1ala \u201cBajo la lupa l\u00edderes juveniles del PRI\u201d; en dicha informaci\u00f3n, que fue incluida en la edici\u00f3n del pasado 25 de octubre, se apunta que la Procuradur\u00eda General de la Rep\u00fablica \u201cinvestigar\u00eda la presunta complicidad entre l\u00edderes juveniles del Partido Revolucionario Institucional (PRI) de Veracruz, con Javier Duarte de Ochoa, gobernador con licencia, investigado por operaciones con recursos de procedencia il\u00edcita\u201d.<\/p>\n<p>De acuerdo con el citado medio porte\u00f1o, Duarte habr\u00eda utilizado a dirigentes juveniles priistas, entre los que se encuentra Sandro Francisco G\u00f3mez Vald\u00e9s, cabeza en la entidad de la llamada Red de J\u00f3venes del PRI, como prestanombres.<\/p>\n<p>De igual manera, la mencionada nota vincula a G\u00f3mez Vald\u00e9s con el hermano del hoy ex gobernador, Cecil Duarte de Ochoa, quien tambi\u00e9n ser\u00eda investigado \u201cpor formar parte de la red del actual gobernante con licencia, pr\u00f3fugo de la justicia\u201d.<\/p>\n<p>Lo que llama la atenci\u00f3n no es si esa estructura, la Red de J\u00f3venes del PRI, sirve o resulta in\u00fatil para el PRI; tampoco si sus l\u00edderes, como en este caso Sandro G\u00f3mez, sirvieron como prestanombres de Duarte y sus c\u00f3mplices, porque eso tendr\u00e1 que ser investigado por las autoridades de procuraci\u00f3n de justicia; sino el silencio que guarda este personaje, de quien se dice que ha despegado econ\u00f3micamente en los \u00faltimos a\u00f1os.<\/p>\n<p>El caso es que este asunto ya comenz\u00f3 a circular y a difundirse en medios y en redes sociales; ante ello, Sandro G\u00f3mez no ha articulado m\u00e1s defensa que el silencio, como si padeciera el llamado s\u00edndrome del avestruz, animal que cuando siente peligro opta por esconder la cabeza, tal vez pensando que con ello la amenaza desaparece. \u00bfNo ser\u00eda mejor dar la cara y aclarar lo que se dice?<\/p>\n<p>&nbsp;<\/p>\n<p><strong>La \u00faltima de Tavo Sousa<\/strong><\/p>\n<p>Se efectu\u00f3 la \u00faltima sesi\u00f3n del Fideicomiso del 3 por ciento a la N\u00f3mina.\u00a0\u00a0Su titular, Gustavo Sousa Escamilla, fue despedido por quienes forman parte de \u00e9ste con un sentido reconocimiento por la claridad con la que siempre se condujo.<\/p>\n<p>Y es que el porte\u00f1o, en todo momento, siempre habl\u00f3 con la verdad, poniendo recientemente sobre la mesa el pasivo que la Secretar\u00eda de Finanzas acumul\u00f3 desde el 2014, por el orden de casi 6 mil millones de pesos.<\/p>\n<p>Sin duda, Souza Escamilla es uno de los pocos funcionarios de esta administraci\u00f3n que podr\u00e1 seguir en este estado, con la frente en alto. @luisromero85<\/p>\n","protected":false},"excerpt":{"rendered":"<p>Luis Alberto Romero Hora Cero El gobierno estatal se cae a pedazos; sin recursos para hacer frente a los compromisos del \u00faltimo bimestre del a\u00f1o; con las organizaciones sociales, pol\u00edticas y campesinas en contra; con bloqueos a las oficinas gubernamentales y a las v\u00edas de comunicaci\u00f3n; y, por si fuera poco, con las autoridades municipales [&hellip;]<\/p>\n","protected":false},"author":2,"featured_media":0,"comment_status":"open","ping_status":"open","sticky":false,"template":"","format":"standard","meta":{"_jetpack_newsletter_access":"","_jetpack_dont_email_post_to_subs":false,"_jetpack_newsletter_tier_id":0,"_jetpack_memberships_contains_paywalled_content":false,"_jetpack_memberships_contains_paid_content":false,"footnotes":""},"categories":[70],"tags":[539,1761,348,162,6634,1640],"class_list":["post-27591","post","type-post","status-publish","format-standard","hentry","category-de-opinion","tag-americo-zuniga-martinez","tag-flavino-rios","tag-hector-yunes-landa","tag-javier-duarte","tag-jose-francisco-yunes-zorrillla","tag-juan-manuel-diez-francos"],"jetpack_featured_media_url":"","jetpack_sharing_enabled":true,"jetpack_shortlink":"https:\/\/wp.me\/p4Qcd3-7b1","_links":{"self":[{"href":"https:\/\/lospoliticosveracruz.com.mx\/index.php?rest_route=\/wp\/v2\/posts\/27591","targetHints":{"allow":["GET"]}}],"collection":[{"href":"https:\/\/lospoliticosveracruz.com.mx\/index.php?rest_route=\/wp\/v2\/posts"}],"about":[{"href":"https:\/\/lospoliticosveracruz.com.mx\/index.php?rest_route=\/wp\/v2\/types\/post"}],"author":[{"embeddable":true,"href":"https:\/\/lospoliticosveracruz.com.mx\/index.php?rest_route=\/wp\/v2\/users\/2"}],"replies":[{"embeddable":true,"href":"https:\/\/lospoliticosveracruz.com.mx\/index.php?rest_route=%2Fwp%2Fv2%2Fcomments&post=27591"}],"version-history":[{"count":1,"href":"https:\/\/lospoliticosveracruz.com.mx\/index.php?rest_route=\/wp\/v2\/posts\/27591\/revisions"}],"predecessor-version":[{"id":27594,"href":"https:\/\/lospoliticosveracruz.com.mx\/index.php?rest_route=\/wp\/v2\/posts\/27591\/revisions\/27594"}],"wp:attachment":[{"href":"https:\/\/lospoliticosveracruz.com.mx\/index.php?rest_route=%2Fwp%2Fv2%2Fmedia&parent=27591"}],"wp:term":[{"taxonomy":"category","embeddable":true,"href":"https:\/\/lospoliticosveracruz.com.mx\/index.php?rest_route=%2Fwp%2Fv2%2Fcategories&post=27591"},{"taxonomy":"post_tag","embeddable":true,"href":"https:\/\/lospoliticosveracruz.com.mx\/index.php?rest_route=%2Fwp%2Fv2%2Ftags&post=27591"}],"curies":[{"name":"wp","href":"https:\/\/api.w.org\/{rel}","templated":true}]}}