{"id":27745,"date":"2016-11-06T13:51:24","date_gmt":"2016-11-06T19:51:24","guid":{"rendered":"http:\/\/www.lospoliticosveracruz.com.mx\/?p=27745"},"modified":"2016-11-06T13:51:24","modified_gmt":"2016-11-06T19:51:24","slug":"heroe-anonimo","status":"publish","type":"post","link":"https:\/\/lospoliticosveracruz.com.mx\/?p=27745","title":{"rendered":"H\u00e9roe An\u00f3nimo"},"content":{"rendered":"<p><strong>Elena C\u00f3rdova<\/strong><\/p>\n<p><em>Luna Nueva<\/em><\/p>\n<p>&nbsp;<\/p>\n<p>En d\u00edas pasados, la Secretaria de Agricultura, Ganader\u00eda, Desarrollo Rural, Pesca y Alimentaci\u00f3n organiz\u00f3 la Primera carrera \u201cSagarpa Siembra \u00c9xito\u201d, para lo cual cont\u00f3 con la participaci\u00f3n de m\u00e1s de 2 mil 200 servidores p\u00fablicos provenientes de toda la rep\u00fablica que pertenecen a la instituci\u00f3n, as\u00ed como los \u00f3rganos del sector y sus familias.<\/p>\n<p align=\"JUSTIFY\">La primera edici\u00f3n de esta carrera fue en el Bosque de Chapultepec y estuvo encabezada por el propio secretario del ramo, Jos\u00e9 Calzada y su esposa Sandra Albarr\u00e1n.<\/p>\n<p align=\"JUSTIFY\">Con la firme intenci\u00f3n de que esta actividad permitiera la convivencia familiar y el intercambio de ideas y pensamientos entre esta importante comunidad, la misma, se realiz\u00f3 con gran \u00e9xito.<\/p>\n<p>Para quienes han vivido o viven en la gran capital del pa\u00eds, que es la Ciudad de M\u00e9xico, una de las constantes preocupaciones es la de encontrar un espacio, un sitio adecuado y seguro donde dejar estacionado el veh\u00edculo propio, mientras se hacen las labores espec\u00edficas o de manera temporal, alguna actividad oficial o no. As\u00ed me pas\u00f3, pues al llegar con prisas a la carrera citada, tuve la mala fortuna de dejar, lo reconozco, mal estacionado mi veh\u00edculo y sucedi\u00f3 lo que normalmente pasa en estos tristes casos, sencillamente se lo llev\u00f3 la gr\u00faa. Como es de imaginar, con toda la molestia tanto por las vueltas y tr\u00e1mites que hay que realizar hasta que nos es entregado el veh\u00edculo, hasta la preocupaci\u00f3n porque no le haya sucedido nada mientras lo arrastran insensiblemente hasta el corral\u00f3n respectivo, los encargados de la gr\u00faa.<\/p>\n<p><span lang=\"en\">De esta forma, <\/span><span lang=\"es-ES\">acud\u00ed hasta el dichoso corral\u00f3n, ubicado en la delegaci\u00f3n Miguel Hidalgo y ah\u00ed me encontr\u00e9 la raz\u00f3n de esta colaboraci\u00f3n, el motivo por el cual en esta ocasi\u00f3n escribo esta l\u00edneas con las cuales espero poder transmitir el sentimiento que me envuelva a\u00fan, y creo que por siempre. En el lugar que cito, me atendi\u00f3 un extraordinario ser humano, ejemplo de superaci\u00f3n y de compromiso con la atenci\u00f3n y el servicio al cliente. Fue tal la amabilidad con la que me escuch\u00f3, atendi\u00f3 y procur\u00f3, que toda esa molestia se convirti\u00f3 en una simpat\u00eda natural as\u00ed como una admiraci\u00f3n sin l\u00edmites porque, Sergio David D\u00edaz Bustos, de 24 a\u00f1os de edad y originario del Taxco, Guerrero, es un joven con capacidades diferentes: no posee sus dos piernas. Sobra decir que su actitud y fortaleza fue y es un ejemplo para m\u00ed y cualquiera que lo vea; platiqu\u00e9 y escuch\u00e9 hablar de su trabajo, sus aficiones y sus metas futuras.<\/span><\/p>\n<p>Como an\u00e9cdota, por si no bastara lo que trato de plasmar en estas l\u00edneas, les cuento que no tuve cambio para las copias que ten\u00eda que sacar y que era parte de los benditos requisitos de siempre, sirvan o no para una cosa u otra. Ante esto, saque una moneda que llamo de la suerte y le dije a Sergio: \u201cte doy mi moneda de la suerte\u201d y su respuesta me conmovi\u00f3 hasta lo m\u00e1s profundo, \u201centonces le voy a hacer un huequito y me la voy a colgar para que ahora me d\u00e9 suerte a m\u00ed\u201d, me respondi\u00f3. Sus palabras me hicieron reflexionar y pensar en lo poco que apreciamos lo que tenemos o llegamos a tener y nos da por quejarnos la mayor\u00eda de las veces por meras nimiedades cuando hay gente, especial y extraordinaria como Sergio, que encuentran el lado positivo a las cosas.<\/p>\n<p><span lang=\"es-ES\">Seguimos platicando y fue as\u00ed como tambi\u00e9n me enter\u00e9 de la existencia de una noble organizaci\u00f3n denominada <\/span><span lang=\"es-ES\">Fundaci\u00f3n Humanista de Ayuda a Discapacitados (<\/span><span lang=\"en\">FHADI AC) que es una instituci\u00f3n de Asistencia Privada sin fines de lucro, fundada en 1997, en donde se atiende <\/span>preferentemente a <span lang=\"en\">personas adultas con discapacidad motriz a trav\u00e9s de un Modelo de Atenci\u00f3n Psicol\u00f3gica e Integraci\u00f3n Social y Laboral.<\/span><\/p>\n<p>FHADI AC es la la \u00fanica organizaci\u00f3n en todo M\u00e9xico que, de acuerdo al Directorio Nacional de y para Personas con Discapacidad del INEGI, ofrece un servicio psicol\u00f3gico especializado y de abordaje vanguardista, pues su misi\u00f3n es la de lograr la inclusi\u00f3n social y laboral de las personas adultas con discapacidad motriz a trav\u00e9s del Programa de Rehabilitaci\u00f3n Psicol\u00f3gica y de Capacitaci\u00f3n e Integraci\u00f3n Laboral.<\/p>\n<p>FHADI AC contempla dentro de sus principales objetivos los de fortalecer la debida recuperaci\u00f3n de las capacidades emocionales, cognitivas y psicosociales, a trav\u00e9s de la rehabilitaci\u00f3n psicol\u00f3gica, as\u00ed como lograr la integraci\u00f3n laboral de manera exitosa y duradera; informar y apoyar emocionalmente a los familiares para favorecer la integraci\u00f3n familiar; y una que me llama mucho la atenci\u00f3n que es la de formar l\u00edderes sociales que trasciendan a trav\u00e9s de su ejemplo en las personas con discapacidad y en la sociedad.<\/p>\n<p>Sin duda, mi mala experiencia me ense\u00f1\u00f3 que ante un peque\u00f1o inconveniente siempre hay personas que nos sirven de mucho ejemplo, como Sergio, que m\u00e1s que un empleado es un verdadero l\u00edder social, un verdadero h\u00e9roe an\u00f3nimo.<\/p>\n","protected":false},"excerpt":{"rendered":"<p>Elena C\u00f3rdova Luna Nueva &nbsp; En d\u00edas pasados, la Secretaria de Agricultura, Ganader\u00eda, Desarrollo Rural, Pesca y Alimentaci\u00f3n organiz\u00f3 la Primera carrera \u201cSagarpa Siembra \u00c9xito\u201d, para lo cual cont\u00f3 con la participaci\u00f3n de m\u00e1s de 2 mil 200 servidores p\u00fablicos provenientes de toda la rep\u00fablica que pertenecen a la instituci\u00f3n, as\u00ed como los \u00f3rganos del [&hellip;]<\/p>\n","protected":false},"author":2,"featured_media":0,"comment_status":"open","ping_status":"open","sticky":false,"template":"","format":"standard","meta":{"_jetpack_newsletter_access":"","_jetpack_dont_email_post_to_subs":false,"_jetpack_newsletter_tier_id":0,"_jetpack_memberships_contains_paywalled_content":false,"_jetpack_memberships_contains_paid_content":false,"footnotes":""},"categories":[70],"tags":[6663,92,5761,5500,6661,6660,6662],"class_list":["post-27745","post","type-post","status-publish","format-standard","hentry","category-de-opinion","tag-fhadi","tag-guerrero","tag-jose-calzada","tag-sagarpa","tag-sergio-david-diaz-bustos","tag-siembra-exito","tag-taxco"],"jetpack_featured_media_url":"","jetpack_sharing_enabled":true,"jetpack_shortlink":"https:\/\/wp.me\/p4Qcd3-7dv","_links":{"self":[{"href":"https:\/\/lospoliticosveracruz.com.mx\/index.php?rest_route=\/wp\/v2\/posts\/27745","targetHints":{"allow":["GET"]}}],"collection":[{"href":"https:\/\/lospoliticosveracruz.com.mx\/index.php?rest_route=\/wp\/v2\/posts"}],"about":[{"href":"https:\/\/lospoliticosveracruz.com.mx\/index.php?rest_route=\/wp\/v2\/types\/post"}],"author":[{"embeddable":true,"href":"https:\/\/lospoliticosveracruz.com.mx\/index.php?rest_route=\/wp\/v2\/users\/2"}],"replies":[{"embeddable":true,"href":"https:\/\/lospoliticosveracruz.com.mx\/index.php?rest_route=%2Fwp%2Fv2%2Fcomments&post=27745"}],"version-history":[{"count":1,"href":"https:\/\/lospoliticosveracruz.com.mx\/index.php?rest_route=\/wp\/v2\/posts\/27745\/revisions"}],"predecessor-version":[{"id":27747,"href":"https:\/\/lospoliticosveracruz.com.mx\/index.php?rest_route=\/wp\/v2\/posts\/27745\/revisions\/27747"}],"wp:attachment":[{"href":"https:\/\/lospoliticosveracruz.com.mx\/index.php?rest_route=%2Fwp%2Fv2%2Fmedia&parent=27745"}],"wp:term":[{"taxonomy":"category","embeddable":true,"href":"https:\/\/lospoliticosveracruz.com.mx\/index.php?rest_route=%2Fwp%2Fv2%2Fcategories&post=27745"},{"taxonomy":"post_tag","embeddable":true,"href":"https:\/\/lospoliticosveracruz.com.mx\/index.php?rest_route=%2Fwp%2Fv2%2Ftags&post=27745"}],"curies":[{"name":"wp","href":"https:\/\/api.w.org\/{rel}","templated":true}]}}