{"id":28135,"date":"2016-11-20T10:23:06","date_gmt":"2016-11-20T16:23:06","guid":{"rendered":"http:\/\/www.lospoliticosveracruz.com.mx\/?p=28135"},"modified":"2016-11-20T10:23:06","modified_gmt":"2016-11-20T16:23:06","slug":"la-fragil-economia-familiar","status":"publish","type":"post","link":"https:\/\/lospoliticosveracruz.com.mx\/?p=28135","title":{"rendered":"La fr\u00e1gil econom\u00eda familiar"},"content":{"rendered":"<p><b>Elena C\u00f3rdova<\/b><\/p>\n<p><i>Luna Nueva<\/i><\/p>\n<p>Sin temor a equivocarme, si existe, hasta el d\u00eda de hoy, una especie de modelo y un buen ejemplo de buena administraci\u00f3n en peque\u00f1o sobre econom\u00eda familiar y comunitaria, es el campo, en el \u00e1rea rural.<br \/>\nA quienes orgullosamente provenimos de all\u00e1, se nos ense\u00f1a el valor del ahorro, a no gastar lo que no tenemos y, sobre todo, a administrar los pocos recursos alimentarios y patrimoniales que se poseen; y lo m\u00e1s importante, a generar, procurar e incrementar siempre, con base en trabajo y esfuerzo, los pocos o muchos recursos patrimoniales que se tienen. En pocas palabras, aprendemos a vivir seg\u00fan nuestras posibilidades, y aqu\u00ed aplico una frase muy coloquial campera: \u201cde lo poco que hay, todav\u00eda necesitamos un poco menos\u201d.<br \/>\nDe hecho, hace poco le\u00eda un ensayo muy interesante que, a pesar de ser escrito all\u00e1 por el a\u00f1o 1996, por la Doctora Luc\u00eda Baz\u00e1n Levy y su hom\u00f3loga, la Doctora Margarita Estrada (Ciesas), su vigencia es tremenda. Este texto intitulado \u201cEl \u00faltimo recurso: las relaciones familiares como alternativas frente a la crisis\u201d, y del cual retomo unos pasajes, como mejor ejemplo del tema: \u201cla organizaci\u00f3n y la cooperaci\u00f3n familiar supl\u00eda de alguna manera las carencias que generaban los ingresos insuficientes y discontinuos de esas familias. La familia, pues, era considerada un recurso valioso para enfrentar situaciones dif\u00edciles, eventuales o permanentes. La familia como recurso para superar crisis eventuales y localizadas ha sido siempre utilizada en M\u00e9xico, en ambientes rurales y urbanos, en estratos de bajos ingresos, pero tambi\u00e9n entre familias de clase media e incluso entre la gran burgues\u00eda. Esta hab\u00eda sido una de las pautas m\u00e1s constantes de lo que podemos llamar cultura familiar solidaria de los mexicanos\u201d.<br \/>\n(http:\/\/lasa.international.pitt.edu\/LASA98\/Bazan.pdf)<br \/>\nAl escribir estas modestas l\u00edneas, pienso en miles de familias mexicanas que habr\u00e1n de aprovechar las ofertas especiales, los tremendos descuentos y los meses sin intereses del \u201cBuen Fin\u201d, que si bien es algo cultural m\u00e1s que de oportunidad, me refiero al comprar de alguna manera compulsivamente sin pensar si la capacidad econ\u00f3mica nos es o ser\u00e1 suficiente para afrontar en un futuro cercano los sistem\u00e1ticos e infalibles cobros o \u201cabonos chiquitos\u201d a los cuales nos comprometimos a pagar y firmamos por ello, dejando al amigo, compadre o familiar como aval del contrato. Ello no deja de tener siempre sus riesgos y m\u00e1s ahora que estamos frente a una inevitable crisis econ\u00f3mica nacional en puerta.<br \/>\nNo quiero ser pesimista ni tampoco verme muy poco patriota, pero ser\u00eda fant\u00e1stico, casi incre\u00edble, que las familias mexicanas, tuvieran una actitud m\u00e1s previsiva ante lo inminente, lo que es seguro que suceder\u00e1: el valor adquisitivo, la inflaci\u00f3n, de que el dinero se va a encarecer, el tipo de cambio hacerse vulnerable, los intereses bancarios a desestabilizarse y mil cosas m\u00e1s que desconozco por no ser experta en el tema, pero s\u00ed intuyo porque soy empleada que se debe a un salario, responsable de una familia y regular-reservada consumidora.<br \/>\nComo me gustar\u00eda que la gente, los ciudadanos comunes, entendieran que los tiempos no son para gastar de m\u00e1s, sino para prepararse y administrar de mejor manera, de gastar en lo indispensable, por decirlo m\u00e1s claro, pues lo que viene, el terrible Tsunami financiero nacional y mundial \u2013a ra\u00edz del triunfo de Donald Trump\u2013 ni siquiera el propio gobierno sabe de sus alcances ni temporalidad. Por desgracia no, pues la cultura que poseemos no nos permite entender e incluso ver esto como algo que no nos afecta, pues no somos inversionistas ni capitalistas ni mucho menos empresarios.<br \/>\nHay quienes todav\u00eda piensan que s\u00f3lo a los ricos, a los millonarios les afecta que el d\u00f3lar suba igual que solo a ellos la crisis econ\u00f3mica los hace menos pudientes.<br \/>\n\u00bfHay alguna soluci\u00f3n? Sin duda, no hay una f\u00f3rmula m\u00e1gica, pero si una que puede ayudar a las familias mexicanas y su fr\u00e1gil econom\u00eda financiera, es simple y muy sencilla, pensar, reflexionar seriamente si en realidad necesitamos lo que vamos adquirir, a comprar a largo plazo, o el cr\u00e9dito que vamos a pedir, por decir lo m\u00e1s com\u00fan que sucede con estas familias. Y as\u00ed, no nos veremos en la necesidad de buscar despu\u00e9s al pariente, al compadre o comadre, al amigo y que nos oiga decir, \u201ctengo una apuraci\u00f3n, una urgencia pr\u00e9stame un dinero, unos d\u00edas nada m\u00e1s y luego lo pago todo, te doy mi palabra\u2026\u201d \u00bfLe suena conocida esta frase?<\/p>\n","protected":false},"excerpt":{"rendered":"<p>Elena C\u00f3rdova Luna Nueva Sin temor a equivocarme, si existe, hasta el d\u00eda de hoy, una especie de modelo y un buen ejemplo de buena administraci\u00f3n en peque\u00f1o sobre econom\u00eda familiar y comunitaria, es el campo, en el \u00e1rea rural. A quienes orgullosamente provenimos de all\u00e1, se nos ense\u00f1a el valor del ahorro, a no [&hellip;]<\/p>\n","protected":false},"author":2,"featured_media":0,"comment_status":"open","ping_status":"open","sticky":false,"template":"","format":"standard","meta":{"_jetpack_newsletter_access":"","_jetpack_dont_email_post_to_subs":false,"_jetpack_newsletter_tier_id":0,"_jetpack_memberships_contains_paywalled_content":false,"_jetpack_memberships_contains_paid_content":false,"footnotes":""},"categories":[70],"tags":[862,6748,6749,6747],"class_list":["post-28135","post","type-post","status-publish","format-standard","hentry","category-de-opinion","tag-buen-fin","tag-crisis-economica","tag-donalo-trump","tag-economia-familiar"],"jetpack_featured_media_url":"","jetpack_sharing_enabled":true,"jetpack_shortlink":"https:\/\/wp.me\/p4Qcd3-7jN","_links":{"self":[{"href":"https:\/\/lospoliticosveracruz.com.mx\/index.php?rest_route=\/wp\/v2\/posts\/28135","targetHints":{"allow":["GET"]}}],"collection":[{"href":"https:\/\/lospoliticosveracruz.com.mx\/index.php?rest_route=\/wp\/v2\/posts"}],"about":[{"href":"https:\/\/lospoliticosveracruz.com.mx\/index.php?rest_route=\/wp\/v2\/types\/post"}],"author":[{"embeddable":true,"href":"https:\/\/lospoliticosveracruz.com.mx\/index.php?rest_route=\/wp\/v2\/users\/2"}],"replies":[{"embeddable":true,"href":"https:\/\/lospoliticosveracruz.com.mx\/index.php?rest_route=%2Fwp%2Fv2%2Fcomments&post=28135"}],"version-history":[{"count":1,"href":"https:\/\/lospoliticosveracruz.com.mx\/index.php?rest_route=\/wp\/v2\/posts\/28135\/revisions"}],"predecessor-version":[{"id":28140,"href":"https:\/\/lospoliticosveracruz.com.mx\/index.php?rest_route=\/wp\/v2\/posts\/28135\/revisions\/28140"}],"wp:attachment":[{"href":"https:\/\/lospoliticosveracruz.com.mx\/index.php?rest_route=%2Fwp%2Fv2%2Fmedia&parent=28135"}],"wp:term":[{"taxonomy":"category","embeddable":true,"href":"https:\/\/lospoliticosveracruz.com.mx\/index.php?rest_route=%2Fwp%2Fv2%2Fcategories&post=28135"},{"taxonomy":"post_tag","embeddable":true,"href":"https:\/\/lospoliticosveracruz.com.mx\/index.php?rest_route=%2Fwp%2Fv2%2Ftags&post=28135"}],"curies":[{"name":"wp","href":"https:\/\/api.w.org\/{rel}","templated":true}]}}