{"id":28477,"date":"2016-11-29T23:05:22","date_gmt":"2016-11-30T05:05:22","guid":{"rendered":"http:\/\/www.lospoliticosveracruz.com.mx\/?p=28477"},"modified":"2016-11-29T23:05:22","modified_gmt":"2016-11-30T05:05:22","slug":"prd-estrategia-no-imposicion","status":"publish","type":"post","link":"https:\/\/lospoliticosveracruz.com.mx\/?p=28477","title":{"rendered":"PRD: Estrategia, no \u201cimposici\u00f3n\u201d"},"content":{"rendered":"<p><strong>Salvador Mu\u00f1oz<\/strong><\/p>\n<p><em>Los Pol\u00edticos<\/em><\/p>\n<p>A unas horas de que Miguel \u00c1ngel Yunes Linares asuma la gubernatura de Veracruz, el PRD igual estar\u00e1 por encontrarse sin dirigente de partido y sin secretario general, bajo el entendido de que ambos, Rogelio Franco Cast\u00e1n y Jorge Flores Lara, han de acompa\u00f1ar al Gobernador en estos dos a\u00f1os; uno, como secretario de Gobierno; el otro, como subsecretario de Educaci\u00f3n.<\/p>\n<p>Siendo sinceros, es desde el pasado 24 de noviembre que el PRD anda sin cabeza, sin dirigente de partido, pues Rogelio Franco present\u00f3 su renuncia \u00a1antes que el Fiscul\u00edn!<\/p>\n<p>Y vaya que anda movido el futuro secretario de Gobierno, tan as\u00ed que sacudi\u00f3 cielo y mar en la Universidad Veracruzana para poder tramitar su c\u00e9dula profesional y poder salvar el \u00fanico escollo que podr\u00eda impedir su ungimiento como el n\u00famero 2 del gobierno de Yunes.<\/p>\n<p>Cosa contraria a Jorge Flores Lara, pues de acuerdo a los estatutos, no est\u00e1 obligado a renunciar como el dirigente del partido, pero en un acto de congruencia pol\u00edtica, debi\u00f3 presentar su separaci\u00f3n del cargo por la tarde-noche de este martes, con lo que de plano, tendremos por unos d\u00edas ac\u00e9fala la dirigencia y secretar\u00eda general del Sol Azteca.<\/p>\n<p>As\u00ed las cosas, los estatutos del PRD obligan a la convocatoria del IV Pleno del IX Consejo Estatal del PRD, para este pr\u00f3ximo cuatro de diciembre para la elecci\u00f3n de ambos cuadros en el Hotel Villa Las Margaritas, 11 horas.<\/p>\n<p>Si la l\u00f3gica no falla, es seguro que Rogelio Franco haya pensado en ello antes de su salida y debi\u00f3 buscar un aliado que sea extensi\u00f3n de su alianza con Miguel \u00c1ngel Yunes Linares (conste, no dije que con el PAN) en funci\u00f3n de los pr\u00f3ximos comicios de corte municipal, m\u00e1s cuando se dice que el Sol Azteca, si bien tendr\u00e1 decisi\u00f3n en pocos municipios, \u00e9stos son de buen tama\u00f1o, tanto en lo geogr\u00e1fico como en lo pol\u00edtico, y baste citar s\u00f3lo algunos ejemplos, como son Poza Rica, Xalapa y Coatzacoalcos.<\/p>\n<p>No, no se piense como \u201cimposici\u00f3n\u201d de Rogelio, sino debe verse como una estrategia pol\u00edtica si se piensa en un proyecto de ocho a\u00f1os donde al final de cuentas se fortalezcan Yunes Linares, el PRD as\u00ed como el PAN.<\/p>\n<p>Cabe recordar que Rogelio ya hab\u00eda iniciado actividades para los pr\u00f3ximos comicios, por citar un solo ejemplo, el caso de Xalapa, donde su pretensi\u00f3n era llevar como candidato a Ricardo Ahued Bardahuil, pero nom\u00e1s no cuaj\u00f3\u2026 luego entonces, experimentar con un nuevo liderazgo con el tiempo encima, no cabe, y eso deben entenderlo las tribus del partido si es que quieren mantenerse al lado del poder y por ende, en el poder.<\/p>\n<p>As\u00ed, el dirigente que se designe el pr\u00f3ximo cuatro de diciembre, ya tendr\u00e1 la l\u00ednea a seguir en el partido, en perfecta comuni\u00f3n con Rogelio Franco (que no con el secretario de Gobierno, demos el beneficio de la duda) y con Yunes Linares en pos de la alianza para confrontar el 2018\u2026 apoyados con el PAN.<\/p>\n<p>As\u00ed entonces, nada m\u00e1s falta que sea Jes\u00fas Vel\u00e1zquez el nuevo dirigente del PRD para que las cosas se asienten y la transici\u00f3n en el partido no sea motivo de desajuste, desequilibrio ni divisi\u00f3n a su interior, y mucho menos al exterior, que pueda provocar en su exdirigente un asunto que atender desde Palacio de Gobierno.<\/p>\n<p>&nbsp;<\/p>\n<p>smcainito@gmail.com<\/p>\n","protected":false},"excerpt":{"rendered":"<p>Salvador Mu\u00f1oz Los Pol\u00edticos A unas horas de que Miguel \u00c1ngel Yunes Linares asuma la gubernatura de Veracruz, el PRD igual estar\u00e1 por encontrarse sin dirigente de partido y sin secretario general, bajo el entendido de que ambos, Rogelio Franco Cast\u00e1n y Jorge Flores Lara, han de acompa\u00f1ar al Gobernador en estos dos a\u00f1os; uno, [&hellip;]<\/p>\n","protected":false},"author":2,"featured_media":0,"comment_status":"open","ping_status":"open","sticky":false,"template":"","format":"standard","meta":{"_jetpack_newsletter_access":"","_jetpack_dont_email_post_to_subs":false,"_jetpack_newsletter_tier_id":0,"_jetpack_memberships_contains_paywalled_content":false,"_jetpack_memberships_contains_paid_content":false,"footnotes":""},"categories":[70],"tags":[5169,428,107,808],"class_list":["post-28477","post","type-post","status-publish","format-standard","hentry","category-de-opinion","tag-jorge-flores-lara","tag-miguel-angel-yunes-linares","tag-prd","tag-rogelio-franco-castan"],"jetpack_featured_media_url":"","jetpack_sharing_enabled":true,"jetpack_shortlink":"https:\/\/wp.me\/p4Qcd3-7pj","_links":{"self":[{"href":"https:\/\/lospoliticosveracruz.com.mx\/index.php?rest_route=\/wp\/v2\/posts\/28477","targetHints":{"allow":["GET"]}}],"collection":[{"href":"https:\/\/lospoliticosveracruz.com.mx\/index.php?rest_route=\/wp\/v2\/posts"}],"about":[{"href":"https:\/\/lospoliticosveracruz.com.mx\/index.php?rest_route=\/wp\/v2\/types\/post"}],"author":[{"embeddable":true,"href":"https:\/\/lospoliticosveracruz.com.mx\/index.php?rest_route=\/wp\/v2\/users\/2"}],"replies":[{"embeddable":true,"href":"https:\/\/lospoliticosveracruz.com.mx\/index.php?rest_route=%2Fwp%2Fv2%2Fcomments&post=28477"}],"version-history":[{"count":1,"href":"https:\/\/lospoliticosveracruz.com.mx\/index.php?rest_route=\/wp\/v2\/posts\/28477\/revisions"}],"predecessor-version":[{"id":28478,"href":"https:\/\/lospoliticosveracruz.com.mx\/index.php?rest_route=\/wp\/v2\/posts\/28477\/revisions\/28478"}],"wp:attachment":[{"href":"https:\/\/lospoliticosveracruz.com.mx\/index.php?rest_route=%2Fwp%2Fv2%2Fmedia&parent=28477"}],"wp:term":[{"taxonomy":"category","embeddable":true,"href":"https:\/\/lospoliticosveracruz.com.mx\/index.php?rest_route=%2Fwp%2Fv2%2Fcategories&post=28477"},{"taxonomy":"post_tag","embeddable":true,"href":"https:\/\/lospoliticosveracruz.com.mx\/index.php?rest_route=%2Fwp%2Fv2%2Ftags&post=28477"}],"curies":[{"name":"wp","href":"https:\/\/api.w.org\/{rel}","templated":true}]}}