{"id":28638,"date":"2016-12-05T19:50:56","date_gmt":"2016-12-06T01:50:56","guid":{"rendered":"http:\/\/www.lospoliticosveracruz.com.mx\/?p=28638"},"modified":"2016-12-05T19:50:56","modified_gmt":"2016-12-06T01:50:56","slug":"musica-y-violencia","status":"publish","type":"post","link":"https:\/\/lospoliticosveracruz.com.mx\/?p=28638","title":{"rendered":"M\u00fasica y violencia"},"content":{"rendered":"<p><strong>Sheyla Fuertes Lara<\/strong><\/p>\n<p><em>Mujeres que Saben Lat\u00edn<\/em><\/p>\n<p>&nbsp;<\/p>\n<p>&nbsp;<\/p>\n<p>Hace unos d\u00edas le\u00eda un art\u00edculo que describ\u00eda la violencia machista que se expresa en los temas de algunas canciones, en espec\u00edfico en las del g\u00e9nero regget\u00f3n, pop latino y de banda, y quienes las interpretan hasta han ganado diversos premios porque sus canciones son escuchadas por miles de personas en el extranjero y en M\u00e9xico.<\/p>\n<p>El problema es que estos temas est\u00e1n cargados de violencia hacia las mujeres, los estereotipos en los que nos encasillan se presentan como lo m\u00e1s normal del mundo: las mujeres s\u00f3lo sirven para el sexo, para comprar, pelear y estar c\u00f3modamente en casa.<\/p>\n<p>En el discurso a las mujeres las describen como objetos sexuales del desenfreno, a quienes pueden hacerles lo que quieran, las ridiculizan, y no hay problema, porque son objetos, son cosas, que s\u00f3lo saben vestirse provocativamente y que si acaso hay quien diga lo contrario, \u00a1pues entonces est\u00e1n locas!.<\/p>\n<p>\u00bfTendr\u00edamos de dejar de escuchar este tipo de m\u00fasica? No lo s\u00e9, lo que s\u00ed s\u00e9 es que en ocasiones sin darnos cuenta tarareamos la m\u00fasica y estribillos pegajosos que enganchan al escucha. Lo terrible es que ah\u00ed se repiten los esquemas y estereotipos machistas y mis\u00f3ginos.<\/p>\n<p>En diversas ocasiones mis compa\u00f1eras y yo hemos tocado el tema de c\u00f3mo se normaliza la violencia contra nosotras y el que los temas musicales est\u00e9n cargados de violencia simb\u00f3lica, no importa, \u00a1porque no pasa nada, nadie dice nada!<\/p>\n<p>\u00bfPor qu\u00e9 es normal que un sujeto en una canci\u00f3n haga una serie de descalificaciones hacia las mujeres? y que en su discurso las ponga como objetos disponibles al sexo ilimitado.<\/p>\n<p>\u00bfPor qu\u00e9 se puede desprestigiar e insultar a una mujer con tanta facilidad en las letras de las canciones?, y que tal los videos, si no hay mujeres exuberantes donde las exhiban como objetos, pues no es video. Por todos lados el bombardeo de estos temas e im\u00e1genes que repiten el esquema en el que el hombre tiene todo el poder y control sobre nosotras.<\/p>\n<p>Y por ello, vemos en los reportes, en los medios de comunicaci\u00f3n que un hombre puede asesinar, golpear, violar a su pareja, porque aqu\u00ed no pasa nada. Y no, no soy exagerada, no lo invento, ah\u00ed est\u00e1n las estad\u00edsticas que ofrecen los monitoreos, la mayor\u00eda de las que han perdido la vida en un feminicidio, fue por alguien cercano a ellas.<\/p>\n","protected":false},"excerpt":{"rendered":"<p>Sheyla Fuertes Lara Mujeres que Saben Lat\u00edn &nbsp; &nbsp; Hace unos d\u00edas le\u00eda un art\u00edculo que describ\u00eda la violencia machista que se expresa en los temas de algunas canciones, en espec\u00edfico en las del g\u00e9nero regget\u00f3n, pop latino y de banda, y quienes las interpretan hasta han ganado diversos premios porque sus canciones son escuchadas [&hellip;]<\/p>\n","protected":false},"author":2,"featured_media":0,"comment_status":"open","ping_status":"open","sticky":false,"template":"","format":"standard","meta":{"_jetpack_newsletter_access":"","_jetpack_dont_email_post_to_subs":false,"_jetpack_newsletter_tier_id":0,"_jetpack_memberships_contains_paywalled_content":false,"_jetpack_memberships_contains_paid_content":false,"footnotes":""},"categories":[70],"tags":[1053,463,3360],"class_list":["post-28638","post","type-post","status-publish","format-standard","hentry","category-de-opinion","tag-musica","tag-violencia","tag-violencia-de-genero"],"jetpack_featured_media_url":"","jetpack_sharing_enabled":true,"jetpack_shortlink":"https:\/\/wp.me\/p4Qcd3-7rU","_links":{"self":[{"href":"https:\/\/lospoliticosveracruz.com.mx\/index.php?rest_route=\/wp\/v2\/posts\/28638","targetHints":{"allow":["GET"]}}],"collection":[{"href":"https:\/\/lospoliticosveracruz.com.mx\/index.php?rest_route=\/wp\/v2\/posts"}],"about":[{"href":"https:\/\/lospoliticosveracruz.com.mx\/index.php?rest_route=\/wp\/v2\/types\/post"}],"author":[{"embeddable":true,"href":"https:\/\/lospoliticosveracruz.com.mx\/index.php?rest_route=\/wp\/v2\/users\/2"}],"replies":[{"embeddable":true,"href":"https:\/\/lospoliticosveracruz.com.mx\/index.php?rest_route=%2Fwp%2Fv2%2Fcomments&post=28638"}],"version-history":[{"count":1,"href":"https:\/\/lospoliticosveracruz.com.mx\/index.php?rest_route=\/wp\/v2\/posts\/28638\/revisions"}],"predecessor-version":[{"id":28645,"href":"https:\/\/lospoliticosveracruz.com.mx\/index.php?rest_route=\/wp\/v2\/posts\/28638\/revisions\/28645"}],"wp:attachment":[{"href":"https:\/\/lospoliticosveracruz.com.mx\/index.php?rest_route=%2Fwp%2Fv2%2Fmedia&parent=28638"}],"wp:term":[{"taxonomy":"category","embeddable":true,"href":"https:\/\/lospoliticosveracruz.com.mx\/index.php?rest_route=%2Fwp%2Fv2%2Fcategories&post=28638"},{"taxonomy":"post_tag","embeddable":true,"href":"https:\/\/lospoliticosveracruz.com.mx\/index.php?rest_route=%2Fwp%2Fv2%2Ftags&post=28638"}],"curies":[{"name":"wp","href":"https:\/\/api.w.org\/{rel}","templated":true}]}}