{"id":28680,"date":"2016-12-07T12:00:11","date_gmt":"2016-12-07T18:00:11","guid":{"rendered":"http:\/\/www.lospoliticosveracruz.com.mx\/?p=28680"},"modified":"2016-12-07T12:01:10","modified_gmt":"2016-12-07T18:01:10","slug":"nuno-chong-y-ruiz-esparza-en-la-agenda-de-mayl","status":"publish","type":"post","link":"https:\/\/lospoliticosveracruz.com.mx\/?p=28680","title":{"rendered":"Nu\u00f1o, Chong y Ruiz Esparza, en la agenda de MAYL"},"content":{"rendered":"<p>&nbsp;<\/p>\n<p>En el aeropuerto Heriberto Jara Corona, del puerto jarocho, previo a tomar vuelo comercial con rumbo a la Ciudad de M\u00e9xico, el Gobernador de Veracruz, Miguel \u00c1ngel Yunes Linares, inform\u00f3 que esta tarde se reunir\u00e1 con Secretarios del Gobierno Federal para tratar temas prioritarios para la entidad.<\/p>\n<p>En primer lugar, sostendr\u00e1 una reuni\u00f3n con el titular de la Secretar\u00eda de Educaci\u00f3n P\u00fablica, Aurelio Nu\u00f1o Mayer, con quien abordar\u00e1 temas para mejorar la calidad educativa.<\/p>\n<p>Otro de los temas prioritarios a tratar en la reuni\u00f3n con el titular de la SEP, indic\u00f3, es la del mejoramiento de espacios educativos, para garantizar a ni\u00f1os y j\u00f3venes veracruzanos sitios dignos donde estudiar y desarrollarse.<\/p>\n<p>Por la tarde de este mi\u00e9rcoles, el Gobernador Yunes se reunir\u00e1 tambi\u00e9n con el Secretario de Gobernaci\u00f3n, Miguel \u00c1ngel Osorio Chong, para abordar el tema de la seguridad en el Estado, dio a conocer.<\/p>\n<p>Asimismo, sostendr\u00e1 una reuni\u00f3n con el Secretario de Comunicaciones y Transportes, Gerardo Ruiz Esparza, para analizar el Presupuesto 2017 destinado a Veracruz, e insistir en la urgencia de que obras carreteras de vital importancia para el Estado se puedan acelerar el pr\u00f3ximo a\u00f1o.<\/p>\n","protected":false},"excerpt":{"rendered":"<p>&nbsp; En el aeropuerto Heriberto Jara Corona, del puerto jarocho, previo a tomar vuelo comercial con rumbo a la Ciudad de M\u00e9xico, el Gobernador de Veracruz, Miguel \u00c1ngel Yunes Linares, inform\u00f3 que esta tarde se reunir\u00e1 con Secretarios del Gobierno Federal para tratar temas prioritarios para la entidad. En primer lugar, sostendr\u00e1 una reuni\u00f3n con [&hellip;]<\/p>\n","protected":false},"author":2,"featured_media":0,"comment_status":"open","ping_status":"open","sticky":false,"template":"","format":"standard","meta":{"_jetpack_newsletter_access":"","_jetpack_dont_email_post_to_subs":false,"_jetpack_newsletter_tier_id":0,"_jetpack_memberships_contains_paywalled_content":false,"_jetpack_memberships_contains_paid_content":false,"footnotes":""},"categories":[73],"tags":[6850,445,428],"class_list":["post-28680","post","type-post","status-publish","format-standard","hentry","category-de-boleto","tag-gerardo-ruiz-esparza","tag-miguel-angel-osorio-chong","tag-miguel-angel-yunes-linares"],"jetpack_featured_media_url":"","jetpack_sharing_enabled":true,"jetpack_shortlink":"https:\/\/wp.me\/p4Qcd3-7sA","_links":{"self":[{"href":"https:\/\/lospoliticosveracruz.com.mx\/index.php?rest_route=\/wp\/v2\/posts\/28680","targetHints":{"allow":["GET"]}}],"collection":[{"href":"https:\/\/lospoliticosveracruz.com.mx\/index.php?rest_route=\/wp\/v2\/posts"}],"about":[{"href":"https:\/\/lospoliticosveracruz.com.mx\/index.php?rest_route=\/wp\/v2\/types\/post"}],"author":[{"embeddable":true,"href":"https:\/\/lospoliticosveracruz.com.mx\/index.php?rest_route=\/wp\/v2\/users\/2"}],"replies":[{"embeddable":true,"href":"https:\/\/lospoliticosveracruz.com.mx\/index.php?rest_route=%2Fwp%2Fv2%2Fcomments&post=28680"}],"version-history":[{"count":2,"href":"https:\/\/lospoliticosveracruz.com.mx\/index.php?rest_route=\/wp\/v2\/posts\/28680\/revisions"}],"predecessor-version":[{"id":28682,"href":"https:\/\/lospoliticosveracruz.com.mx\/index.php?rest_route=\/wp\/v2\/posts\/28680\/revisions\/28682"}],"wp:attachment":[{"href":"https:\/\/lospoliticosveracruz.com.mx\/index.php?rest_route=%2Fwp%2Fv2%2Fmedia&parent=28680"}],"wp:term":[{"taxonomy":"category","embeddable":true,"href":"https:\/\/lospoliticosveracruz.com.mx\/index.php?rest_route=%2Fwp%2Fv2%2Fcategories&post=28680"},{"taxonomy":"post_tag","embeddable":true,"href":"https:\/\/lospoliticosveracruz.com.mx\/index.php?rest_route=%2Fwp%2Fv2%2Ftags&post=28680"}],"curies":[{"name":"wp","href":"https:\/\/api.w.org\/{rel}","templated":true}]}}