{"id":28738,"date":"2016-12-08T11:07:37","date_gmt":"2016-12-08T17:07:37","guid":{"rendered":"http:\/\/www.lospoliticosveracruz.com.mx\/?p=28738"},"modified":"2016-12-08T11:08:04","modified_gmt":"2016-12-08T17:08:04","slug":"en-sinaloa-10-mil-con-certificados-de-la-upav","status":"publish","type":"post","link":"https:\/\/lospoliticosveracruz.com.mx\/?p=28738","title":{"rendered":"En Sinaloa, 10 mil con certificados de la UPAV"},"content":{"rendered":"<p>SPI Veracruz<\/p>\n<p>&nbsp;<\/p>\n<p>El gobernador Miguel \u00c1ngel Yunes Linares se reunir\u00e1 con el secretario de Educaci\u00f3n P\u00fablica, Aurelio Nu\u00f1o, para analizar una problem\u00e1tica grave que se detect\u00f3 en la\u00a0<span lang=\"ES\">Universidad Popular Aut\u00f3noma de Veracruz (UPAV).<\/span><\/p>\n<p><span lang=\"ES\">Mencion\u00f3 que la SEP cuenta con informaci\u00f3n sobre la UPAV que resulta preocupante, como, por ejemplo, que emiti\u00f3 100 mil certificados desde su creaci\u00f3n a la fecha.<\/span><\/p>\n<p><span lang=\"ES\">Adem\u00e1s, explic\u00f3 que 10 mil de los 100 mil certificados emitidos por la UPAV corresponden a personas que radican en el estado de Sinaloa.<\/span><\/p>\n<p><span lang=\"ES\">Advirti\u00f3 que no permitir\u00e1 que\u00a0<\/span>la\u00a0<span lang=\"ES\">Universidad Popular Aut\u00f3noma de Veracruz represente un enga\u00f1o para los veracruzanos.<\/span><\/p>\n<p><span lang=\"ES\">\u201cLa UPAV ha emitido m\u00e1s de 100 mil certificados, es una cosa, por ejemplo, en Sinaloa hay 10 mil personas que tienen certificado de la UPAV, eso no puede ser, lo tenemos que evaluar, no estoy dispuesto a que la UPAV sea un enga\u00f1o a los veracruzanos, si queremos alternativas de estudio hay que generar alternativas de estudio superiores, de buena calidad, ciertas, que no enga\u00f1en a la gente\u201d, expres\u00f3.<\/span><\/p>\n<p>Coment\u00f3 que otra de las observaciones detectadas en la UPAV es la relativa a las cuotas de recuperaci\u00f3n, ya que ingresan a una asociaci\u00f3n civil y no a la Secretar\u00eda de Finanzas y Planeaci\u00f3n, lo cual impide conocer cu\u00e1ntos recursos maneje por su operaci\u00f3n.<\/p>\n<p>Al cuestionarlo sobre los supuestos aviadores detectados en la Secretar\u00eda de Educaci\u00f3n de Veracruz, advirti\u00f3 que quienes cobren un sueldo sin devengarlo tendr\u00e1n que darse de baja de la n\u00f3mina del Gobierno del Estado.<\/p>\n<p>Incluso, dijo que recibir\u00e1 informaci\u00f3n sobre los maestros federales y estatales que acuden a sus centros de trabajo y aquellos que faltan.<\/p>\n<p><span lang=\"ES\">\u201cEllos tienen un sistema muy eficiente, toda vez que levantaron un censo en 2015, levantaron un censo y lo vienen actualizando a trav\u00e9s de un procedimiento que lo denominan 911, es decir, est\u00e1n permanentemente recibiendo informaci\u00f3n de las escuelas, de los centros de estudios, para saber qu\u00e9 maestros est\u00e1n acudiendo y quienes no, el d\u00eda de hoy nos van a dar la informaci\u00f3n relativa al estado de Veracruz en lo que se refiere a maestros federales y estatales tambi\u00e9n\u201d, remat\u00f3.<\/span><\/p>\n","protected":false},"excerpt":{"rendered":"<p>SPI Veracruz &nbsp; El gobernador Miguel \u00c1ngel Yunes Linares se reunir\u00e1 con el secretario de Educaci\u00f3n P\u00fablica, Aurelio Nu\u00f1o, para analizar una problem\u00e1tica grave que se detect\u00f3 en la\u00a0Universidad Popular Aut\u00f3noma de Veracruz (UPAV). Mencion\u00f3 que la SEP cuenta con informaci\u00f3n sobre la UPAV que resulta preocupante, como, por ejemplo, que emiti\u00f3 100 mil certificados [&hellip;]<\/p>\n","protected":false},"author":2,"featured_media":0,"comment_status":"open","ping_status":"open","sticky":false,"template":"","format":"standard","meta":{"_jetpack_newsletter_access":"","_jetpack_dont_email_post_to_subs":false,"_jetpack_newsletter_tier_id":0,"_jetpack_memberships_contains_paywalled_content":false,"_jetpack_memberships_contains_paid_content":false,"footnotes":""},"categories":[6446],"tags":[2178,428,6868],"class_list":["post-28738","post","type-post","status-publish","format-standard","hentry","category-la-nota","tag-fraude","tag-miguel-angel-yunes-linares","tag-sinaloa"],"jetpack_featured_media_url":"","jetpack_sharing_enabled":true,"jetpack_shortlink":"https:\/\/wp.me\/p4Qcd3-7tw","_links":{"self":[{"href":"https:\/\/lospoliticosveracruz.com.mx\/index.php?rest_route=\/wp\/v2\/posts\/28738","targetHints":{"allow":["GET"]}}],"collection":[{"href":"https:\/\/lospoliticosveracruz.com.mx\/index.php?rest_route=\/wp\/v2\/posts"}],"about":[{"href":"https:\/\/lospoliticosveracruz.com.mx\/index.php?rest_route=\/wp\/v2\/types\/post"}],"author":[{"embeddable":true,"href":"https:\/\/lospoliticosveracruz.com.mx\/index.php?rest_route=\/wp\/v2\/users\/2"}],"replies":[{"embeddable":true,"href":"https:\/\/lospoliticosveracruz.com.mx\/index.php?rest_route=%2Fwp%2Fv2%2Fcomments&post=28738"}],"version-history":[{"count":1,"href":"https:\/\/lospoliticosveracruz.com.mx\/index.php?rest_route=\/wp\/v2\/posts\/28738\/revisions"}],"predecessor-version":[{"id":28740,"href":"https:\/\/lospoliticosveracruz.com.mx\/index.php?rest_route=\/wp\/v2\/posts\/28738\/revisions\/28740"}],"wp:attachment":[{"href":"https:\/\/lospoliticosveracruz.com.mx\/index.php?rest_route=%2Fwp%2Fv2%2Fmedia&parent=28738"}],"wp:term":[{"taxonomy":"category","embeddable":true,"href":"https:\/\/lospoliticosveracruz.com.mx\/index.php?rest_route=%2Fwp%2Fv2%2Fcategories&post=28738"},{"taxonomy":"post_tag","embeddable":true,"href":"https:\/\/lospoliticosveracruz.com.mx\/index.php?rest_route=%2Fwp%2Fv2%2Ftags&post=28738"}],"curies":[{"name":"wp","href":"https:\/\/api.w.org\/{rel}","templated":true}]}}