{"id":28918,"date":"2016-12-11T16:26:57","date_gmt":"2016-12-11T22:26:57","guid":{"rendered":"http:\/\/www.lospoliticosveracruz.com.mx\/?p=28918"},"modified":"2016-12-11T16:26:57","modified_gmt":"2016-12-11T22:26:57","slug":"canto-del-matadero","status":"publish","type":"post","link":"https:\/\/lospoliticosveracruz.com.mx\/?p=28918","title":{"rendered":"Canto del matadero"},"content":{"rendered":"<p>\u201cCANTO DEL MATADERO\u201d, la nueva obra art\u00edstica de Abraham Oceransky, lleva a escena a un comendador con la promesa de proteger a un pueblo en ruinas proponiendo mejoras, tras lo cual miente, tiraniza el lugar, viola mujeres, roba posesiones a los ancianos y a los ricos, contrata un ej\u00e9rcito para uso personal malversando fondos, entre muchas otras cosas innombrables, despertando as\u00ed el \u00e1nimo colectivo de la demanda y el reclamo, ante situaciones marcadamente injustas, inexplicables y altamente irritantes para todas las capas sociales.<\/p>\n<p>Y la historia, se repite\u2026<\/p>\n<p>Sin que pretenda ser profec\u00eda, este poema esc\u00e9nico\u00a0de Abraham Oceransky, con trazos en su pl\u00e1stica que nos hacen recordar a Brueghel y El Bosco, basado en el texto espa\u00f1ol de Lope de Vega, retoma la an\u00e9cdota de una noche del mes de abril de mil cuatrocientos setenta y seis, cuando los pobladores de Fuente Ovejuna se unieron para dar muerte a Fern\u00e1n G\u00f3mez de Guzm\u00e1n, Comendador Mayor de Calatrava, por los muchos agravios realizados. Entraron a su casa, lo mataron a palos y a pedradas. Sobre el caso fueron enviados jueces pesquisidores que atormentaron por igual a sus habitantes: mujeres, hombres, ancianos y ni\u00f1os, a los marginados y a los ricos. Todos ellos, sumados al fin, y a pesar de los crudos tormentos recibidos, a la incansable pregunta de los jueces \u201c\u00bfqui\u00e9n fue?\u201d s\u00f3lo se escuch\u00f3 al un\u00edsono y como \u00fanica respuesta: \u201cFuente Ovejuna, se\u00f1or\u201d.<\/p>\n<p>Montaje claro-oscuro, de potente voltaje energ\u00e9tico con elementos que incluyen canto, danza, artes pl\u00e1sticas y ritual, es as\u00ed como se presenta \u201cCANTO DEL MATADERO\u201d, trabajo resultado del proyecto compa\u00f1\u00eda con alumnos de la Facultad de Teatro de la Universidad Veracruzana, una forma, dicen ellos mismos, de hacer teatro de denuncia por parte de los estudiantes, un llamado de atenci\u00f3n a las injusticias que ya ha sufrido el pueblo, un aviso para sensibilizar y concientizar a la humanidad.<\/p>\n<p>La temporada cierra el pr\u00f3ximo martes 13 de diciembre del presente a\u00f1o con funciones diarias en el siguiente horario: lunes a viernes a las 20:00 horas, s\u00e1bado y domingo a las 19:00 horas. La cita es para adolescentes y adultos en el Foro Torre Lapham de la Unidad de Artes de la UV: Belisario Dom\u00ednguez 25. Recomendamos vengan a verla antes del cierre, seguramente querr\u00e1n regresar.<\/p>\n","protected":false},"excerpt":{"rendered":"<p>\u201cCANTO DEL MATADERO\u201d, la nueva obra art\u00edstica de Abraham Oceransky, lleva a escena a un comendador con la promesa de proteger a un pueblo en ruinas proponiendo mejoras, tras lo cual miente, tiraniza el lugar, viola mujeres, roba posesiones a los ancianos y a los ricos, contrata un ej\u00e9rcito para uso personal malversando fondos, entre [&hellip;]<\/p>\n","protected":false},"author":2,"featured_media":0,"comment_status":"open","ping_status":"open","sticky":false,"template":"","format":"standard","meta":{"_jetpack_newsletter_access":"","_jetpack_dont_email_post_to_subs":false,"_jetpack_newsletter_tier_id":0,"_jetpack_memberships_contains_paywalled_content":false,"_jetpack_memberships_contains_paid_content":false,"footnotes":""},"categories":[73],"tags":[6899,6901,6900],"class_list":["post-28918","post","type-post","status-publish","format-standard","hentry","category-de-boleto","tag-cantos-del-matadero","tag-fuente-ovejuna","tag-lope-de-vega"],"jetpack_featured_media_url":"","jetpack_sharing_enabled":true,"jetpack_shortlink":"https:\/\/wp.me\/p4Qcd3-7wq","_links":{"self":[{"href":"https:\/\/lospoliticosveracruz.com.mx\/index.php?rest_route=\/wp\/v2\/posts\/28918","targetHints":{"allow":["GET"]}}],"collection":[{"href":"https:\/\/lospoliticosveracruz.com.mx\/index.php?rest_route=\/wp\/v2\/posts"}],"about":[{"href":"https:\/\/lospoliticosveracruz.com.mx\/index.php?rest_route=\/wp\/v2\/types\/post"}],"author":[{"embeddable":true,"href":"https:\/\/lospoliticosveracruz.com.mx\/index.php?rest_route=\/wp\/v2\/users\/2"}],"replies":[{"embeddable":true,"href":"https:\/\/lospoliticosveracruz.com.mx\/index.php?rest_route=%2Fwp%2Fv2%2Fcomments&post=28918"}],"version-history":[{"count":1,"href":"https:\/\/lospoliticosveracruz.com.mx\/index.php?rest_route=\/wp\/v2\/posts\/28918\/revisions"}],"predecessor-version":[{"id":28927,"href":"https:\/\/lospoliticosveracruz.com.mx\/index.php?rest_route=\/wp\/v2\/posts\/28918\/revisions\/28927"}],"wp:attachment":[{"href":"https:\/\/lospoliticosveracruz.com.mx\/index.php?rest_route=%2Fwp%2Fv2%2Fmedia&parent=28918"}],"wp:term":[{"taxonomy":"category","embeddable":true,"href":"https:\/\/lospoliticosveracruz.com.mx\/index.php?rest_route=%2Fwp%2Fv2%2Fcategories&post=28918"},{"taxonomy":"post_tag","embeddable":true,"href":"https:\/\/lospoliticosveracruz.com.mx\/index.php?rest_route=%2Fwp%2Fv2%2Ftags&post=28918"}],"curies":[{"name":"wp","href":"https:\/\/api.w.org\/{rel}","templated":true}]}}