{"id":29184,"date":"2016-12-13T19:16:33","date_gmt":"2016-12-14T01:16:33","guid":{"rendered":"http:\/\/www.lospoliticosveracruz.com.mx\/?p=29184"},"modified":"2016-12-13T19:16:33","modified_gmt":"2016-12-14T01:16:33","slug":"se-echa-el-tercero-americo-este-miercoles","status":"publish","type":"post","link":"https:\/\/lospoliticosveracruz.com.mx\/?p=29184","title":{"rendered":"Se echa el tercero Am\u00e9rico, este mi\u00e9rcoles"},"content":{"rendered":"<p>Este mi\u00e9rcoles 14 de diciembre, a las 19:00 horas, el alcalde Am\u00e9rico Z\u00fa\u00f1iga Mart\u00ednez presentar\u00e1 en el auditorio de la Iniciativa Municipal de Arte y Cultura (IMAC) su Tercer Informe de Gobierno, en el que realizar\u00e1 un repaso de las obras y acciones emprendidas en beneficio de Xalapa.<\/p>\n<p>El mun\u00edcipe explic\u00f3 que en este informe se incluir\u00e1 un recuento de los tres a\u00f1os de labores de la administraci\u00f3n municipal, en los que, a pesar de las dificultades econ\u00f3micas generadas por los adeudos del Gobierno del Estado, se ha trabajado para conseguir que la capital veracruzana sea m\u00e1s m\u00e1s moderna y competitiva.<\/p>\n<p>Referir\u00e1 los diferentes logros alcanzados en materia de obra p\u00fablica, infraestructura hidr\u00e1ulica y sanitaria, servicios municipales, salud, alumbrado, limpia p\u00fablica, desarrollo econ\u00f3mico y desarrollo social, entre otros rubros.<\/p>\n<p>Durante su informe Z\u00fa\u00f1iga Mart\u00ednez estar\u00e1 acompa\u00f1ado del Cabildo xalape\u00f1o, integrado por la s\u00edndica Michelle Serv\u00edn Gonz\u00e1lez; los regidores Rogelio Jes\u00fas \u00c1lvarez Arroyo, Ignacio Eliezer V\u00e1squez L\u00f3pez, Nelly Reyes L\u00f3pez, Lino Jim\u00e9nez G\u00f3mez, Mart\u00edn Victoriano Espinoza Rold\u00e1n, Ana Karina Platas C\u00f3rdoba, Leticia Amira Delgado Hern\u00e1ndez, Ignacio Valent\u00edn Flores Aguayo, Julia Francisca Vel\u00e1zquez \u00c1valos, Silem Garc\u00eda Pe\u00f1a, Jorge Huitr\u00f3n L\u00f3pez, Daniel Fern\u00e1ndez Carri\u00f3n, y la Secretaria del Ayuntamiento, Mar\u00eda Amparo \u00c1lvarez Castilla.<\/p>\n<p>Asimismo, asistir\u00e1n servidores p\u00fablicos municipales, estatales y federales; empresarios; representantes de la sociedad civil y de los medios de comunicaci\u00f3n, quienes atestiguar\u00e1n los resultados de la administraci\u00f3n municipal.<\/p>\n<p>Cabe se\u00f1alar que el evento se realizar\u00e1 en el IMAC, un inmueble emblem\u00e1tico de la ciudad, reformado por la presente administraci\u00f3n municipal para el impulso del arte y la cultura.<\/p>\n<p>Despu\u00e9s de d\u00e9cadas de abandono, con una inversi\u00f3n de unos 22 millones de pesos el Ayuntamiento reconstruy\u00f3 este espacio con el apoyo del Gobierno de la Rep\u00fablica, a trav\u00e9s de la Secretar\u00eda de Desarrollo Agrario, Territorial y Urbano.<\/p>\n","protected":false},"excerpt":{"rendered":"<p>Este mi\u00e9rcoles 14 de diciembre, a las 19:00 horas, el alcalde Am\u00e9rico Z\u00fa\u00f1iga Mart\u00ednez presentar\u00e1 en el auditorio de la Iniciativa Municipal de Arte y Cultura (IMAC) su Tercer Informe de Gobierno, en el que realizar\u00e1 un repaso de las obras y acciones emprendidas en beneficio de Xalapa. El mun\u00edcipe explic\u00f3 que en este informe [&hellip;]<\/p>\n","protected":false},"author":2,"featured_media":0,"comment_status":"open","ping_status":"open","sticky":false,"template":"","format":"standard","meta":{"_jetpack_newsletter_access":"","_jetpack_dont_email_post_to_subs":false,"_jetpack_newsletter_tier_id":0,"_jetpack_memberships_contains_paywalled_content":false,"_jetpack_memberships_contains_paid_content":false,"footnotes":""},"categories":[73],"tags":[483,4345],"class_list":["post-29184","post","type-post","status-publish","format-standard","hentry","category-de-boleto","tag-americo-zuniga","tag-informe-de-gobierno"],"jetpack_featured_media_url":"","jetpack_sharing_enabled":true,"jetpack_shortlink":"https:\/\/wp.me\/p4Qcd3-7AI","_links":{"self":[{"href":"https:\/\/lospoliticosveracruz.com.mx\/index.php?rest_route=\/wp\/v2\/posts\/29184","targetHints":{"allow":["GET"]}}],"collection":[{"href":"https:\/\/lospoliticosveracruz.com.mx\/index.php?rest_route=\/wp\/v2\/posts"}],"about":[{"href":"https:\/\/lospoliticosveracruz.com.mx\/index.php?rest_route=\/wp\/v2\/types\/post"}],"author":[{"embeddable":true,"href":"https:\/\/lospoliticosveracruz.com.mx\/index.php?rest_route=\/wp\/v2\/users\/2"}],"replies":[{"embeddable":true,"href":"https:\/\/lospoliticosveracruz.com.mx\/index.php?rest_route=%2Fwp%2Fv2%2Fcomments&post=29184"}],"version-history":[{"count":1,"href":"https:\/\/lospoliticosveracruz.com.mx\/index.php?rest_route=\/wp\/v2\/posts\/29184\/revisions"}],"predecessor-version":[{"id":29188,"href":"https:\/\/lospoliticosveracruz.com.mx\/index.php?rest_route=\/wp\/v2\/posts\/29184\/revisions\/29188"}],"wp:attachment":[{"href":"https:\/\/lospoliticosveracruz.com.mx\/index.php?rest_route=%2Fwp%2Fv2%2Fmedia&parent=29184"}],"wp:term":[{"taxonomy":"category","embeddable":true,"href":"https:\/\/lospoliticosveracruz.com.mx\/index.php?rest_route=%2Fwp%2Fv2%2Fcategories&post=29184"},{"taxonomy":"post_tag","embeddable":true,"href":"https:\/\/lospoliticosveracruz.com.mx\/index.php?rest_route=%2Fwp%2Fv2%2Ftags&post=29184"}],"curies":[{"name":"wp","href":"https:\/\/api.w.org\/{rel}","templated":true}]}}