{"id":29650,"date":"2016-12-22T00:14:32","date_gmt":"2016-12-22T06:14:32","guid":{"rendered":"http:\/\/www.lospoliticosveracruz.com.mx\/?p=29650"},"modified":"2016-12-22T00:20:13","modified_gmt":"2016-12-22T06:20:13","slug":"la-promesa-vial-de-yunes","status":"publish","type":"post","link":"https:\/\/lospoliticosveracruz.com.mx\/?p=29650","title":{"rendered":"La promesa vial de Yunes"},"content":{"rendered":"<p><strong>Salvador Mu\u00f1oz<\/strong><\/p>\n<p><em>Los Pol\u00edticos<\/em><\/p>\n<p>Transitamos por una de las tantas arterias de Xalapa y de repente, en una esquina, por los azares del destino vial, nos ubicamos en la parte trasera de un cami\u00f3n de servicio urbano. La historia, al menos para los \u201catenienses\u201d es de seguro conocida: una tremenda bocanada de humo que adem\u00e1s de oscurecer nuestro panorama, obliga a cerrar en su totalidad las ventanillas. Por si eso fuera poco, no alcanzamos a ver el n\u00famero econ\u00f3mico, en algunos casos, borrado por la inclemencia del tiempo y negligencia de sus due\u00f1os; en \u00e9ste, oculto entre una propaganda de alg\u00fan musical, alg\u00fan evento, alg\u00fan \u201cno recuerdo\u201d. \u00a1Y para rematar! el \u201curbano\u201d carece de \u201ccalaveras\u201d y sus \u201cstop\u201d ni parpadean.<\/p>\n<p>Acordamos que si el gobierno estatal quisiera dinero, en muchas de estas unidades de servicio p\u00fablico podr\u00eda estar la soluci\u00f3n aplicando s\u00f3lo el reglamento de Tr\u00e1nsito ya sin citar las leyes en torno al medio ambiente. Es decir, aplicar multas.<\/p>\n<p>Se tiene la creencia que el Pulpo Camionero siempre estuvo bajo la protecci\u00f3n del R\u00e9gimen priista por ser \u00e9stos quienes prestaban unidades y choferes para el acarreo de la militancia y que por eso, a pesar del examen que le hacen a los carros (verificaci\u00f3n vehicular, me corrige y se burla la mujer&#8230; lo malo de no manejar), los \u201curbanos\u201d dejaban de ser transporte p\u00fablico para pasar a ser aut\u00e9nticas m\u00e1quinas contaminantes que circulan sin el menor recato a alg\u00fan reglamento, porque \u00bfha hecho uso del servicio urbano en Xalapa?<\/p>\n<p>A m\u00ed no me gusta, pero a veces, en un esp\u00edritu aventurero, tipo Indiana Jones (cuando la traves\u00eda a pie es mucha, no puedo llevar la moto o simplemente no me alcanza para el taxi [otro tema a tratar]), lo abordo, trato de entender el porqu\u00e9 el chofer no responde al \u201cBuenos d\u00edas\u201d y s\u00f3lo hunde en mi mano el boleto y cambio; me obliga a pronto sujetarme de los pasamanos y afianzarme, si alcanzo asiento, sobre el respaldo que tengo enfrente. Pero eso es nada&#8230; el asunto es tener que chutarme la depresiva \u201cchunchaka\u201d a todo volumen para que el respetable al menos vaya musicalizado en la traves\u00eda. Tampoco hay que agradecerle si lleva aud\u00edfonos, porque ello implica que en una de \u00e9sas, atienda su reproductor musical, los mensajes que le llegan al cel o hasta responder llamadas distrayendo su conducci\u00f3n.<\/p>\n<p>El pasado 8 de marzo, Miguel \u00c1ngel Yunes Linares hizo una promesa de campa\u00f1a, v\u00eda redes sociales a trav\u00e9s de un video: \u201cEn mi gobierno no habr\u00e1 fotomultas. En mi gobierno habr\u00e1 educaci\u00f3n vial. Habr\u00e1 respeto a la legalidad. Invitar\u00e9 a los veracruzanos, a que de manera voluntaria, acaten las normas de tr\u00e1nsito para evitar accidentes y problemas viales. Es muy injusto que estando la econom\u00eda tan afectada, no habiendo empleos, con gente tan pobre, hoy se les quiera lastimar imponi\u00e9ndoles multas. Las voy a quitar. Es mi compromiso\u201d. Y remataba el video con el siguiente anuncio: \u201cLas c\u00e1maras deben servir para perseguir delincuentes, no ciudadanos\u201d.<\/p>\n<p>No s\u00e9 qu\u00e9 tan cierto haya sido el uso de las c\u00e1maras para generar \u201cfotomultas\u201d fantasma (muy de moda lo paranormal en el pasado gobierno), pero lo que s\u00ed s\u00e9 es que al menos yo, en la motocicleta, circulaba tranquilamente a 60 \u00f3 50 km\/h. Hoy, veo carros que a ojo de buen cubero, f\u00e1cilmente circulan por L\u00e1zaro C\u00e1rdenas por arriba de los 90 km\/h o si no es que m\u00e1s.<\/p>\n<p>Realmente no creo que las fotomultas fueran malas. Bastaba con mantener una velocidad y si uno estaba en contra del sistema, del r\u00e9gimen, de las multas, la mejor manera de joder al gobierno era \u00a1respetando la Ley! as\u00ed, cu\u00e1l ingreso.<\/p>\n<p>No espero que regresen las fotomultas&#8230; tan s\u00f3lo imaginarlo fue suficiente para que la Mujer me echara ojos de pistola, pero s\u00ed espero que Tr\u00e1nsito del Estado y Medio Ambiente apliquen el reglamento. \u00bfQuieren dinero? Se\u00f1ores, pues hay que salir del centro de Xalapa y de su principal arteria. \u00a1Vayan de excursi\u00f3n!, ver\u00e1n de qu\u00e9 manera tan sencilla se violan las leyes o reglamentos en toda la ciudad.<\/p>\n<p>Quiz\u00e1s siendo m\u00e1s atento a las cosas m\u00e1s simples, como es moderar la velocidad, exigir la verificaci\u00f3n vehicular, que Medio Ambiente deje de verse a medias, se eviten accidentes, porque lejos de entender como un beneficio el eliminar las \u201cFotomultas\u201d, se ve como una patente de corso para circular como en pista de carreras, al menos en lo que me toca (sobre)vivir en la L\u00e1zaro C\u00e1rdenas, que ayer cobr\u00f3 cuatro muertos (entre ellos dos menores) y varios heridos porque una pipa se qued\u00f3 sin frenos e impact\u00f3 a varios veh\u00edculos, dicen que diez, en su marcha desbocada&#8230; \u00bfpues a cu\u00e1nta velocidad vendr\u00eda?<\/p>\n<p><strong>EXHIBIDOTA TRICOLOR<\/strong><\/p>\n<p>Al menos hasta la tarde de ayer, ni en el CEN ni en el CDE del PRI parec\u00eda que hubieran acusado recibo del requerimiento que les hizo el Tribunal Electoral de Veracruz para que pusieran en estrados, en alg\u00fan lugar p\u00fablico, visible, a la vista de todos, el Juicio para la Protecci\u00f3n de los Derechos Pol\u00edtico-Electorales del Ciudadano que interpusieron militantes del partido encabezados por Lorena Pi\u00f1\u00f3n.<\/p>\n<p>Por cierto, la vecina de San Rafael no s\u00f3lo fue requerida por medios para entrevistas, o por militantes del PRI para reiterarle su apoyo en aras de que se renueve el Comit\u00e9 Directivo Estatal al que muchos ya consideran \u201cespurio\u201d&#8230; dicen que desde las altas esferas (y no navide\u00f1as) la llamaron <em>quesque<\/em> para conocer personalmente su lucha partidista&#8230; por lo mientras, habr\u00e1 que ver ma\u00f1ana si Amadeo y Enrique ya recibieron el requerimiento y lo hacen patente a la vista de todos&#8230; estaremos pendientes con la fotograf\u00eda.<\/p>\n<p><a href=\"http:\/\/www.lospoliticosveracruz.com.mx\/wp-content\/uploads\/2016\/12\/Requerimiento14.jpeg\"><img loading=\"lazy\" decoding=\"async\" class=\"aligncenter size-full wp-image-29667\" src=\"http:\/\/www.lospoliticosveracruz.com.mx\/wp-content\/uploads\/2016\/12\/Requerimiento14.jpeg\" alt=\"Requerimiento\" width=\"600\" height=\"508\" \/><\/a><\/p>\n<p>&nbsp;<\/p>\n<p>smcainito@gmail.com<\/p>\n","protected":false},"excerpt":{"rendered":"<p>Salvador Mu\u00f1oz Los Pol\u00edticos Transitamos por una de las tantas arterias de Xalapa y de repente, en una esquina, por los azares del destino vial, nos ubicamos en la parte trasera de un cami\u00f3n de servicio urbano. La historia, al menos para los \u201catenienses\u201d es de seguro conocida: una tremenda bocanada de humo que adem\u00e1s [&hellip;]<\/p>\n","protected":false},"author":2,"featured_media":0,"comment_status":"open","ping_status":"open","sticky":false,"template":"","format":"standard","meta":{"_jetpack_newsletter_access":"","_jetpack_dont_email_post_to_subs":false,"_jetpack_newsletter_tier_id":0,"_jetpack_memberships_contains_paywalled_content":false,"_jetpack_memberships_contains_paid_content":false,"footnotes":""},"categories":[70],"tags":[2983,2150,1070,6998],"class_list":["post-29650","post","type-post","status-publish","format-standard","hentry","category-de-opinion","tag-fotomultas","tag-lazaro-cardenas","tag-lorena-pinon","tag-pipa"],"jetpack_featured_media_url":"","jetpack_sharing_enabled":true,"jetpack_shortlink":"https:\/\/wp.me\/p4Qcd3-7Ie","_links":{"self":[{"href":"https:\/\/lospoliticosveracruz.com.mx\/index.php?rest_route=\/wp\/v2\/posts\/29650","targetHints":{"allow":["GET"]}}],"collection":[{"href":"https:\/\/lospoliticosveracruz.com.mx\/index.php?rest_route=\/wp\/v2\/posts"}],"about":[{"href":"https:\/\/lospoliticosveracruz.com.mx\/index.php?rest_route=\/wp\/v2\/types\/post"}],"author":[{"embeddable":true,"href":"https:\/\/lospoliticosveracruz.com.mx\/index.php?rest_route=\/wp\/v2\/users\/2"}],"replies":[{"embeddable":true,"href":"https:\/\/lospoliticosveracruz.com.mx\/index.php?rest_route=%2Fwp%2Fv2%2Fcomments&post=29650"}],"version-history":[{"count":4,"href":"https:\/\/lospoliticosveracruz.com.mx\/index.php?rest_route=\/wp\/v2\/posts\/29650\/revisions"}],"predecessor-version":[{"id":29714,"href":"https:\/\/lospoliticosveracruz.com.mx\/index.php?rest_route=\/wp\/v2\/posts\/29650\/revisions\/29714"}],"wp:attachment":[{"href":"https:\/\/lospoliticosveracruz.com.mx\/index.php?rest_route=%2Fwp%2Fv2%2Fmedia&parent=29650"}],"wp:term":[{"taxonomy":"category","embeddable":true,"href":"https:\/\/lospoliticosveracruz.com.mx\/index.php?rest_route=%2Fwp%2Fv2%2Fcategories&post=29650"},{"taxonomy":"post_tag","embeddable":true,"href":"https:\/\/lospoliticosveracruz.com.mx\/index.php?rest_route=%2Fwp%2Fv2%2Ftags&post=29650"}],"curies":[{"name":"wp","href":"https:\/\/api.w.org\/{rel}","templated":true}]}}