{"id":2973,"date":"2014-03-04T03:17:00","date_gmt":"2014-03-04T03:17:00","guid":{"rendered":"http:\/\/www.lospoliticosveracruz.com.mx\/?p=2973"},"modified":"2014-10-10T03:00:50","modified_gmt":"2014-10-10T03:00:50","slug":"ley-general-de-educacion","status":"publish","type":"post","link":"https:\/\/lospoliticosveracruz.com.mx\/?p=2973","title":{"rendered":"Ley General de Educaci\u00f3n"},"content":{"rendered":"<p><b>Luis Alberto Romero<\/b><br \/><i>Hora Cero<\/i><\/p>\n<p>Tres meses despu\u00e9s de que los 32 gobernadores del pa\u00eds se reunieran en la sede de la Secretar\u00eda de Educaci\u00f3n P\u00fablica con el presidente Enrique Pe\u00f1a Nieto, para abordar, como tema central, la ruta a seguir en la reforma educativa, en Veracruz, el gobierno del estado turna a la Legislatura la iniciativa de la Ley General de Educaci\u00f3n.<br \/>El 3 de diciembre del a\u00f1o pasado, el ejecutivo federal plante\u00f3 a los gobernadores la hoja de ruta, que inclu\u00eda la asignaci\u00f3n de responsabilidades y plazos para implementar los cambios en las entidades del pa\u00eds.<a name='more'><\/a><br \/>Para esa fecha ya se hab\u00edan consumado en el \u00e1mbito federal, al menos en t\u00e9rminos legislativos, los cambios m\u00e1s importantes: la reforma Constitucional fue aprobada en el Congreso de la Uni\u00f3n el 21 de diciembre de 2012; y en febrero de 2013 fue promulgada por el presidente de la Rep\u00fablica, con el aval de la mayor\u00eda de las entidades.<br \/>El 10 de septiembre de ese mismo a\u00f1o, Enrique Pe\u00f1a Nieto promulga las leyes secundarias: la General de Educaci\u00f3n; la del Instituto Nacional para la Evaluaci\u00f3n de la Educaci\u00f3n; y la General del Servicio P\u00fablico Docente.<br \/>Los pasos siguientes representan un esfuerzo de las entidades del pa\u00eds para homologar sus respectivas legislaciones. Eso ocurri\u00f3 en Veracruz apenas este lunes, cuando el gobernador Javier Duarte anunci\u00f3 que la iniciativa ser\u00eda turnada al Congreso local, donde se prev\u00e9 una aprobaci\u00f3n inmediata, dadas las condiciones de mayor\u00eda calificada del PRI y sus partidos aliados, subordinados o sat\u00e9lites.<br \/>Lo cierto es que la realidad de nuestro pa\u00eds en materia educativa es muy pobre: el m\u00e1s reciente ejercicio confiable de valoraci\u00f3n ocurri\u00f3 en 2012, con el Programa para la Evaluaci\u00f3n Internacional de Estudiantes (Pisa); el resultado ubica a M\u00e9xico como uno de los pa\u00edses con mayor atraso: en matem\u00e1ticas, por ejemplo, nuestros estudiantes se encuentran 80 puntos abajo del promedio de la Organizaci\u00f3n para la Cooperaci\u00f3n y el Desarrollo Econ\u00f3mico; tardar\u00eda nuestro pa\u00eds 25 a\u00f1os en alcanzar a las naciones desarrolladas. En lectura, el nivel es todav\u00eda peor porque a este ritmo, nos llevar\u00eda 65 a\u00f1os alcanzar a los m\u00e1s adelantados de la lista de los 34 pa\u00edses que integran la OCDE.<br \/>Por otro lado, la prueba Enlace, que este a\u00f1o ya no se llev\u00f3 a efecto, consign\u00f3 en 2013 que en matem\u00e1ticas, la mitad de los alumnos de secundaria y preparatoria ten\u00edan un nivel insuficiente; son estudiantes que al incorporarse al \u00e1mbito laboral, dif\u00edcilmente podr\u00e1n tener un \u00f3ptimo desarrollo, dadas sus deficiencias y precaria formaci\u00f3n.<br \/>A ello se suma el hecho de que por cada 100 ni\u00f1os que ingresan a primaria, solo 66 terminan la secundaria; en el bachillerato quedan \u00fanicamente 25; y apenas 13 de ellos concluyen estudios profesionales.<br \/>Hasta hoy, el sistema educativo mexicano ha sido un fracaso, a pesar de que en este pa\u00eds, uno de cada cinco pesos se gasta en educaci\u00f3n.<br \/>A eso se debe el golpe de tim\u00f3n del gobierno federal y la l\u00ednea marcada a las entidades del pa\u00eds para que homologuen sus leyes. En Veracruz, donde la vida corre despacio, comenzaron las prisas porque el plazo para la aprobaci\u00f3n vence el 12 de este mes y de ah\u00ed la convocatoria para sesi\u00f3n extraordinaria en el Congreso local. @luisromero85<\/p>\n","protected":false},"excerpt":{"rendered":"<p>Luis Alberto RomeroHora Cero Tres meses despu\u00e9s de que los 32 gobernadores del pa\u00eds se reunieran en la sede de la Secretar\u00eda de Educaci\u00f3n P\u00fablica con el presidente Enrique Pe\u00f1a Nieto, para abordar, como tema central, la ruta a seguir en la reforma educativa, en Veracruz, el gobierno del estado turna a la Legislatura la [&hellip;]<\/p>\n","protected":false},"author":1,"featured_media":0,"comment_status":"open","ping_status":"open","sticky":false,"template":"","format":"standard","meta":{"_jetpack_newsletter_access":"","_jetpack_dont_email_post_to_subs":false,"_jetpack_newsletter_tier_id":0,"_jetpack_memberships_contains_paywalled_content":false,"_jetpack_memberships_contains_paid_content":false,"footnotes":""},"categories":[1],"tags":[],"class_list":["post-2973","post","type-post","status-publish","format-standard","hentry","category-sin-categoria"],"jetpack_featured_media_url":"","jetpack_sharing_enabled":true,"jetpack_shortlink":"https:\/\/wp.me\/p4Qcd3-LX","_links":{"self":[{"href":"https:\/\/lospoliticosveracruz.com.mx\/index.php?rest_route=\/wp\/v2\/posts\/2973","targetHints":{"allow":["GET"]}}],"collection":[{"href":"https:\/\/lospoliticosveracruz.com.mx\/index.php?rest_route=\/wp\/v2\/posts"}],"about":[{"href":"https:\/\/lospoliticosveracruz.com.mx\/index.php?rest_route=\/wp\/v2\/types\/post"}],"author":[{"embeddable":true,"href":"https:\/\/lospoliticosveracruz.com.mx\/index.php?rest_route=\/wp\/v2\/users\/1"}],"replies":[{"embeddable":true,"href":"https:\/\/lospoliticosveracruz.com.mx\/index.php?rest_route=%2Fwp%2Fv2%2Fcomments&post=2973"}],"version-history":[{"count":0,"href":"https:\/\/lospoliticosveracruz.com.mx\/index.php?rest_route=\/wp\/v2\/posts\/2973\/revisions"}],"wp:attachment":[{"href":"https:\/\/lospoliticosveracruz.com.mx\/index.php?rest_route=%2Fwp%2Fv2%2Fmedia&parent=2973"}],"wp:term":[{"taxonomy":"category","embeddable":true,"href":"https:\/\/lospoliticosveracruz.com.mx\/index.php?rest_route=%2Fwp%2Fv2%2Fcategories&post=2973"},{"taxonomy":"post_tag","embeddable":true,"href":"https:\/\/lospoliticosveracruz.com.mx\/index.php?rest_route=%2Fwp%2Fv2%2Ftags&post=2973"}],"curies":[{"name":"wp","href":"https:\/\/api.w.org\/{rel}","templated":true}]}}