{"id":2975,"date":"2014-03-03T17:44:00","date_gmt":"2014-03-03T17:44:00","guid":{"rendered":"http:\/\/www.lospoliticosveracruz.com.mx\/?p=2975"},"modified":"2014-10-10T03:00:50","modified_gmt":"2014-10-10T03:00:50","slug":"el-falso-debate-sobre-el-impuesto-predial","status":"publish","type":"post","link":"https:\/\/lospoliticosveracruz.com.mx\/?p=2975","title":{"rendered":"El falso debate sobre el impuesto predial"},"content":{"rendered":"<p><b>Emilio C\u00e1rdenas Escobosa <\/b><br \/><i>De Inter\u00e9s P\u00fablico<\/i><\/p>\n<p>  En los d\u00edas recientes se ha generado una pol\u00e9mica por la posibilidad de que el Gobierno de Veracruz administre el impuesto predial que cobran los municipios. Se trata de un falso debate que parte de no conocer los contenidos de la Reforma Hacendaria propuesta por el Gobierno de la Rep\u00fablica y que fue aprobada por el Congreso de la Uni\u00f3n en el mes de octubre de 2013. <a name='more'><\/a><br \/>Si nos tomamos la molestia de leer los documentos y la exposici\u00f3n de motivos de las modificaciones legales veremos que existe confusi\u00f3n por parte de quienes cuestionan que esto pueda ocurrir. No es un asunto que est\u00e9 planeando el gobierno estatal y que se pretenda presentar como iniciativa al Congreso local, como equivocadamente se ha se\u00f1alado; es, simple y llanamente un tema que prev\u00e9n ahora ordenamientos legales como la reci\u00e9n reformada Ley de Coordinaci\u00f3n Fiscal<br \/>En la Exposici\u00f3n de motivos del Decreto por el que se reforman, adicionan y derogan diversas disposiciones de la Ley de Coordinaci\u00f3n Fiscal, puede leerse que con la iniciativa se busca fortalecer la capacidad financiera de los tres \u00f3rdenes de gobierno, a trav\u00e9s de robustecer los incentivos recaudatorios de las entidades federativas y municipios que se otorgan mediante los Fondos de Participaciones Federales.<br \/>Se se\u00f1ala que se pretende apoyar a los municipios del pa\u00eds para alcanzar y mantener finanzas p\u00fablicas sanas, mediante la implementaci\u00f3n de un sistema de est\u00edmulos y esquemas dirigidos a garantizar entre otras cosas el fortalecimiento de la recaudaci\u00f3n del impuesto predial.<br \/>El meollo del asunto est\u00e1 en que en la reforma a la Ley de Coordinaci\u00f3n Fiscal se propone aprovechar las ventajas comparativas y las econom\u00edas de escala de las entidades federativas, a trav\u00e9s de su estructura administrativa y recaudatoria, a fin de que se establezcan medidas que permitan potenciar el cobro del impuesto predial, mediante la firma de convenios entre las entidades federativas y los municipios para la operaci\u00f3n del cobro del impuesto predial con la finalidad de incrementar la eficacia en el mismo.<br \/>Para ello se hicieron modificaciones a la f\u00f3rmula del Fondo de Fomento Municipal con el objeto de incentivar a los municipios para beneficiarse con m\u00e1s fondos a partir de que convengan con los gobiernos de las entidades federativas la administraci\u00f3n de este gravamen.<br \/>As\u00ed, tal cual, rezan las disposiciones aprobadas que establecen una nueva f\u00f3rmula para la distribuci\u00f3n de ese Fondo. La f\u00f3rmula garantiza que las entidades recibir\u00e1n el mismo monto que recibieron en 2013, mientras que el excedente se distribuir\u00e1 en un 70% conforme a los criterios vigentes hasta ese a\u00f1o y el 30% restante, con base en el porcentaje que represente el incremento en la recaudaci\u00f3n del impuesto predial, respecto de la misma en el total de las entidades que \u2013ojo-  tengan la responsabilidad del cobro del tributo en menci\u00f3n.<br \/>Es decir que si se conviene entre un municipio y el gobierno estatal que \u00e9ste administre el predial, el municipio en cuesti\u00f3n ser\u00e1 beneficiado con m\u00e1s recursos. Situaci\u00f3n que es potestad de los gobiernos municipales determinar, si as\u00ed lo autorizan sus cabildos. No es una obligaci\u00f3n y queda al criterio del cuerpo edilicio si desean o no verse beneficiados con mayores recursos del Fondo de Fomento Municipal.  Tan simple como eso. <br \/>Entonces, la confusi\u00f3n y los reclamos de algunos mun\u00edcipes y analistas que se han apresurado a descalificar sin m\u00e1s la posibilidad de que se convenga centralizar la administraci\u00f3n del impuesto predial parten del desconocimiento de lo que el Congreso de la Uni\u00f3n aprob\u00f3 en octubre del a\u00f1o pasado.<br \/>El gobernador Javier Duarte de Ochoa ha precisado que no existe iniciativa alguna para que su gobierno administre el predial y en id\u00e9ntico sentido se han pronunciado legisladores locales y el Presidente de la Comisi\u00f3n de Vigilancia del Congreso local, Francisco Garrido S\u00e1nchez, quien explic\u00f3 en conferencia de prensa que todo este asunto deriva de la reforma a la Ley de Coordinaci\u00f3n Fiscal y que para que la administraci\u00f3n estatal administre ese impuesto se debe suscribir un convenio que es voluntario y que los ayuntamientos que no quieran aumentar sus participaciones por esta v\u00eda continuar\u00e1n como hasta ahora.<br \/>Tan simple como eso. Las descalificaciones, los juicios y las opiniones a la ligera son resultado del desconocimiento y la falta de una lectura acuciosa de temas tan trascendentes para todos como la reforma hacendaria y fiscal. Ni m\u00e1s ni menos.<\/p>\n<p><a href=\"mailto:jecesco@hotmail.com\">jecesco@hotmail.com<\/a> <br \/><a href=\"http:\/\/www.deinterespublico.com\/\">www.deinterespublico.com<\/a> <\/p>\n","protected":false},"excerpt":{"rendered":"<p>Emilio C\u00e1rdenas Escobosa De Inter\u00e9s P\u00fablico En los d\u00edas recientes se ha generado una pol\u00e9mica por la posibilidad de que el Gobierno de Veracruz administre el impuesto predial que cobran los municipios. Se trata de un falso debate que parte de no conocer los contenidos de la Reforma Hacendaria propuesta por el Gobierno de la [&hellip;]<\/p>\n","protected":false},"author":1,"featured_media":0,"comment_status":"open","ping_status":"open","sticky":false,"template":"","format":"standard","meta":{"_jetpack_newsletter_access":"","_jetpack_dont_email_post_to_subs":false,"_jetpack_newsletter_tier_id":0,"_jetpack_memberships_contains_paywalled_content":false,"_jetpack_memberships_contains_paid_content":false,"footnotes":""},"categories":[1],"tags":[],"class_list":["post-2975","post","type-post","status-publish","format-standard","hentry","category-sin-categoria"],"jetpack_featured_media_url":"","jetpack_sharing_enabled":true,"jetpack_shortlink":"https:\/\/wp.me\/p4Qcd3-LZ","_links":{"self":[{"href":"https:\/\/lospoliticosveracruz.com.mx\/index.php?rest_route=\/wp\/v2\/posts\/2975","targetHints":{"allow":["GET"]}}],"collection":[{"href":"https:\/\/lospoliticosveracruz.com.mx\/index.php?rest_route=\/wp\/v2\/posts"}],"about":[{"href":"https:\/\/lospoliticosveracruz.com.mx\/index.php?rest_route=\/wp\/v2\/types\/post"}],"author":[{"embeddable":true,"href":"https:\/\/lospoliticosveracruz.com.mx\/index.php?rest_route=\/wp\/v2\/users\/1"}],"replies":[{"embeddable":true,"href":"https:\/\/lospoliticosveracruz.com.mx\/index.php?rest_route=%2Fwp%2Fv2%2Fcomments&post=2975"}],"version-history":[{"count":0,"href":"https:\/\/lospoliticosveracruz.com.mx\/index.php?rest_route=\/wp\/v2\/posts\/2975\/revisions"}],"wp:attachment":[{"href":"https:\/\/lospoliticosveracruz.com.mx\/index.php?rest_route=%2Fwp%2Fv2%2Fmedia&parent=2975"}],"wp:term":[{"taxonomy":"category","embeddable":true,"href":"https:\/\/lospoliticosveracruz.com.mx\/index.php?rest_route=%2Fwp%2Fv2%2Fcategories&post=2975"},{"taxonomy":"post_tag","embeddable":true,"href":"https:\/\/lospoliticosveracruz.com.mx\/index.php?rest_route=%2Fwp%2Fv2%2Ftags&post=2975"}],"curies":[{"name":"wp","href":"https:\/\/api.w.org\/{rel}","templated":true}]}}