{"id":2977,"date":"2014-03-03T04:53:00","date_gmt":"2014-03-03T04:53:00","guid":{"rendered":"http:\/\/www.lospoliticosveracruz.com.mx\/?p=2977"},"modified":"2014-10-10T03:00:50","modified_gmt":"2014-10-10T03:00:50","slug":"pena-el-superheroe","status":"publish","type":"post","link":"https:\/\/lospoliticosveracruz.com.mx\/?p=2977","title":{"rendered":"Pe\u00f1a, el Superh\u00e9roe"},"content":{"rendered":"<p><b>Brenda Caballero <\/b><i>N\u00fameros Rojos <\/i><\/p>\n<p>La noticia de fin de semana la dio el presidente Kike Pe\u00f1a al manifestar que en el tiempo que le queda de vida (a su administraci\u00f3n) no propondr\u00e1 impuestos nuevos ni aumentar\u00e1 las tasas de los ya existentes. Y es que con esta medida tal parece que el Presidente se tom\u00f3 muy en serio lo de \u201cSalvando a M\u00e9xico\u201d de la edici\u00f3n del 24 de febrero de la revista Time, pues asegura que lo hace para proteger la \u201ceconom\u00eda\u201d de las familias mexicanas y dar certeza a los empresarios extranjeros. Todo un superh\u00e9roe moderno result\u00f3 el \u201cHenry Monster\u201d de Brozo. L\u00e1stima que no haga algo por aumentar los salarios y sigan tan m\u00edseros como siempre. <a name='more'><\/a><br \/>Desde luego que debemos tomar la noticia de manera pol\u00edtica mas no econ\u00f3mica puesto que si el Gobierno necesita m\u00e1s recursos, desde luego que echar\u00e1 la mano de aumentar las tasas o impuestos olvidando la palabra empe\u00f1ada. La historia no me dejar\u00e1 mentir: \u00bfrecuerda cu\u00e1ntos pol\u00edticos en campa\u00f1a han prometido quitar impuestos? <\/p>\n<p>II <br \/>Ayer toc\u00f3 d\u00eda de despensa. Me echo dos billetes a la bolsa y espero hacer milagros con ellos. <br \/>Admito que he cambiado mi manera de comprar. Antes, no ve\u00eda tanto el precio, pues si me pasaba un poco, el tarjetazo m\u00e1gico sal\u00eda a mi rescate. Sin embargo, la situaci\u00f3n econ\u00f3mica actual, hace que mida mi gasto, pues con los nuevos impuestos pago m\u00e1s que antes. <br \/>Tal vez por esa raz\u00f3n abro la calculadora del celular y producto que meto al carrito, lo sumo, redondeando el precio con tal de no tener sorpresas al momento de pagar en la caja. <br \/>Afortunadamente los n\u00fameros no fallan y de mil pesos que llevaba, me sobran 8 pesos, cantidad que proporciono al ni\u00f1o que embols\u00f3 mis productos. <br \/>Veo el ticket final: \u201che contribuido voluntariamente a juerzas\u201d con 45 pesos entre el Impuesto al Valor Agregado (IVA) y el Impuesto Especial de Producci\u00f3n y Servicios (IEPS) \u00bfSer\u00e1 esa la protecci\u00f3n a la que se refiere Superh\u00e9roe Pe\u00f1a? <\/p>\n<p>III <br \/>Un t\u00edtulo del peri\u00f3dico Reforma llama mi atenci\u00f3n: \u201cDa reforma fiscal frutos\u201d y de inmediato se aprecia una gr\u00e1fica de crecimiento real en los meses de enero del a\u00f1o 1999 hasta el 2014, que dice: \u201cA tan s\u00f3lo un mes de vigencia de la reforma fiscal, el Gobierno obtuvo 209 mil millones de pesos en recaudaci\u00f3n\u201d. <br \/>Desde luego que el titular de Hacienda, Luis Videgaray, debe estar feliz, ya que con los nuevos impuestos: ISR (Tasa m\u00e1xima del 35 por ciento de forma personal; 10 por ciento a las ganancias de la bolsa de valores; 10 por ciento sobre dividendos; 30 por ciento sobre la utilidad minera); IVA (16 por ciento al transporte for\u00e1neo; alimentos de mascotas y goma de mascar; la tasa del 16 por ciento aplicada en la regi\u00f3n fronteriza; el 16 por ciento a las maquiladoras sobre la importaci\u00f3n temporal); IEPS (8 por ciento a los alimentos altamente cal\u00f3ricos) as\u00ed como el 7.5 por ciento de derechos a las concesiones mineras, han dado como resultado el crecimiento m\u00e1s alto en 23 a\u00f1os seg\u00fan las propias estad\u00edsticas de la Secretar\u00eda de Hacienda y Cr\u00e9dito P\u00fablico (SHCP). <\/p>\n<div>IV <br \/>Con los datos anteriores correspondientes a la cifra hist\u00f3rica de recaudaci\u00f3n podr\u00edamos decir que realmente Kike Pe\u00f1a es un superh\u00e9roe, que ha logrado recursos que los presidentes anteriores no han podido; sin embargo, realmente no es as\u00ed, ya que la actividad econ\u00f3mica no ha sido positiva y la tasa de desempleo se ha incrementado. <br \/>Luego entonces, todo parece indicar que los mexicanos estamos sacrificando nuestro gasto cotidiano al pagar m\u00e1s impuestos con el mismo sueldo. \u00a1No, pues as\u00ed, cualquiera es superh\u00e9roe! <\/p>\n<p>Email: <a href=\"mailto:caballero_brenda@hotmail.com\">caballero_brenda@hotmail.com<\/a><\/div>\n","protected":false},"excerpt":{"rendered":"<p>Brenda Caballero N\u00fameros Rojos La noticia de fin de semana la dio el presidente Kike Pe\u00f1a al manifestar que en el tiempo que le queda de vida (a su administraci\u00f3n) no propondr\u00e1 impuestos nuevos ni aumentar\u00e1 las tasas de los ya existentes. Y es que con esta medida tal parece que el Presidente se tom\u00f3 [&hellip;]<\/p>\n","protected":false},"author":1,"featured_media":0,"comment_status":"open","ping_status":"open","sticky":false,"template":"","format":"standard","meta":{"_jetpack_newsletter_access":"","_jetpack_dont_email_post_to_subs":false,"_jetpack_newsletter_tier_id":0,"_jetpack_memberships_contains_paywalled_content":false,"_jetpack_memberships_contains_paid_content":false,"footnotes":""},"categories":[1],"tags":[],"class_list":["post-2977","post","type-post","status-publish","format-standard","hentry","category-sin-categoria"],"jetpack_featured_media_url":"","jetpack_sharing_enabled":true,"jetpack_shortlink":"https:\/\/wp.me\/p4Qcd3-M1","_links":{"self":[{"href":"https:\/\/lospoliticosveracruz.com.mx\/index.php?rest_route=\/wp\/v2\/posts\/2977","targetHints":{"allow":["GET"]}}],"collection":[{"href":"https:\/\/lospoliticosveracruz.com.mx\/index.php?rest_route=\/wp\/v2\/posts"}],"about":[{"href":"https:\/\/lospoliticosveracruz.com.mx\/index.php?rest_route=\/wp\/v2\/types\/post"}],"author":[{"embeddable":true,"href":"https:\/\/lospoliticosveracruz.com.mx\/index.php?rest_route=\/wp\/v2\/users\/1"}],"replies":[{"embeddable":true,"href":"https:\/\/lospoliticosveracruz.com.mx\/index.php?rest_route=%2Fwp%2Fv2%2Fcomments&post=2977"}],"version-history":[{"count":0,"href":"https:\/\/lospoliticosveracruz.com.mx\/index.php?rest_route=\/wp\/v2\/posts\/2977\/revisions"}],"wp:attachment":[{"href":"https:\/\/lospoliticosveracruz.com.mx\/index.php?rest_route=%2Fwp%2Fv2%2Fmedia&parent=2977"}],"wp:term":[{"taxonomy":"category","embeddable":true,"href":"https:\/\/lospoliticosveracruz.com.mx\/index.php?rest_route=%2Fwp%2Fv2%2Fcategories&post=2977"},{"taxonomy":"post_tag","embeddable":true,"href":"https:\/\/lospoliticosveracruz.com.mx\/index.php?rest_route=%2Fwp%2Fv2%2Ftags&post=2977"}],"curies":[{"name":"wp","href":"https:\/\/api.w.org\/{rel}","templated":true}]}}