{"id":30243,"date":"2017-01-15T22:12:35","date_gmt":"2017-01-16T04:12:35","guid":{"rendered":"http:\/\/www.lospoliticosveracruz.com.mx\/?p=30243"},"modified":"2017-01-15T22:12:35","modified_gmt":"2017-01-16T04:12:35","slug":"priistas-y-feminicidios","status":"publish","type":"post","link":"https:\/\/lospoliticosveracruz.com.mx\/?p=30243","title":{"rendered":"Priistas y feminicidios"},"content":{"rendered":"<p><strong>Brenda Caballero<\/strong><\/p>\n<p><em>N\u00fameros Rojos<\/em><\/p>\n<p>Tal parece que tras bambalinas del PRI, se mueven las mujeres. A nivel nacional corri\u00f3 la versi\u00f3n de que la ex canciller Claudia Ruiz Massieu ocupar\u00eda la Secretar\u00eda General del CEN del PRI en sustituci\u00f3n de Carolina Monroy del Mazo, lugar que alguna vez ocupara su fallecido padre, Jos\u00e9 Francisco Ruiz Massieu. La versi\u00f3n se da despu\u00e9s de que Claudia rechazara la Secretar\u00eda de Educaci\u00f3n y Cultura; sin embargo, mientras unos aseguran que tambi\u00e9n declin\u00f3 la invitaci\u00f3n, otros la ven como una esperanza para que levante el PRI, pues Carolina, del grupo Atlacomulco, parece no abonar mucho al partido, adem\u00e1s de que se le relaciona directamente con el presidente Pe\u00f1a Nieto por ser su prima. Y pues en estos tiempos de malestar social y de cara a las elecciones en el Estado de M\u00e9xico, su permanencia podr\u00eda restar en lugar de sumar.<\/p>\n<p>No s\u00f3lo a nivel nacional hay incertidumbre&#8230; en Veracruz a\u00fan no se decide qui\u00e9n ser\u00e1 el Presidente o Presidenta del PRI, pues no se ponen de acuerdo los grupos internos y los senadores Jos\u00e9 Yunes Zorrilla y H\u00e9ctor Yunes Landa.<\/p>\n<p>Ante tal situaci\u00f3n, se habla de que la decisi\u00f3n podr\u00eda venir directamente del Altiplano, s\u00f3lo que con una modalidad: con la asesor\u00eda de la recientemente nombrada delegada Lorena Mart\u00ednez Rodr\u00edguez, quien no dudo tendr\u00e1 el voto decisivo.<\/p>\n<p>Ya la delegada est\u00e1 haciendo su an\u00e1lisis al reunirse con los grupos internos priistas y las principales asociaciones del Partido.<\/p>\n<p>Por cierto, ser\u00e1 el pr\u00f3ximo mi\u00e9rcoles cuando la asociaci\u00f3n Veracruzanas L\u00edderes de Opini\u00f3n y de Acci\u00f3n (Veloa AC) se re\u00fana en conocido restaurante con Lorena Mart\u00ednez Rodr\u00edguez. Seguramente har\u00e1 declaraciones importantes.<\/p>\n<p><strong>7 Feminicidios En El Primer Mes Del Nuevo Gobierno<\/strong><\/p>\n<p>Es preocupante la nota del periodista Miguel \u00c1ngel Le\u00f3n Carmona que publica el <em>portal Al Calor Pol\u00edtico<\/em>, pues se\u00f1ala que pese a la Alerta de G\u00e9nero en el estado y a la mesa de trabajo del secretario de Gobierno Rogelio Franco Cast\u00e1n, en diciembre fueron asesinadas 14 mujeres, teniendo 7 de ellas caracter\u00edsticas de feminicidio.<\/p>\n<p>Su trabajo lo fundamenta en el proyecto encabezado por Estela Casados, \u201cAsesinatos de mujeres y ni\u00f1as por raz\u00f3n de g\u00e9nero. Feminicidios en la Entidad veracruzana\u201d.<\/p>\n<p>A un mes de los sucesos, nadie se ha pronunciado al respecto. \u00bfD\u00f3nde est\u00e1 la titular del Instituto Veracruzano de las Mujeres?<\/p>\n<p><strong>COMER PARA PREVENIR EL C\u00c1NCER<\/strong><\/p>\n<p>En Coatepec sigue la lucha contra el c\u00e1ncer. Recientemente la doctora Rosa Aurora Rizo y la nutri\u00f3loga Martha Elena Pe\u00f1a Lobato, integrantes del grupo de Coatepec, Juntas Venciendo al C\u00e1ncer, que dirige la doctora Rogelia L\u00f3pez Ocampo, llevaron a cabo una pl\u00e1tica dirigida a varias mujeres donde explicaban la Dieta Alcalina para combatir el c\u00e1ncer.<\/p>\n<p>\u00bfPero en qu\u00e9 consiste? Se basa en que el PH de nuestro cuerpo, o lo que es lo mismo, la acidez de nuestro organismo, se mide en escala de 0 al 14. De 0 a 7 es \u00e1cido y de 8 a 14 ser\u00eda alcalino. Para buscar el equilibrio, la dieta alcalina promueve alimentos en 75% de alcalinos y 25 de acidificantes; en pocas palabras, se apuesta por una alimentaci\u00f3n rica en frutas y verduras, disminuyendo carnes rojas y blancas, as\u00ed como l\u00e1cteos. Grasas y az\u00facares excluidos de la dieta.<\/p>\n<p>No est\u00e1 de m\u00e1s prevenir y llevar una dieta sana. Aplique la frase \u00a1coma frutas y verduras!<\/p>\n<p>caballero_brenda@hotmail.com<\/p>\n<p>@NumerosRojos_BC<\/p>\n","protected":false},"excerpt":{"rendered":"<p>Brenda Caballero N\u00fameros Rojos Tal parece que tras bambalinas del PRI, se mueven las mujeres. A nivel nacional corri\u00f3 la versi\u00f3n de que la ex canciller Claudia Ruiz Massieu ocupar\u00eda la Secretar\u00eda General del CEN del PRI en sustituci\u00f3n de Carolina Monroy del Mazo, lugar que alguna vez ocupara su fallecido padre, Jos\u00e9 Francisco Ruiz [&hellip;]<\/p>\n","protected":false},"author":2,"featured_media":0,"comment_status":"open","ping_status":"open","sticky":false,"template":"","format":"standard","meta":{"_jetpack_newsletter_access":"","_jetpack_dont_email_post_to_subs":false,"_jetpack_newsletter_tier_id":0,"_jetpack_memberships_contains_paywalled_content":false,"_jetpack_memberships_contains_paid_content":false,"footnotes":""},"categories":[70],"tags":[3179,5739,139,7108,5340,4883,7182],"class_list":["post-30243","post","type-post","status-publish","format-standard","hentry","category-de-opinion","tag-carolina-monroy-del-mazo","tag-claudia-ruiz-massieu","tag-estela-casados","tag-lorena-martinez-rodriguez","tag-martha-elena-pena-lobato","tag-rogelia-lopez-ocampo","tag-rosa-aurora-rizo"],"jetpack_featured_media_url":"","jetpack_sharing_enabled":true,"jetpack_shortlink":"https:\/\/wp.me\/p4Qcd3-7RN","_links":{"self":[{"href":"https:\/\/lospoliticosveracruz.com.mx\/index.php?rest_route=\/wp\/v2\/posts\/30243","targetHints":{"allow":["GET"]}}],"collection":[{"href":"https:\/\/lospoliticosveracruz.com.mx\/index.php?rest_route=\/wp\/v2\/posts"}],"about":[{"href":"https:\/\/lospoliticosveracruz.com.mx\/index.php?rest_route=\/wp\/v2\/types\/post"}],"author":[{"embeddable":true,"href":"https:\/\/lospoliticosveracruz.com.mx\/index.php?rest_route=\/wp\/v2\/users\/2"}],"replies":[{"embeddable":true,"href":"https:\/\/lospoliticosveracruz.com.mx\/index.php?rest_route=%2Fwp%2Fv2%2Fcomments&post=30243"}],"version-history":[{"count":3,"href":"https:\/\/lospoliticosveracruz.com.mx\/index.php?rest_route=\/wp\/v2\/posts\/30243\/revisions"}],"predecessor-version":[{"id":30253,"href":"https:\/\/lospoliticosveracruz.com.mx\/index.php?rest_route=\/wp\/v2\/posts\/30243\/revisions\/30253"}],"wp:attachment":[{"href":"https:\/\/lospoliticosveracruz.com.mx\/index.php?rest_route=%2Fwp%2Fv2%2Fmedia&parent=30243"}],"wp:term":[{"taxonomy":"category","embeddable":true,"href":"https:\/\/lospoliticosveracruz.com.mx\/index.php?rest_route=%2Fwp%2Fv2%2Fcategories&post=30243"},{"taxonomy":"post_tag","embeddable":true,"href":"https:\/\/lospoliticosveracruz.com.mx\/index.php?rest_route=%2Fwp%2Fv2%2Ftags&post=30243"}],"curies":[{"name":"wp","href":"https:\/\/api.w.org\/{rel}","templated":true}]}}