{"id":30344,"date":"2017-01-19T22:15:25","date_gmt":"2017-01-20T04:15:25","guid":{"rendered":"http:\/\/www.lospoliticosveracruz.com.mx\/?p=30344"},"modified":"2017-01-19T22:15:25","modified_gmt":"2017-01-20T04:15:25","slug":"emilia-e-ivonne","status":"publish","type":"post","link":"https:\/\/lospoliticosveracruz.com.mx\/?p=30344","title":{"rendered":"Emilia e Ivonne"},"content":{"rendered":"<p dir=\"ltr\"><strong>Salvador Mu\u00f1oz<\/strong><\/p>\n<p dir=\"ltr\"><em>Los Pol\u00edticos<\/em><\/p>\n<p dir=\"ltr\">De Perote a Orizaba\u2026 de Emilia a Ivonne. Una de ellas, a trav\u00e9s de la figura de \u201cCandidato Independiente\u201d, buscar\u00e1 la alcald\u00eda de su municipio. La otra, diputada federal, a unos d\u00edas de que anunciara su intenci\u00f3n de ser candidata a la presidencia de la Rep\u00fablica por el PRI, realiz\u00f3 una gira r\u00e1pida por la zona de Orizaba. Ambas, directas, sin ambages ni medias tintas, dicen las cosas como son. Es seguro que ambas damas, en sus justas proporciones y a su debido tiempo, den m\u00e1s tela que cortar en la b\u00fasqueda de sus aspiraciones.<\/p>\n<p dir=\"ltr\">II<\/p>\n<p dir=\"ltr\">Emilia Yunes Su\u00e1rez hace m\u00e1s de 40 a\u00f1os fue presidenta del DIF municipal al acompa\u00f1ar a su esposo (ya difunto) Juan Manuel Vel\u00e1zquez Mora, como alcalde. No hace mucho, cinco o seis a\u00f1os, lo hizo con su hijo Vel\u00e1zquez Yunes. Si bien hubo una diferencia abismal de la primera labor a la segunda, no la amedrent\u00f3 el cambio. Lo curioso es el paso que decide tomar despu\u00e9s de que se lo pidieran amigos, conocidos: ser candidata pero sin partido, por el lado independiente. Cuentan que ante esa petici\u00f3n, respond\u00eda: \u201cpero si yo s\u00f3lo s\u00e9 hacer frijoles\u201d y decidi\u00f3 consultarlo con su hijo Juan Manuel, quien le habr\u00eda comentado: \u201cAh\u00ed s\u00ed lo que t\u00fa digas\u2026 no te puedo ayudar\u201d, y entonces decidi\u00f3 dar el paso bajo una frase que ha repetido durante este tiempo en que recolecta las firmas que el OPLE le pide para cubrir uno de tantos requisitos: \u201cvamos a caminar hasta donde nos alcance\u201d.<\/p>\n<p dir=\"ltr\">III<\/p>\n<p dir=\"ltr\">Quienes caminan a su lado, dicen que hab\u00eda que reunir unas 1 mil 200 firmas, prop\u00f3sito logrado y en tan breve tiempo, que se hicieron el prop\u00f3sito de reunir cinco mil. \u00a1Ojo! porque si se recuerda, Paul Mart\u00ednez Marie gana la alcald\u00eda con 12 mil 700 votos.<\/p>\n<p dir=\"ltr\">Cuentan que ya platic\u00f3 con su hijo respecto a esta etapa a la que pretende entrar, pues si bien es parte de una familia pol\u00edtica, ella nunca se ha considerado como tal; aunque no se sabe a\u00fan si ya lo hizo con su hermano mayor, don Pepe Yunes Su\u00e1rez, a quien guarda cari\u00f1o y respeto. \u00bfY su sobrino Pepe, el senador? \u00a1Qui\u00e9n sabe!<\/p>\n<p dir=\"ltr\">Do\u00f1a Emilita, como se le conoce, est\u00e1 entusiasmada en esta faceta. La disfruta. Incluso, percibe en la gente un cambio radical en la forma de ver a la pol\u00edtica\u2026 m\u00e1s cuando le ha tocado vivirlo y verlo: la gente hoy busca opciones pero ya no quiere al pol\u00edtico en su casa, tan es as\u00ed, que hoy prefieren poner pegotes o mantas de advertencia, similares a las que se ponen para las visitas de otras religiones: \u201cEn este hogar estamos con Emilita\u201d.<\/p>\n<p dir=\"ltr\">\u00bfEmilita? Bueno, a\u00fan no saben sin \u00e9se ser\u00e1 el nombre que use en la boleta o los apellidos, pues ambos son marca registrada en la zona de Perote.<\/p>\n<p dir=\"ltr\"><strong>Ivonne Ortega le pedalea<\/strong><\/p>\n<p dir=\"ltr\">A la pregunta de una reportera, si el pueblo, si M\u00e9xico estaba preparado para ser gobernado por una mujer, Ivonne Ortega Pacheco no tuvo empacho en responder: \u201cQu\u00e9 pena que lo pregunte una mujer\u2026 la capacidad no tiene que ver con ser hombre o mujer\u201d.<\/p>\n<p dir=\"ltr\">Por ah\u00ed hubo otro que pregunt\u00f3 qu\u00e9 hab\u00eda hecho con su bono navide\u00f1o (el que origin\u00f3 que un grupo arrojara tomates a C\u00e9sar Camacho) y lo par\u00f3 en seco con la respuesta: \u201cLo rechac\u00e9 por escrito\u201d.<\/p>\n<p dir=\"ltr\">Eso, podr\u00edamos decir, fue uno de los pasajes que vivi\u00f3 la diputada federal en Orizaba pero el m\u00e1s interesante fue el que le toc\u00f3 vivir en San Jos\u00e9 Pilanc\u00f3n, comunidad de Mariano Escobedo.<\/p>\n<p dir=\"ltr\">All\u00ed, en ese lugar, hab\u00eda un vivero de pinos\u2026 al parecer fue abandonado. En compa\u00f1\u00eda de Elvia Ruiz y Sandra Soto, entre otras damas, Ivonne Ortega lleg\u00f3. Habl\u00f3 con sus habitantes, con sus mujeres, de ideas y proyectos, de la deforestaci\u00f3n, del Pico de Orizaba, del medio ambiente y de la necesidad de sembrar \u00e1rboles. Fue entonces que Juan, un ni\u00f1o que se abri\u00f3 paso entre los presentes, empujando una vieja bicicleta de una sola rueda, alz\u00f3 la mano y le dijo que contara con su apoyo para hoyar, para sembrar pinos. La sinceridad y \u00e1nimo de Juan se llev\u00f3 las palmas de la gente y por supuesto, de Ivonne Ortega, quien vio que Juan hablaba en serio, tanto que sembraron juntos unos pinos.<\/p>\n<p dir=\"ltr\">Ivonne Ortega espera pronto regresar a Veracruz, pero dej\u00f3 los cimientos para rescatar el vivero de San Jos\u00e9 Pilanc\u00f3n: Juan lo ha de cuidar\u2026 y con una bici nueva \u00a1se la gan\u00f3!<\/p>\n<p><a href=\"http:\/\/www.lospoliticosveracruz.com.mx\/wp-content\/uploads\/2017\/01\/uf.jpeg\"><img loading=\"lazy\" decoding=\"async\" class=\"aligncenter size-full wp-image-30343\" src=\"http:\/\/www.lospoliticosveracruz.com.mx\/wp-content\/uploads\/2017\/01\/uf.jpeg\" alt=\"uf\" width=\"600\" height=\"409\" \/><\/a><\/p>\n<p dir=\"ltr\"><a href=\"mailto:smcainito@gmail.com\" target=\"_blank\">smcainito@gmail.com<\/a><\/p>\n","protected":false},"excerpt":{"rendered":"<p>Salvador Mu\u00f1oz Los Pol\u00edticos De Perote a Orizaba\u2026 de Emilia a Ivonne. Una de ellas, a trav\u00e9s de la figura de \u201cCandidato Independiente\u201d, buscar\u00e1 la alcald\u00eda de su municipio. La otra, diputada federal, a unos d\u00edas de que anunciara su intenci\u00f3n de ser candidata a la presidencia de la Rep\u00fablica por el PRI, realiz\u00f3 una [&hellip;]<\/p>\n","protected":false},"author":2,"featured_media":0,"comment_status":"open","ping_status":"open","sticky":false,"template":"","format":"standard","meta":{"_jetpack_newsletter_access":"","_jetpack_dont_email_post_to_subs":false,"_jetpack_newsletter_tier_id":0,"_jetpack_memberships_contains_paywalled_content":false,"_jetpack_memberships_contains_paid_content":false,"footnotes":""},"categories":[70],"tags":[6954,6950,5176],"class_list":["post-30344","post","type-post","status-publish","format-standard","hentry","category-de-opinion","tag-candidaturas-independientes","tag-emilia-yunes-suarez","tag-ivonne-ortega"],"jetpack_featured_media_url":"","jetpack_sharing_enabled":true,"jetpack_shortlink":"https:\/\/wp.me\/p4Qcd3-7Tq","_links":{"self":[{"href":"https:\/\/lospoliticosveracruz.com.mx\/index.php?rest_route=\/wp\/v2\/posts\/30344","targetHints":{"allow":["GET"]}}],"collection":[{"href":"https:\/\/lospoliticosveracruz.com.mx\/index.php?rest_route=\/wp\/v2\/posts"}],"about":[{"href":"https:\/\/lospoliticosveracruz.com.mx\/index.php?rest_route=\/wp\/v2\/types\/post"}],"author":[{"embeddable":true,"href":"https:\/\/lospoliticosveracruz.com.mx\/index.php?rest_route=\/wp\/v2\/users\/2"}],"replies":[{"embeddable":true,"href":"https:\/\/lospoliticosveracruz.com.mx\/index.php?rest_route=%2Fwp%2Fv2%2Fcomments&post=30344"}],"version-history":[{"count":2,"href":"https:\/\/lospoliticosveracruz.com.mx\/index.php?rest_route=\/wp\/v2\/posts\/30344\/revisions"}],"predecessor-version":[{"id":30347,"href":"https:\/\/lospoliticosveracruz.com.mx\/index.php?rest_route=\/wp\/v2\/posts\/30344\/revisions\/30347"}],"wp:attachment":[{"href":"https:\/\/lospoliticosveracruz.com.mx\/index.php?rest_route=%2Fwp%2Fv2%2Fmedia&parent=30344"}],"wp:term":[{"taxonomy":"category","embeddable":true,"href":"https:\/\/lospoliticosveracruz.com.mx\/index.php?rest_route=%2Fwp%2Fv2%2Fcategories&post=30344"},{"taxonomy":"post_tag","embeddable":true,"href":"https:\/\/lospoliticosveracruz.com.mx\/index.php?rest_route=%2Fwp%2Fv2%2Ftags&post=30344"}],"curies":[{"name":"wp","href":"https:\/\/api.w.org\/{rel}","templated":true}]}}