{"id":3039,"date":"2014-02-17T03:31:00","date_gmt":"2014-02-17T03:31:00","guid":{"rendered":"http:\/\/www.lospoliticosveracruz.com.mx\/?p=3039"},"modified":"2014-10-10T03:00:54","modified_gmt":"2014-10-10T03:00:54","slug":"duarte-proceso-y-gina","status":"publish","type":"post","link":"https:\/\/lospoliticosveracruz.com.mx\/?p=3039","title":{"rendered":"Duarte, Proceso y Gina"},"content":{"rendered":"<p><b>Salvador Mu\u00f1oz<\/b><br \/><i>Los Pol\u00edticos<\/i><\/p>\n<p>La noticia de la ma\u00f1ana del domingo bien pudiera haber sido la revista Proceso al llevar en portada al gobernador Javier Duarte de Ochoa bajo el siguiente t\u00edtulo: Veracruz: Estado sin Ley. Pero no\u2026 no lo fue\u2026<br \/>Desde mi punto de vista creo que la noticia fue la reacci\u00f3n. \u00bfPor qu\u00e9? Por los comentarios que despert\u00f3 en las redes sociales la portada de Proceso. Se los comento y entrecomillo y a la vez me reservo el nombre de las personas que lo dijeron al no contar con su autorizaci\u00f3n para hacerlos p\u00fablicos:<\/p>\n<p>* \u201cProceso de esta semana. C\u00f3mprenlo pronto porque lo van a recoger\u201d.<a name='more'><\/a><\/p>\n<p>* \u201cProceso de ma\u00f1ana domingo\u2026 ojal\u00e1 no se acabe\u201d.<\/p>\n<p>* \u201cMa\u00f1ana confiscan Proceso en Veracruz; yo ya ped\u00ed a M\u00e9xico que me apartaran un ejemplar\u2026\u201d<\/p>\n<p>* \u201cRevista Proceso 1946, que seguramente ser\u00e1 acaparada por gobierno estatal\u201d.<\/p>\n<p>* \u201cQu\u00e9 bien que no se consum\u00f3 la censura (ante la foto de una lectora con Proceso)\u201d<\/p>\n<p>* \u201cLa censura m\u00e1s fuerte es en Xalapa\u201d<\/p>\n<p>Y una serie de comentarios que van desde la relaci\u00f3n con el crimen organizado hasta insultos por la apariencia de Javier Duarte y de refil\u00f3n, la sugerencia para crear autodefensas. Yo me quedo con esta \u00faltima: \u201cYa no queda mucho del Javier Duarte de hace 3 \u00f3 4 a\u00f1os\u2026\u201d y abro un par\u00e9ntesis sup\u00e9rfluo que se puede saltar hasta su cierre:<\/p>\n<p>(\u00bfHa notado que baj\u00f3 de peso el Gobernador? Si checa la foto de la portada de Proceso con el m\u00e1s reciente acto oficial del fin de semana, podr\u00e1 verlo. Pero no crea el lector que se debe a las constantes preocupaciones que tiene el mandatario estatal ante los hechos recientes, pasados y futuros que tiene que enfrentar y que no lo dejan dormir\u2026 no; tampoco porque est\u00e9 pensando en la paradoja de ver c\u00f3mo en la mayor\u00eda de los peri\u00f3dicos impresos y televisi\u00f3n abierta es adorado y puesto como el m\u00e1s freg\u00f3n de los gobernadores que ha tenido la historia de Veracruz y en las redes sociales sencillamente es despedazado\u2026 mucho menos porque ya le cay\u00f3 el veinte que la salud tambi\u00e9n es pol\u00edtica y si Gina, Nemi Dib, Harry Grappa \u00a1vamos! hasta Manuel de Le\u00f3n Maza han bajado cantidad de kilos, se ve\u00eda mal que sus subordinados est\u00e9n delgados y \u00e9l no. La verdad es que se desconoce las razones que lo obligan a bajar de peso pero si hubiera que escoger una de las tres citadas arriba, m\u00e1s f\u00e1cil ser\u00eda la \u00faltima\u2026<br \/>El asunto es c\u00f3mo est\u00e1 bajando de peso\u2026 aseguran sus cercanos colaboradores que son constantes los mareos (cuasi desmayos) que ha tenido recientemente y que es seguro que se deban a su intenci\u00f3n de bajar de peso. Conste: puse \u201cintenci\u00f3n\u201d y no \u201cdieta\u201d.<br \/>Y es que hay la sospecha de que est\u00e9 en manos del medicamento milagro que hace que las se\u00f1oras cuerpos de uva, como la misma Erika Ayala, bajen kilos en un dos por tres, con algo de dieta y ejercicio pero son esos dos ingredientes, dieta y ejercicio, los que no est\u00e1 siguiendo al pie de la letra el mandatario. La medicina milagro es Redotex. Por eso me llam\u00f3 la atenci\u00f3n esa frase: \u201cYa no queda mucho del Javier Duarte de hace 3 \u00f3 4 a\u00f1os\u2026\u201d S\u00ed, yo le veo menos panza\u2026 pero igual de ajeno a la realidad)<\/p>\n<p>Volviendo al tema, la percepci\u00f3n que dejan los comentarios respecto a la portada de Proceso es preocupante por algunos puntos que cito:<br \/>a) Censura.<br \/>b) Bloqueo.<br \/>c) Gina Dom\u00ednguez.<br \/>En el punto A, la percepci\u00f3n que tienen los webonautas (que navegan en la web) es que no todas las noticias son puestas al p\u00fablico para su conocimiento y a la vez, discernimiento.<br \/>En el punto B, creen que determinadas revistas que \u201catentan\u201d contra la imagen del Gobierno estatal son recogidas de los expendios de revistas. Hace poco, Armando Ortiz (amigo y columnista) hac\u00eda notar que una cantidad de ejemplares del diario Notiver en un puesto de revistas no estaba a la venta porque estaban apartados para un solo comprador y por lo tanto, no pod\u00edan venderlo \u00a1al p\u00fablico!<br \/>El punto C, por consecuencia, se personaliza en la coordinadora de Comunicaci\u00f3n Social del Gobierno estatal, Gina Dom\u00ednguez, a quien suponen, es la que manda a generar los puntos A y B.<br \/>Luego entonces, la noticia dej\u00f3 de ser por un momento el Gobernador en Proceso, para dar paso a Gina, la bloqueadora. Que conste, no se afirma, s\u00f3lo se plasma la percepci\u00f3n que se tiene de su trabajo como Coordinadora de Comunicaci\u00f3n Social de Gobierno del Estado\u2026<br \/>Como sea, haga lo que haga Gina, Amadeo o Berm\u00fadez, por citar algunos, al final, todo repercute en su jefe\u2026 y el pescado, dicen, se pudre por la cabeza aunque se deshaga del cuerpo.<\/p>\n","protected":false},"excerpt":{"rendered":"<p>Salvador Mu\u00f1ozLos Pol\u00edticos La noticia de la ma\u00f1ana del domingo bien pudiera haber sido la revista Proceso al llevar en portada al gobernador Javier Duarte de Ochoa bajo el siguiente t\u00edtulo: Veracruz: Estado sin Ley. Pero no\u2026 no lo fue\u2026Desde mi punto de vista creo que la noticia fue la reacci\u00f3n. \u00bfPor qu\u00e9? Por los [&hellip;]<\/p>\n","protected":false},"author":1,"featured_media":0,"comment_status":"open","ping_status":"open","sticky":false,"template":"","format":"standard","meta":{"_jetpack_newsletter_access":"","_jetpack_dont_email_post_to_subs":false,"_jetpack_newsletter_tier_id":0,"_jetpack_memberships_contains_paywalled_content":false,"_jetpack_memberships_contains_paid_content":false,"footnotes":""},"categories":[1],"tags":[],"class_list":["post-3039","post","type-post","status-publish","format-standard","hentry","category-sin-categoria"],"jetpack_featured_media_url":"","jetpack_sharing_enabled":true,"jetpack_shortlink":"https:\/\/wp.me\/p4Qcd3-N1","_links":{"self":[{"href":"https:\/\/lospoliticosveracruz.com.mx\/index.php?rest_route=\/wp\/v2\/posts\/3039","targetHints":{"allow":["GET"]}}],"collection":[{"href":"https:\/\/lospoliticosveracruz.com.mx\/index.php?rest_route=\/wp\/v2\/posts"}],"about":[{"href":"https:\/\/lospoliticosveracruz.com.mx\/index.php?rest_route=\/wp\/v2\/types\/post"}],"author":[{"embeddable":true,"href":"https:\/\/lospoliticosveracruz.com.mx\/index.php?rest_route=\/wp\/v2\/users\/1"}],"replies":[{"embeddable":true,"href":"https:\/\/lospoliticosveracruz.com.mx\/index.php?rest_route=%2Fwp%2Fv2%2Fcomments&post=3039"}],"version-history":[{"count":0,"href":"https:\/\/lospoliticosveracruz.com.mx\/index.php?rest_route=\/wp\/v2\/posts\/3039\/revisions"}],"wp:attachment":[{"href":"https:\/\/lospoliticosveracruz.com.mx\/index.php?rest_route=%2Fwp%2Fv2%2Fmedia&parent=3039"}],"wp:term":[{"taxonomy":"category","embeddable":true,"href":"https:\/\/lospoliticosveracruz.com.mx\/index.php?rest_route=%2Fwp%2Fv2%2Fcategories&post=3039"},{"taxonomy":"post_tag","embeddable":true,"href":"https:\/\/lospoliticosveracruz.com.mx\/index.php?rest_route=%2Fwp%2Fv2%2Ftags&post=3039"}],"curies":[{"name":"wp","href":"https:\/\/api.w.org\/{rel}","templated":true}]}}